{"id":42492,"date":"2025-05-13T09:52:50","date_gmt":"2025-05-13T06:52:50","guid":{"rendered":"https:\/\/mersinkadingazetesi.com\/?p=42492"},"modified":"2025-05-13T09:52:50","modified_gmt":"2025-05-13T06:52:50","slug":"sehit-ve-gazi-aileleri-buyuksehirin-destegi-ile-piknikte-bir-araya-geldi","status":"publish","type":"post","link":"https:\/\/mersinkadingazetesi.com\/?p=42492","title":{"rendered":"\u015eEH\u0130T VE GAZ\u0130 A\u0130LELER\u0130 B\u00dcY\u00dcK\u015eEH\u0130R&#8217;\u0130N DESTE\u011e\u0130 \u0130LE P\u0130KN\u0130KTE B\u0130R ARAYA GELD\u0130"},"content":{"rendered":"\n<p>Mersin B\u00fcy\u00fck\u015fehir Belediyesi \u015eehit Aileleri ve Gazi Hizmetleri \u015eube M\u00fcd\u00fcrl\u00fc\u011f\u00fc ile T\u00fcrkiye Harp Malul\u00fc Gaziler, \u015eehit Dul ve Yetimleri Derne\u011fi Mersin \u015eubesi i\u015f birli\u011finde,&nbsp;<strong>&#8216;Anneler G\u00fcn\u00fc&#8217;<\/strong>&nbsp;dolay\u0131s\u0131yla \u015fehit ve gazi yak\u0131nlar\u0131n\u0131n kat\u0131ld\u0131\u011f\u0131 piknik etkinli\u011fi d\u00fczenlendi.<\/p>\n\n\n\n<p>Erdemli il\u00e7esine ba\u011fl\u0131 K\u00f6sbucak mevkiinde ger\u00e7ekle\u015fen etkinlikte \u015fehit anneleri ve e\u015fleri ile gazi anneleri ve e\u015fleri, bir araya gelerek kayna\u015fma f\u0131rsat\u0131 yakalarken, zaman zaman da duygusal anlar ya\u015fad\u0131lar. Sosyal Hizmetler Dairesi Ba\u015fkanl\u0131\u011f\u0131 b\u00fcnyesinde ger\u00e7ekle\u015fen etkinlikte Ba\u015fkan Vahap Se\u00e7er&#8217;in sevgi ve selamlar\u0131n\u0131 ileten mektubu okutulurken, \u015fehit anneleri ve e\u015fleri ile gazi anneleri ve e\u015flerine k\u0131rm\u0131z\u0131 karanfil da\u011f\u0131t\u0131ld\u0131.<\/p>\n\n\n\n<p>Birlik ve beraberlik i\u00e7erisinde ge\u00e7en piknikte, aziz \u015fehitlerin an\u0131s\u0131na dua okutuldu. Havan\u0131n da g\u00fczel oldu\u011fu etkinlikte aileler hem moral hem de kayna\u015fma f\u0131rsat\u0131 buldu. Piknikte konuklara yemek ikramlar\u0131 da yap\u0131ld\u0131.&nbsp;&nbsp;<\/p>\n\n\n\n<p><strong>\u015eahin: &#8220;Bu s\u00fcre\u00e7te B\u00fcy\u00fck\u015fehir&#8217;den bir\u00e7ok konuda destek ald\u0131k&#8221;<\/strong><\/p>\n\n\n\n<p>T\u00fcrkiye Harp Malul\u00fc Gaziler, \u015eehit Dul ve Yetimleri Derne\u011fi Mersin \u015eubesi Ba\u015fkan\u0131 ve B\u00fcy\u00fck\u015fehir Belediyesi \u015eehit Aileleri ve Gazi Hizmetleri \u015eube M\u00fcd\u00fcrl\u00fc\u011f\u00fc&#8217;nde g\u00f6rev yapan Halit \u015eahin, Ba\u015fkan Vahap Se\u00e7er&#8217;in destekleri ile bir\u00e7ok engeli ve zorlu\u011fu a\u015ft\u0131klar\u0131n\u0131 s\u00f6yledi. Piknik etkinli\u011fi ile ilgi konu\u015fan \u015eahin,&nbsp;<strong>&#8220;Anneler G\u00fcn\u00fc etkinli\u011fimiz piknik havas\u0131nda, do\u011fal bir ortamda, \u015fehit ve gazi ailelerinin kat\u0131l\u0131m\u0131yla ger\u00e7ekle\u015ftirdi\u011fimiz bir etkinlik oldu. Etkinlikte, kesilen kurban etlerinin pi\u015firilmesiyle yemek ikram\u0131m\u0131z yap\u0131ld\u0131. Bu s\u00fcre\u00e7te B\u00fcy\u00fck\u015fehir&#8217;den bir\u00e7ok konuda destek ald\u0131k. Bundan sonra da bu tarz etkinlikleri yapmaya devam edece\u011fiz&#8221;<\/strong>&nbsp;ifadelerini kulland\u0131.<\/p>\n","protected":false},"excerpt":{"rendered":"<p>Mersin B\u00fcy\u00fck\u015fehir Belediyesi \u015eehit Aileleri ve Gazi Hizmetleri \u015eube M\u00fcd\u00fcrl\u00fc\u011f\u00fc ile T\u00fcrkiye Harp Malul\u00fc Gaziler, \u015eehit Dul ve Yetimleri Derne\u011fi Mersin \u015eubesi i\u015f birli\u011finde,&nbsp;&#8216;Anneler G\u00fcn\u00fc&#8217;&nbsp;dolay\u0131s\u0131yla \u015fehit ve gazi yak\u0131nlar\u0131n\u0131n kat\u0131ld\u0131\u011f\u0131 piknik etkinli\u011fi d\u00fczenlendi. Erdemli il\u00e7esine ba\u011fl\u0131 K\u00f6sbucak mevkiinde ger\u00e7ekle\u015fen etkinlikte \u015fehit anneleri ve e\u015fleri ile gazi anneleri ve e\u015fleri, bir araya gelerek kayna\u015fma f\u0131rsat\u0131 yakalarken, [&hellip;]<\/p>\n","protected":false},"author":2,"featured_media":42493,"comment_status":"closed","ping_status":"closed","sticky":false,"template":"","format":"standard","meta":{"footnotes":""},"categories":[3],"tags":[],"class_list":["post-42492","post","type-post","status-publish","format-standard","has-post-thumbnail","hentry","category-manset"],"views":6,"_links":{"self":[{"href":"https:\/\/mersinkadingazetesi.com\/index.php?rest_route=\/wp\/v2\/posts\/42492"}],"collection":[{"href":"https:\/\/mersinkadingazetesi.com\/index.php?rest_route=\/wp\/v2\/posts"}],"about":[{"href":"https:\/\/mersinkadingazetesi.com\/index.php?rest_route=\/wp\/v2\/types\/post"}],"author":[{"embeddable":true,"href":"https:\/\/mersinkadingazetesi.com\/index.php?rest_route=\/wp\/v2\/users\/2"}],"replies":[{"embeddable":true,"href":"https:\/\/mersinkadingazetesi.com\/index.php?rest_route=%2Fwp%2Fv2%2Fcomments&post=42492"}],"version-history":[{"count":1,"href":"https:\/\/mersinkadingazetesi.com\/index.php?rest_route=\/wp\/v2\/posts\/42492\/revisions"}],"predecessor-version":[{"id":42494,"href":"https:\/\/mersinkadingazetesi.com\/index.php?rest_route=\/wp\/v2\/posts\/42492\/revisions\/42494"}],"wp:featuredmedia":[{"embeddable":true,"href":"https:\/\/mersinkadingazetesi.com\/index.php?rest_route=\/wp\/v2\/media\/42493"}],"wp:attachment":[{"href":"https:\/\/mersinkadingazetesi.com\/index.php?rest_route=%2Fwp%2Fv2%2Fmedia&parent=42492"}],"wp:term":[{"taxonomy":"category","embeddable":true,"href":"https:\/\/mersinkadingazetesi.com\/index.php?rest_route=%2Fwp%2Fv2%2Fcategories&post=42492"},{"taxonomy":"post_tag","embeddable":true,"href":"https:\/\/mersinkadingazetesi.com\/index.php?rest_route=%2Fwp%2Fv2%2Ftags&post=42492"}],"curies":[{"name":"wp","href":"https:\/\/api.w.org\/{rel}","templated":true}]}}