{"id":42495,"date":"2025-05-13T09:54:49","date_gmt":"2025-05-13T06:54:49","guid":{"rendered":"https:\/\/mersinkadingazetesi.com\/?p=42495"},"modified":"2025-05-13T09:54:50","modified_gmt":"2025-05-13T06:54:50","slug":"buyuksehir-sevgi-varsa-engel-yok-diyerek-tum-engelleri-asiyor","status":"publish","type":"post","link":"https:\/\/mersinkadingazetesi.com\/?p=42495","title":{"rendered":"B\u00dcY\u00dcK\u015eEH\u0130R,\u00a0&#8216;SEVG\u0130 VARSA ENGEL YOK&#8217;\u00a0D\u0130YEREK T\u00dcM ENGELLER\u0130 A\u015eIYOR"},"content":{"rendered":"\n<p>Mersin B\u00fcy\u00fck\u015fehir Belediyesi&#8217;nin, Sa\u011fl\u0131k \u0130\u015fleri Dairesi Ba\u015fkanl\u0131\u011f\u0131 b\u00fcnyesinde&nbsp;<strong>&#8220;10-16 May\u0131s Engelliler Haftas\u0131&#8221;<\/strong>&nbsp;dolay\u0131s\u0131yla&nbsp;<strong><em>&#8216;Sevgi Varsa Engel Yok&#8217;<\/em><\/strong>&nbsp;mottosuyla hayata ge\u00e7irdi\u011fi etkinliklerden biri de Palmcity AVM&#8217;de ger\u00e7ekle\u015ftirilen&nbsp;<strong><em>&#8216;Engelsiz Dans ve Ritim G\u00f6sterisi&#8217;<\/em><\/strong>&nbsp;oldu. B\u00fcy\u00fck\u015fehir Belediyesi Bandosu&#8217;nun co\u015fkulu performans\u0131 ile ba\u015flayan etkinlik, Zihinsel Yetersiz \u00c7ocuklar\u0131 Yeti\u015ftirme ve Koruma Vakf\u0131 (Z\u0130\u00c7EV) \u00f6\u011frencilerinin tango g\u00f6sterileri ile devam etti. Lodos \u00d6zel E\u011fitim ve Rehabilitasyon Merkezi \u00f6\u011frencilerinin minik dinletileri ziyaret\u00e7ilerden b\u00fcy\u00fck alk\u0131\u015f toplarken, B\u00fcy\u00fck\u015fehir Belediyesi Engelsiz Ya\u015fam Merkezi \u00f6\u011frencilerinin step danslar\u0131 ise etkinli\u011fe renk katt\u0131.<\/p>\n\n\n\n<p>B\u00fcy\u00fck\u015fehir Belediyesi&#8217;ne ba\u011fl\u0131 Engelsiz Ya\u015fam Park\u0131&#8217;ndan faydalanan \u00f6zel gereksinimli bireylerin sergiledi\u011fi geleneksel dans g\u00f6sterisi de etkinli\u011fin y\u0131ld\u0131z performanslar\u0131ndan birisi olarak haf\u0131zalara kaz\u0131nd\u0131. Etkinlik alan\u0131nda en \u00e7ok ilgi g\u00f6ren b\u00f6l\u00fcmlerden biri de&nbsp;<strong><em>&#8216;En \u00d6zel G\u00f6zlerden Mersin&#8217;<\/em><\/strong>&nbsp;temal\u0131 foto\u011fraf sergisi oldu. Sergide, \u00f6zel bireylerin objektifinden yans\u0131yan Mersin kareleri, ziyaret\u00e7ilerin be\u011fenisini kazand\u0131.<\/p>\n\n\n\n<p><strong>Dr. Atila: &#8220;Engelleri hep birlikte a\u015ft\u0131k ve onlar\u0131n neler ba\u015farabileceklerini g\u00f6rd\u00fck&#8221;<\/strong><\/p>\n\n\n\n<p>Sa\u011fl\u0131k \u0130\u015fleri Dairesi Ba\u015fkan\u0131 Dr. H\u00fclya Atila, Engelliler Haftas\u0131 kapsam\u0131nda 2. g\u00fcn etkinliklerini d\u00fczenlediklerini s\u00f6yleyerek,&nbsp;<strong>&#8220;\u00c7ocuklar\u0131m\u0131z \u00e7ok heyecanl\u0131lard\u0131. Uzun s\u00fcreden beri haz\u0131rland\u0131klar\u0131 bir programd\u0131. Engelleri hep birlikte a\u015ft\u0131k ve onlar\u0131n neler ba\u015fard\u0131\u011f\u0131n\u0131 g\u00f6rd\u00fck. Program ba\u015flamadan \u00f6nce hepsi&nbsp;<em>&#8216;Yapabilecek miyiz?&#8217;<\/em>&nbsp;endi\u015fesi duyarken, onlara&nbsp;<em>&#8216;\u00c7ok haz\u0131rlan\u0131p emek verdiniz, derin bir nefes al\u0131p ben bunu yapabilece\u011fim&#8217;<\/em>&nbsp;deyin demi\u015ftim. Onlar da bunu ba\u015fard\u0131lar ve etkinli\u011fimiz \u00e7ok g\u00fczel ge\u00e7ti. Sergimizde de onlar\u0131n g\u00f6z\u00fcnden Mersin&#8217;e bakt\u0131k. Ger\u00e7ekten Mersin&#8217;i \u00e7ok g\u00fczel g\u00f6r\u00fcyorlar. Etkinliklerimiz hafta boyunca devam edecek&#8221;<\/strong>&nbsp;dedi.<\/p>\n\n\n\n<p><strong>Ziyaret\u00e7ilerden etkinli\u011fe tam not&#8230;<\/strong><\/p>\n\n\n\n<p>Sergiyi ye\u011feni ile birlikte gezen Mustafa Keser,&nbsp;<strong>&#8220;Bu sergide belirli bir g\u00f6z ve kadraj oldu\u011fu \u00e7ok belli oluyor. Bakmak ve g\u00f6rmek aras\u0131ndaki fark foto\u011fraflarda ortaya \u00e7\u0131k\u0131yor ve bunu bize hissettirmi\u015fler. Foto\u011fraflar\u0131 \u00e7ok be\u011fendim. Foto\u011fraflar\u0131 g\u00f6r\u00fcnce sergiyi hemen gezmek istedim. \u00c7ok g\u00fczel kareler var&#8221;<\/strong>&nbsp;dedi.<\/p>\n\n\n\n<p>G\u00f6steriyi izleyen vatanda\u015flardan Edanur Sa\u011flam, b\u00f6yle bir etkinlik d\u00fczenlenmesinden dolay\u0131 gurur duydu\u011funu belirterek,&nbsp;<strong>&#8220;Bu \u015fekilde program yap\u0131lmas\u0131na ve B\u00fcy\u00fck\u015fehir&#8217;in deste\u011fi ile \u00f6zel \u00e7ocuklar\u0131n d\u00fczenli bir \u015fekilde e\u011fitim almalar\u0131ndan \u00e7ok mutlu ve gururluyum. Onlar\u0131n bizden farkl\u0131 olmad\u0131\u011f\u0131n\u0131, umar\u0131m herkes fark eder&#8221;<\/strong>&nbsp;ifadelerini kulland\u0131.<\/p>\n\n\n\n<p>Karde\u015fi de g\u00f6steride yer alan H\u00fcseyin Do\u011fan, \u00f6zel gereksinimli bireyler i\u00e7in etkinli\u011fi \u00e7ok faydal\u0131 buldu\u011funu s\u00f6yleyerek,&nbsp;<strong>&#8220;Hepimizin fark\u0131ndal\u0131klar\u0131n\u0131n artmas\u0131 i\u00e7in yap\u0131lm\u0131\u015f \u00e7ok iyi bir etkinlik. G\u00f6steriler \u00e7ok renkli ve g\u00fczeldi. Anlaml\u0131 bir etkinlikti&#8221;<\/strong>&nbsp;diye konu\u015ftu.<\/p>\n\n\n\n<p>Vatanda\u015flardan Adnan Musto ise,&nbsp;<strong>&#8220;Unutulmamas\u0131 ve hat\u0131rlanmas\u0131 gereken etkinliklerden birisi. B\u00fcy\u00fck\u015fehir Belediye Ba\u015fkan\u0131m\u0131z Vahap Se\u00e7er&#8217;e, engelli bireyleri d\u00fc\u015f\u00fcnd\u00fc\u011f\u00fc i\u00e7in te\u015fekk\u00fcr ederim. Engelli bireyler hat\u0131rlan\u0131p b\u00f6yle g\u00fcndem oldu\u011fu zaman, daha fazla fark\u0131ndal\u0131k olu\u015fur&#8221;<\/strong>&nbsp;s\u00f6zlerine yer verdi.<\/p>\n","protected":false},"excerpt":{"rendered":"<p>Mersin B\u00fcy\u00fck\u015fehir Belediyesi&#8217;nin, Sa\u011fl\u0131k \u0130\u015fleri Dairesi Ba\u015fkanl\u0131\u011f\u0131 b\u00fcnyesinde&nbsp;&#8220;10-16 May\u0131s Engelliler Haftas\u0131&#8221;&nbsp;dolay\u0131s\u0131yla&nbsp;&#8216;Sevgi Varsa Engel Yok&#8217;&nbsp;mottosuyla hayata ge\u00e7irdi\u011fi etkinliklerden biri de Palmcity AVM&#8217;de ger\u00e7ekle\u015ftirilen&nbsp;&#8216;Engelsiz Dans ve Ritim G\u00f6sterisi&#8217;&nbsp;oldu. B\u00fcy\u00fck\u015fehir Belediyesi Bandosu&#8217;nun co\u015fkulu performans\u0131 ile ba\u015flayan etkinlik, Zihinsel Yetersiz \u00c7ocuklar\u0131 Yeti\u015ftirme ve Koruma Vakf\u0131 (Z\u0130\u00c7EV) \u00f6\u011frencilerinin tango g\u00f6sterileri ile devam etti. Lodos \u00d6zel E\u011fitim ve Rehabilitasyon Merkezi \u00f6\u011frencilerinin [&hellip;]<\/p>\n","protected":false},"author":2,"featured_media":42496,"comment_status":"closed","ping_status":"closed","sticky":false,"template":"","format":"standard","meta":{"footnotes":""},"categories":[3],"tags":[],"class_list":["post-42495","post","type-post","status-publish","format-standard","has-post-thumbnail","hentry","category-manset"],"views":6,"_links":{"self":[{"href":"https:\/\/mersinkadingazetesi.com\/index.php?rest_route=\/wp\/v2\/posts\/42495"}],"collection":[{"href":"https:\/\/mersinkadingazetesi.com\/index.php?rest_route=\/wp\/v2\/posts"}],"about":[{"href":"https:\/\/mersinkadingazetesi.com\/index.php?rest_route=\/wp\/v2\/types\/post"}],"author":[{"embeddable":true,"href":"https:\/\/mersinkadingazetesi.com\/index.php?rest_route=\/wp\/v2\/users\/2"}],"replies":[{"embeddable":true,"href":"https:\/\/mersinkadingazetesi.com\/index.php?rest_route=%2Fwp%2Fv2%2Fcomments&post=42495"}],"version-history":[{"count":1,"href":"https:\/\/mersinkadingazetesi.com\/index.php?rest_route=\/wp\/v2\/posts\/42495\/revisions"}],"predecessor-version":[{"id":42497,"href":"https:\/\/mersinkadingazetesi.com\/index.php?rest_route=\/wp\/v2\/posts\/42495\/revisions\/42497"}],"wp:featuredmedia":[{"embeddable":true,"href":"https:\/\/mersinkadingazetesi.com\/index.php?rest_route=\/wp\/v2\/media\/42496"}],"wp:attachment":[{"href":"https:\/\/mersinkadingazetesi.com\/index.php?rest_route=%2Fwp%2Fv2%2Fmedia&parent=42495"}],"wp:term":[{"taxonomy":"category","embeddable":true,"href":"https:\/\/mersinkadingazetesi.com\/index.php?rest_route=%2Fwp%2Fv2%2Fcategories&post=42495"},{"taxonomy":"post_tag","embeddable":true,"href":"https:\/\/mersinkadingazetesi.com\/index.php?rest_route=%2Fwp%2Fv2%2Ftags&post=42495"}],"curies":[{"name":"wp","href":"https:\/\/api.w.org\/{rel}","templated":true}]}}