{"id":42501,"date":"2025-05-13T09:58:28","date_gmt":"2025-05-13T06:58:28","guid":{"rendered":"https:\/\/mersinkadingazetesi.com\/?p=42501"},"modified":"2025-05-13T09:58:28","modified_gmt":"2025-05-13T06:58:28","slug":"dilimizin-zenginlikleri-kapsaminda-duzenlenen-dil-senligi-ayse-ecevit-masal-evinde-renkli-goruntulere-sahne-oldu","status":"publish","type":"post","link":"https:\/\/mersinkadingazetesi.com\/?p=42501","title":{"rendered":"D\u0130L\u0130M\u0130Z\u0130N ZENG\u0130NL\u0130KLER\u0130 KAPSAMINDA D\u00dcZENLENEN &#8220;D\u0130L \u015eENL\u0130\u011e\u0130&#8221;, AY\u015eE ECEV\u0130T MASAL EV\u0130&#8217;NDE RENKL\u0130 G\u00d6R\u00dcNT\u00dcLERE SAHNE OLDU\u00a0"},"content":{"rendered":"\n<p>Bakanl\u0131\u011f\u0131m\u0131z\u0131n &#8220;Dilimizin Zenginlikleri&#8221; projesi kapsam\u0131nda y\u0131l boyunca okullarda d\u00fczenlenen etkinlikler, Ay\u015fe Ecevit Masal Evi&#8217;nde y\u0131l d\u00fczenlenen sonucu \u015fenli\u011fi ile sergilendi. \u015eenlik, dilimizin kal\u0131c\u0131 miras\u0131n\u0131 ve \u00e7e\u015fitlili\u011finin yarat\u0131c\u0131l\u0131\u011f\u0131n\u0131n en derin noktas\u0131na serdi.<\/p>\n\n\n\n<p>\u0130l Mill\u00ee E\u011fitim M\u00fcd\u00fcr\u00fc Fazilet Durmu\u015f&#8217;un kat\u0131ld\u0131\u011f\u0131 etkinli\u011fe, il\u00e7e okullar\u0131m\u0131z\u0131n haz\u0131rlad\u0131\u011f\u0131 posterler ve resimler sergilendi. Minik ellerin dokunu\u015flar\u0131yla hayat bulan ta\u015f boyama kelime m\u0131knat\u0131s stand\u0131, y\u00f6netimin b\u00fcy\u00fck ilgisine dikkat \u00e7ekti. Yazar \u00f6\u011fretmenlerinin piyasaya s\u00fcr\u00fclmesiyle kurulan kitap stand\u0131, \u00f6zg\u00fcn eserlerin tan\u0131t\u0131m\u0131na ev sahipli\u011fi yapt\u0131.<\/p>\n\n\n\n<p>Geleneksel sanatlar\u0131m\u0131z\u0131n da ya\u015fat\u0131ld\u0131\u011f\u0131 etkinlikte, Maarif ve minikler halk oyunlar\u0131n\u0131n sergiledi\u011fi co\u015fkulu g\u00f6steriler, etkinliklerden b\u00fcy\u00fck alk\u0131\u015f ald\u0131. \u00d6\u011frencilerimiz, Dede Korkut, Mevl\u00e2na ve Hac\u0131 Bekta\u015f Veli gibi \u00f6nemli \u015fahsiyetlerimizin karakter canland\u0131rmalar\u0131yla tarihimize \u0131\u015f\u0131k tuttu.<\/p>\n\n\n\n<p>Y\u00f6resel dilimizin g\u00fczelliklerini ayd\u0131nlatan &#8220;Erdemli A\u011fz\u0131&#8221; \u015fiiri ve ard\u0131ndan Ney dinlentisi e\u015fli\u011finde sunulan Yunus Emre \u015fiiri dilimizin zenginliklerini bir kez daha vurgulad\u0131.<\/p>\n\n\n\n<p>\u0130lkokul, ortaokul ve lise i\u00e7in kurulan dil at\u00f6lyeleri ise gen\u00e7lerin dil becerilerini geli\u015ftirmelerine y\u00f6nelik interaktif ve e\u011flenceli etkinlikler sundu.<\/p>\n\n\n\n<p>\u00d6\u011frencilerimizin dilimize olan sevgisini peki\u015ftiren, k\u00fclt\u00fcrel verimlili\u011fimizi ya\u015fatma ve yarat\u0131c\u0131l\u0131\u011f\u0131n\u0131 destekleyen Dilimizin Zenginlikleri Projesi y\u0131lsonu \u015fenli\u011fi \u0130l Mill\u00ee E\u011fitim M\u00fcd\u00fcr\u00fc Fazilet Durmu\u015f, \u0130l Mill\u00ee E\u011fitim M\u00fcd\u00fcr\u00fc Yard\u0131mc\u0131s\u0131 Baykal Ba\u015fdemir, Akdeniz Mill\u00ee E\u011fitim M\u00fcd\u00fcr\u00fc Saim Demir, Mezitli \u0130l\u00e7e Mill\u00ee E\u011fitim M\u00fcd\u00fcr\u00fc Mehmet Badas, Toroslar \u0130l\u00e7e Mill\u00ee E\u011fitim M\u00fcd\u00fcr\u00fc Kaan Aydemir, Yeni\u015fehir \u0130l\u00e7e Mill\u00ee E\u011fitim M\u00fcd\u00fcr\u00fc M.Necmeddin Din\u00e7, yazar, \u00e7ok nitelikli veli ve \u00f6nemlisi kat\u0131ld\u0131.<\/p>\n\n\n\n<p><a href=\"https:\/\/mersin.meb.gov.tr\/meb_iys_dosyalar\/2025_05\/12175312_whatsappimage20250512at16.21.271.jpg\" target=\"_blank\" rel=\"noreferrer noopener\"><\/a><\/p>\n","protected":false},"excerpt":{"rendered":"<p>Bakanl\u0131\u011f\u0131m\u0131z\u0131n &#8220;Dilimizin Zenginlikleri&#8221; projesi kapsam\u0131nda y\u0131l boyunca okullarda d\u00fczenlenen etkinlikler, Ay\u015fe Ecevit Masal Evi&#8217;nde y\u0131l d\u00fczenlenen sonucu \u015fenli\u011fi ile sergilendi. \u015eenlik, dilimizin kal\u0131c\u0131 miras\u0131n\u0131 ve \u00e7e\u015fitlili\u011finin yarat\u0131c\u0131l\u0131\u011f\u0131n\u0131n en derin noktas\u0131na serdi. \u0130l Mill\u00ee E\u011fitim M\u00fcd\u00fcr\u00fc Fazilet Durmu\u015f&#8217;un kat\u0131ld\u0131\u011f\u0131 etkinli\u011fe, il\u00e7e okullar\u0131m\u0131z\u0131n haz\u0131rlad\u0131\u011f\u0131 posterler ve resimler sergilendi. Minik ellerin dokunu\u015flar\u0131yla hayat bulan ta\u015f boyama kelime m\u0131knat\u0131s [&hellip;]<\/p>\n","protected":false},"author":2,"featured_media":42502,"comment_status":"closed","ping_status":"closed","sticky":false,"template":"","format":"standard","meta":{"footnotes":""},"categories":[1],"tags":[],"class_list":["post-42501","post","type-post","status-publish","format-standard","has-post-thumbnail","hentry","category-genel"],"views":6,"_links":{"self":[{"href":"https:\/\/mersinkadingazetesi.com\/index.php?rest_route=\/wp\/v2\/posts\/42501"}],"collection":[{"href":"https:\/\/mersinkadingazetesi.com\/index.php?rest_route=\/wp\/v2\/posts"}],"about":[{"href":"https:\/\/mersinkadingazetesi.com\/index.php?rest_route=\/wp\/v2\/types\/post"}],"author":[{"embeddable":true,"href":"https:\/\/mersinkadingazetesi.com\/index.php?rest_route=\/wp\/v2\/users\/2"}],"replies":[{"embeddable":true,"href":"https:\/\/mersinkadingazetesi.com\/index.php?rest_route=%2Fwp%2Fv2%2Fcomments&post=42501"}],"version-history":[{"count":1,"href":"https:\/\/mersinkadingazetesi.com\/index.php?rest_route=\/wp\/v2\/posts\/42501\/revisions"}],"predecessor-version":[{"id":42503,"href":"https:\/\/mersinkadingazetesi.com\/index.php?rest_route=\/wp\/v2\/posts\/42501\/revisions\/42503"}],"wp:featuredmedia":[{"embeddable":true,"href":"https:\/\/mersinkadingazetesi.com\/index.php?rest_route=\/wp\/v2\/media\/42502"}],"wp:attachment":[{"href":"https:\/\/mersinkadingazetesi.com\/index.php?rest_route=%2Fwp%2Fv2%2Fmedia&parent=42501"}],"wp:term":[{"taxonomy":"category","embeddable":true,"href":"https:\/\/mersinkadingazetesi.com\/index.php?rest_route=%2Fwp%2Fv2%2Fcategories&post=42501"},{"taxonomy":"post_tag","embeddable":true,"href":"https:\/\/mersinkadingazetesi.com\/index.php?rest_route=%2Fwp%2Fv2%2Ftags&post=42501"}],"curies":[{"name":"wp","href":"https:\/\/api.w.org\/{rel}","templated":true}]}}