{"id":42504,"date":"2025-05-13T10:00:18","date_gmt":"2025-05-13T07:00:18","guid":{"rendered":"https:\/\/mersinkadingazetesi.com\/?p=42504"},"modified":"2025-05-13T10:00:19","modified_gmt":"2025-05-13T07:00:19","slug":"akdeniz-belediyespor-kulubu-u-15-futbol-takimi-turkiye-sampiyonasina-gidiyor","status":"publish","type":"post","link":"https:\/\/mersinkadingazetesi.com\/?p=42504","title":{"rendered":"AKDEN\u0130Z BELED\u0130YESPOR KUL\u00dcB\u00dc U-15 FUTBOL TAKIMI T\u00dcRK\u0130YE \u015eAMP\u0130YONASI\u2019NA G\u0130D\u0130YOR"},"content":{"rendered":"\n<p>Akdeniz Belediyespor Kul\u00fcb\u00fc&#8217;n\u00fcn U-15 Futbol Tak\u0131m\u0131, Karaman\u2019da d\u00fczenlenecek olan T\u00fcrkiye \u015eampiyonas\u0131 1. Kademe B\u00f6lge Finalleri\u2019ne kat\u0131lmak \u00fczere 14 May\u0131s \u00c7ar\u015famba g\u00fcn\u00fc Karaman\u2019a hareket edecek.<\/p>\n\n\n\n<p>\u015eampiyona haz\u0131rl\u0131klar\u0131n\u0131 yo\u011fun bir tempoyla s\u00fcrd\u00fcren tak\u0131m\u0131, Akdeniz Kaymakam\u0131 ve Belediye Ba\u015fkan V. Zeyit \u015eener idman s\u0131ras\u0131nda ziyaret etti. Antrenman sahas\u0131nda gen\u00e7 sporcularla bir araya gelen Ba\u015fkan V. \u015eener, teknik heyetten tak\u0131m\u0131n haz\u0131rl\u0131klar\u0131 hakk\u0131nda bilgi ald\u0131 ve sporculara ba\u015far\u0131lar dileyerek moral verdi.<\/p>\n\n\n\n<p>Akdeniz Kaymakam\u0131 ve Belediye Ba\u015flan V. Zeyit \u015eener, ziyarette yapt\u0131\u011f\u0131 konu\u015fmada sporun gen\u00e7ler \u00fczerindeki olumlu etkilerine de\u011finerek, \u201cSizler il\u00e7emizi ve kul\u00fcb\u00fcm\u00fcz\u00fc en iyi \u015fekilde temsil edeceksiniz. Azminiz ve disiplinli \u00e7al\u0131\u015fman\u0131zla g\u00fczel ba\u015far\u0131lara imza ataca\u011f\u0131n\u0131za inan\u0131yorum. Yolunuz a\u00e7\u0131k olsun,\u201d dedi.<\/p>\n\n\n\n<p>Ba\u015fkan V. \u015eener, bulundu\u011fu grupta 7&#8217;de 7 yaparak liderli\u011fini s\u00fcrd\u00fcren Akdeniz Belediyespor Kul\u00fcb\u00fc U-13 tak\u0131m\u0131n\u0131 da ziyaret ederek ba\u015far\u0131lar diledi.&nbsp;&nbsp;&nbsp;&nbsp;&nbsp;&nbsp;<\/p>\n","protected":false},"excerpt":{"rendered":"<p>Akdeniz Belediyespor Kul\u00fcb\u00fc&#8217;n\u00fcn U-15 Futbol Tak\u0131m\u0131, Karaman\u2019da d\u00fczenlenecek olan T\u00fcrkiye \u015eampiyonas\u0131 1. Kademe B\u00f6lge Finalleri\u2019ne kat\u0131lmak \u00fczere 14 May\u0131s \u00c7ar\u015famba g\u00fcn\u00fc Karaman\u2019a hareket edecek. \u015eampiyona haz\u0131rl\u0131klar\u0131n\u0131 yo\u011fun bir tempoyla s\u00fcrd\u00fcren tak\u0131m\u0131, Akdeniz Kaymakam\u0131 ve Belediye Ba\u015fkan V. Zeyit \u015eener idman s\u0131ras\u0131nda ziyaret etti. Antrenman sahas\u0131nda gen\u00e7 sporcularla bir araya gelen Ba\u015fkan V. \u015eener, teknik heyetten [&hellip;]<\/p>\n","protected":false},"author":2,"featured_media":42505,"comment_status":"closed","ping_status":"closed","sticky":false,"template":"","format":"standard","meta":{"footnotes":""},"categories":[3,10],"tags":[],"class_list":["post-42504","post","type-post","status-publish","format-standard","has-post-thumbnail","hentry","category-manset","category-spor"],"views":6,"_links":{"self":[{"href":"https:\/\/mersinkadingazetesi.com\/index.php?rest_route=\/wp\/v2\/posts\/42504"}],"collection":[{"href":"https:\/\/mersinkadingazetesi.com\/index.php?rest_route=\/wp\/v2\/posts"}],"about":[{"href":"https:\/\/mersinkadingazetesi.com\/index.php?rest_route=\/wp\/v2\/types\/post"}],"author":[{"embeddable":true,"href":"https:\/\/mersinkadingazetesi.com\/index.php?rest_route=\/wp\/v2\/users\/2"}],"replies":[{"embeddable":true,"href":"https:\/\/mersinkadingazetesi.com\/index.php?rest_route=%2Fwp%2Fv2%2Fcomments&post=42504"}],"version-history":[{"count":1,"href":"https:\/\/mersinkadingazetesi.com\/index.php?rest_route=\/wp\/v2\/posts\/42504\/revisions"}],"predecessor-version":[{"id":42506,"href":"https:\/\/mersinkadingazetesi.com\/index.php?rest_route=\/wp\/v2\/posts\/42504\/revisions\/42506"}],"wp:featuredmedia":[{"embeddable":true,"href":"https:\/\/mersinkadingazetesi.com\/index.php?rest_route=\/wp\/v2\/media\/42505"}],"wp:attachment":[{"href":"https:\/\/mersinkadingazetesi.com\/index.php?rest_route=%2Fwp%2Fv2%2Fmedia&parent=42504"}],"wp:term":[{"taxonomy":"category","embeddable":true,"href":"https:\/\/mersinkadingazetesi.com\/index.php?rest_route=%2Fwp%2Fv2%2Fcategories&post=42504"},{"taxonomy":"post_tag","embeddable":true,"href":"https:\/\/mersinkadingazetesi.com\/index.php?rest_route=%2Fwp%2Fv2%2Ftags&post=42504"}],"curies":[{"name":"wp","href":"https:\/\/api.w.org\/{rel}","templated":true}]}}