{"id":42510,"date":"2025-05-13T12:44:37","date_gmt":"2025-05-13T09:44:37","guid":{"rendered":"https:\/\/mersinkadingazetesi.com\/?p=42510"},"modified":"2025-05-13T12:44:37","modified_gmt":"2025-05-13T09:44:37","slug":"teknik-kurul-toplantimizi-gerceklestirdik","status":"publish","type":"post","link":"https:\/\/mersinkadingazetesi.com\/?p=42510","title":{"rendered":"Teknik Kurul Toplant\u0131m\u0131z\u0131 Ger\u00e7ekle\u015ftirdik"},"content":{"rendered":"\n<p>Mersin Orman B\u00f6lge M\u00fcd\u00fcrl\u00fc\u011f\u00fc ile Do\u011fu Akdeniz Ormanc\u0131l\u0131k Ara\u015ft\u0131rma Enstit\u00fcs\u00fc M\u00fcd\u00fcrl\u00fc\u011f\u00fc, ormanc\u0131l\u0131k alan\u0131nda ara\u015ft\u0131r\u0131lmas\u0131 istenen konular\u0131n belirlenmesine y\u00f6nelik bir toplant\u0131 ger\u00e7ekle\u015ftirdi.<\/p>\n\n\n\n<p>Toplant\u0131ya, Mersin Orman B\u00f6lge M\u00fcd\u00fcr\u00fc Rifat Ata\u015f, Enstit\u00fc M\u00fcd\u00fcr\u00fc Mustafa Albayrak, Mersin Orman B\u00f6lge M\u00fcd\u00fcr Yard\u0131mc\u0131lar\u0131 Mehmet Fulin ve Ya\u015far Yaman Sa\u011flam, \u015fube m\u00fcd\u00fcrleri, ba\u015fm\u00fchendisler ve kurum m\u00fchendisleri kat\u0131ld\u0131.<\/p>\n\n\n\n<p>A\u00e7\u0131l\u0131\u015f konu\u015fmalar\u0131 ve tan\u0131t\u0131m sunumunun ard\u0131ndan, 2025 y\u0131l\u0131 itibar\u0131yla devam eden ve yeni ba\u015flat\u0131lan ara\u015ft\u0131rma projeleri hakk\u0131nda bilgi payla\u015f\u0131m\u0131 yap\u0131ld\u0131. Ayr\u0131ca yeni al\u0131nan, sonu\u00e7lanan ve devam eden projeler ile di\u011fer \u00e7al\u0131\u015fmalar kapsam\u0131nda y\u00fcr\u00fct\u00fclen ara\u015ft\u0131rmalar ve biten projelerin sonu\u00e7 raporlar\u0131 de\u011ferlendirilerek, devam eden projelerin safahat\u0131 hakk\u0131nda bilgi verilip, ara\u015ft\u0131rmaya konu olacak yeni projelerde g\u00f6r\u00fc\u015f, d\u00fc\u015f\u00fcnce ve \u00f6nerilere yer verildi.<\/p>\n\n\n\n<p>Teknik Kurulda b\u00f6lgemiz, ormanc\u0131l\u0131\u011f\u0131m\u0131z ve \u00fclkemiz ad\u0131na eme\u011fi ge\u00e7en herkese te\u015fekk\u00fcr ederiz.<\/p>\n","protected":false},"excerpt":{"rendered":"<p>Mersin Orman B\u00f6lge M\u00fcd\u00fcrl\u00fc\u011f\u00fc ile Do\u011fu Akdeniz Ormanc\u0131l\u0131k Ara\u015ft\u0131rma Enstit\u00fcs\u00fc M\u00fcd\u00fcrl\u00fc\u011f\u00fc, ormanc\u0131l\u0131k alan\u0131nda ara\u015ft\u0131r\u0131lmas\u0131 istenen konular\u0131n belirlenmesine y\u00f6nelik bir toplant\u0131 ger\u00e7ekle\u015ftirdi. Toplant\u0131ya, Mersin Orman B\u00f6lge M\u00fcd\u00fcr\u00fc Rifat Ata\u015f, Enstit\u00fc M\u00fcd\u00fcr\u00fc Mustafa Albayrak, Mersin Orman B\u00f6lge M\u00fcd\u00fcr Yard\u0131mc\u0131lar\u0131 Mehmet Fulin ve Ya\u015far Yaman Sa\u011flam, \u015fube m\u00fcd\u00fcrleri, ba\u015fm\u00fchendisler ve kurum m\u00fchendisleri kat\u0131ld\u0131. A\u00e7\u0131l\u0131\u015f konu\u015fmalar\u0131 ve tan\u0131t\u0131m sunumunun [&hellip;]<\/p>\n","protected":false},"author":2,"featured_media":42511,"comment_status":"closed","ping_status":"closed","sticky":false,"template":"","format":"standard","meta":{"footnotes":""},"categories":[3],"tags":[],"class_list":["post-42510","post","type-post","status-publish","format-standard","has-post-thumbnail","hentry","category-manset"],"views":4,"_links":{"self":[{"href":"https:\/\/mersinkadingazetesi.com\/index.php?rest_route=\/wp\/v2\/posts\/42510"}],"collection":[{"href":"https:\/\/mersinkadingazetesi.com\/index.php?rest_route=\/wp\/v2\/posts"}],"about":[{"href":"https:\/\/mersinkadingazetesi.com\/index.php?rest_route=\/wp\/v2\/types\/post"}],"author":[{"embeddable":true,"href":"https:\/\/mersinkadingazetesi.com\/index.php?rest_route=\/wp\/v2\/users\/2"}],"replies":[{"embeddable":true,"href":"https:\/\/mersinkadingazetesi.com\/index.php?rest_route=%2Fwp%2Fv2%2Fcomments&post=42510"}],"version-history":[{"count":1,"href":"https:\/\/mersinkadingazetesi.com\/index.php?rest_route=\/wp\/v2\/posts\/42510\/revisions"}],"predecessor-version":[{"id":42512,"href":"https:\/\/mersinkadingazetesi.com\/index.php?rest_route=\/wp\/v2\/posts\/42510\/revisions\/42512"}],"wp:featuredmedia":[{"embeddable":true,"href":"https:\/\/mersinkadingazetesi.com\/index.php?rest_route=\/wp\/v2\/media\/42511"}],"wp:attachment":[{"href":"https:\/\/mersinkadingazetesi.com\/index.php?rest_route=%2Fwp%2Fv2%2Fmedia&parent=42510"}],"wp:term":[{"taxonomy":"category","embeddable":true,"href":"https:\/\/mersinkadingazetesi.com\/index.php?rest_route=%2Fwp%2Fv2%2Fcategories&post=42510"},{"taxonomy":"post_tag","embeddable":true,"href":"https:\/\/mersinkadingazetesi.com\/index.php?rest_route=%2Fwp%2Fv2%2Ftags&post=42510"}],"curies":[{"name":"wp","href":"https:\/\/api.w.org\/{rel}","templated":true}]}}