{"id":42516,"date":"2025-05-13T12:46:58","date_gmt":"2025-05-13T09:46:58","guid":{"rendered":"https:\/\/mersinkadingazetesi.com\/?p=42516"},"modified":"2025-05-13T12:46:59","modified_gmt":"2025-05-13T09:46:59","slug":"dogada-spor-sanat-ve-eglence-bulusuyor","status":"publish","type":"post","link":"https:\/\/mersinkadingazetesi.com\/?p=42516","title":{"rendered":"DO\u011eADA SPOR, SANAT VE E\u011eLENCE BULU\u015eUYOR"},"content":{"rendered":"\n<p>Toroslar Belediyesi, 19 May\u0131s Atat\u00fcrk&#8217;\u00fc Anma, Gen\u00e7lik ve Spor Bayram\u0131&#8217;n\u0131 bu y\u0131l co\u015fkulu bir programla kutlayacak. 17-18-19 May\u0131s 2025 tarihleri aras\u0131nda Kayrakke\u015fli Mahallesi&#8217;nde bulunan Garip&#8217;in Yeri Kamp Alan\u0131&#8217;nda ger\u00e7ekle\u015ftirilecek etkinlikler, her ya\u015ftan yurtta\u015fa hitap ediyor.<\/p>\n\n\n\n<p>\u00dc\u00e7 g\u00fcn boyunca s\u00fcrecek \u015fenliklerde do\u011fa y\u00fcr\u00fcy\u00fc\u015flerinden yar\u0131\u015fmalara, at\u00f6lyelerden konserlere kadar pek \u00e7ok etkinlik yer al\u0131yor. Program\u0131n son g\u00fcn\u00fc olan 19 May\u0131s&#8217;ta Toroslar Belediye Ba\u015fkan\u0131 Abdurrahman Y\u0131ld\u0131z da profesyonel da\u011fc\u0131l\u0131k ekibiyle birlikte do\u011fa y\u00fcr\u00fcy\u00fc\u015f\u00fc yapacak.<\/p>\n\n\n\n<p><strong>YILDIZ&#8217;DAN ETK\u0130NL\u0130\u011eE DAVET<\/strong><\/p>\n\n\n\n<p>19 May\u0131s Atat\u00fcrk&#8217;\u00fc Anma, Gen\u00e7lik ve Spor Bayram\u0131&#8217;n\u0131 kutlayan Toroslar Belediye Ba\u015fkan\u0131 Abdurrahman Y\u0131ld\u0131z, &#8220;Gazi Mustafa Kemal Atat\u00fcrk&#8217;\u00fcn 19 May\u0131s 1919&#8217;da Samsun&#8217;a \u00e7\u0131karak yakt\u0131\u011f\u0131 \u00f6zg\u00fcrl\u00fck ve ba\u011f\u0131ms\u0131zl\u0131k me\u015falesi, 106 y\u0131ld\u0131r yolumuzu ayd\u0131nlatmaya devam ediyor. Bu y\u0131l 19 May\u0131s&#8217;\u0131 do\u011fayla i\u00e7 i\u00e7e, toplumsal dayan\u0131\u015fmay\u0131 b\u00fcy\u00fctecek bir ruhla kutlamak istedik. Gen\u00e7lerimizle, \u00e7ocuklar\u0131m\u0131zla, ailelerimizle birlikte e\u011flenece\u011fiz. T\u00fcm halk\u0131m\u0131z\u0131 etkinliklerimize davet ediyoruz&#8221; dedi.<\/p>\n\n\n\n<p><strong>\u0130\u015fte 19 May\u0131s \u015eenlik Program\u0131:<\/strong><\/p>\n\n\n\n<p><strong>17 May\u0131s Cumartesi<\/strong><\/p>\n\n\n\n<p>10:00 \u2013 Xox H\u0131zl\u0131 Olan Kazan\u0131r (\u00d6d\u00fcll\u00fc)<\/p>\n\n\n\n<p>11:00 \u2013 Voleybol Turnuvas\u0131<\/p>\n\n\n\n<p>13:00 \u2013 Ok Atma Yar\u0131\u015fmas\u0131 (\u00d6d\u00fcll\u00fc)<\/p>\n\n\n\n<p>14:00 \u2013 Boyama At\u00f6lyesi<\/p>\n\n\n\n<p>15:00 \u2013 Oryantirik<\/p>\n\n\n\n<p>16:00 \u2013 Do\u011fada Felsefe<\/p>\n\n\n\n<p>17:00 \u2013 Drama At\u00f6lyesi<\/p>\n\n\n\n<p>18:00 \u2013 Ortada S\u0131\u00e7an<\/p>\n\n\n\n<p>20:00 \u2013 Karaoke<\/p>\n\n\n\n<p>21:30 \u2013 Kamp Ate\u015fi, Sohbet, E\u011flence<\/p>\n\n\n\n<p>24:00 \u2013 Kapan\u0131\u015f<\/p>\n\n\n\n<p><strong>18 May\u0131s Pazar<\/strong><\/p>\n\n\n\n<p>10:00 \u2013 Off-Road G\u00f6sterisi<\/p>\n\n\n\n<p>17:00 \u2013 \u00d6d\u00fcl T\u00f6reni (Off-Road)<\/p>\n\n\n\n<p>20:00 \u2013 Grup Anavarza Konseri<\/p>\n\n\n\n<p><strong>19 May\u0131s Pazartesi<\/strong><\/p>\n\n\n\n<p>09:30 \u2013 Mahalle Meydan\u0131ndan Alana Bayraklarla Y\u00fcr\u00fcy\u00fc\u015f<\/p>\n\n\n\n<p>10:15 \u2013 \u0130stiklal Mar\u015f\u0131<\/p>\n\n\n\n<p>10:30 \u2013 Do\u011fa Y\u00fcr\u00fcy\u00fc\u015f\u00fc (Zirve Da\u011fc\u0131l\u0131k E\u015fli\u011finde)<\/p>\n\n\n\n<p>12:00 \u2013 Dart Yar\u0131\u015fmas\u0131 (\u00d6d\u00fcll\u00fc)<\/p>\n\n\n\n<p>13:00 \u2013 Halat \u00c7ekme Yar\u0131\u015fmas\u0131 (\u00d6d\u00fcll\u00fc)<\/p>\n\n\n\n<p>14:00 \u2013 Survivor Parkur Yar\u0131\u015fmas\u0131<\/p>\n\n\n\n<p>16:00 \u2013 Kapan\u0131\u015f<\/p>\n","protected":false},"excerpt":{"rendered":"<p>Toroslar Belediyesi, 19 May\u0131s Atat\u00fcrk&#8217;\u00fc Anma, Gen\u00e7lik ve Spor Bayram\u0131&#8217;n\u0131 bu y\u0131l co\u015fkulu bir programla kutlayacak. 17-18-19 May\u0131s 2025 tarihleri aras\u0131nda Kayrakke\u015fli Mahallesi&#8217;nde bulunan Garip&#8217;in Yeri Kamp Alan\u0131&#8217;nda ger\u00e7ekle\u015ftirilecek etkinlikler, her ya\u015ftan yurtta\u015fa hitap ediyor. \u00dc\u00e7 g\u00fcn boyunca s\u00fcrecek \u015fenliklerde do\u011fa y\u00fcr\u00fcy\u00fc\u015flerinden yar\u0131\u015fmalara, at\u00f6lyelerden konserlere kadar pek \u00e7ok etkinlik yer al\u0131yor. Program\u0131n son g\u00fcn\u00fc olan [&hellip;]<\/p>\n","protected":false},"author":2,"featured_media":42517,"comment_status":"closed","ping_status":"closed","sticky":false,"template":"","format":"standard","meta":{"footnotes":""},"categories":[3],"tags":[],"class_list":["post-42516","post","type-post","status-publish","format-standard","has-post-thumbnail","hentry","category-manset"],"views":8,"_links":{"self":[{"href":"https:\/\/mersinkadingazetesi.com\/index.php?rest_route=\/wp\/v2\/posts\/42516"}],"collection":[{"href":"https:\/\/mersinkadingazetesi.com\/index.php?rest_route=\/wp\/v2\/posts"}],"about":[{"href":"https:\/\/mersinkadingazetesi.com\/index.php?rest_route=\/wp\/v2\/types\/post"}],"author":[{"embeddable":true,"href":"https:\/\/mersinkadingazetesi.com\/index.php?rest_route=\/wp\/v2\/users\/2"}],"replies":[{"embeddable":true,"href":"https:\/\/mersinkadingazetesi.com\/index.php?rest_route=%2Fwp%2Fv2%2Fcomments&post=42516"}],"version-history":[{"count":1,"href":"https:\/\/mersinkadingazetesi.com\/index.php?rest_route=\/wp\/v2\/posts\/42516\/revisions"}],"predecessor-version":[{"id":42518,"href":"https:\/\/mersinkadingazetesi.com\/index.php?rest_route=\/wp\/v2\/posts\/42516\/revisions\/42518"}],"wp:featuredmedia":[{"embeddable":true,"href":"https:\/\/mersinkadingazetesi.com\/index.php?rest_route=\/wp\/v2\/media\/42517"}],"wp:attachment":[{"href":"https:\/\/mersinkadingazetesi.com\/index.php?rest_route=%2Fwp%2Fv2%2Fmedia&parent=42516"}],"wp:term":[{"taxonomy":"category","embeddable":true,"href":"https:\/\/mersinkadingazetesi.com\/index.php?rest_route=%2Fwp%2Fv2%2Fcategories&post=42516"},{"taxonomy":"post_tag","embeddable":true,"href":"https:\/\/mersinkadingazetesi.com\/index.php?rest_route=%2Fwp%2Fv2%2Ftags&post=42516"}],"curies":[{"name":"wp","href":"https:\/\/api.w.org\/{rel}","templated":true}]}}