{"id":42519,"date":"2025-05-13T14:25:14","date_gmt":"2025-05-13T11:25:14","guid":{"rendered":"https:\/\/mersinkadingazetesi.com\/?p=42519"},"modified":"2025-05-13T14:25:29","modified_gmt":"2025-05-13T11:25:29","slug":"akdeniz-belediyesi-personelinden-yangin-tatbikati","status":"publish","type":"post","link":"https:\/\/mersinkadingazetesi.com\/?p=42519","title":{"rendered":"AKDEN\u0130Z BELED\u0130YES\u0130 PERSONEL\u0130NDEN YANGIN TATB\u0130KATI"},"content":{"rendered":"\n<p>Akdeniz Belediyesi taraf\u0131ndan, Sivil Savunma Uzmanlar\u0131 ve belediye personelinin kat\u0131l\u0131m\u0131yla, \u00fc\u00e7 farkl\u0131 hizmet birimine ba\u011fl\u0131 sahada uygulamal\u0131 yang\u0131n ve kurtarma tatbikat\u0131 ger\u00e7ekle\u015ftirildi; g\u00fcn i\u00e7inde personele ayr\u0131ca i\u015f g\u00fcvenli\u011fi e\u011fitimi verildi.<\/p>\n\n\n\n<p>Akdeniz Belediyesi Sivil Savunma \u015eefli\u011fi taraf\u0131ndan; Fen \u0130\u015fleri M\u00fcd\u00fcrl\u00fc\u011f\u00fc Teknik Birimler Sahas\u0131, \u00c7evre Koruma Kontrol M\u00fcd\u00fcrl\u00fc\u011f\u00fc sahas\u0131 ile Park Bah\u00e7eler M\u00fcd\u00fcrl\u00fc\u011f\u00fc fidanl\u0131\u011f\u0131nda ger\u00e7ekle\u015fen tatbikatlarla belediye personeli, olas\u0131 yang\u0131n riskine kar\u015f\u0131 ne yapmas\u0131 gerekti\u011fini uygulamal\u0131 olarak g\u00f6rme ve tatbik etme imk\u00e2n\u0131 buldu. \u0130\u015f g\u00fcvenli\u011fi e\u011fitiminin de verildi\u011fi tatbikatlarda olas\u0131 yang\u0131nlar halinde acil ve do\u011fru m\u00fcdahalenin nas\u0131l olaca\u011f\u0131 ve \u00f6ncelikli yap\u0131lmas\u0131 gerekenler personele anlat\u0131ld\u0131.<\/p>\n\n\n\n<p>Yang\u0131na kar\u015f\u0131 do\u011fru m\u00fcdahale teknikleri uygulamal\u0131 g\u00f6sterildi<\/p>\n\n\n\n<p>Haz\u0131rlanan tatbikat senaryosu gere\u011fince, kapal\u0131 ve a\u00e7\u0131k alanlarda yang\u0131n ba\u015flamas\u0131 halinde \u00f6ncelikli olarak neler yap\u0131lmas\u0131 ve neler yap\u0131lmamas\u0131 gerekti\u011fi a\u00e7\u0131kland\u0131. Bu kapsamda, koruma ekibi, kurtarma ekibi, s\u00f6nd\u00fcrme g\u00f6revlileri ve ilkyard\u0131m ekipleri belirlenip ard\u0131ndan da tatbikata ge\u00e7ildi. Park ve Bah\u00e7eler M\u00fcd\u00fcrl\u00fc\u011f\u00fc fidanl\u0131\u011f\u0131ndaki tatbikatta, senaryo gere\u011fi bina i\u00e7inde duman \u00e7\u0131kar\u0131l\u0131p s\u00f6zl\u00fc olarak \u201cYang\u0131n var!\u201d uyar\u0131s\u0131 verildi. Ard\u0131ndan tatbikatta g\u00f6revlendirilen ekipler odalara girip yaral\u0131lar\u0131 kurtard\u0131. Sonras\u0131nda yang\u0131nda ilk \u00e7\u0131kar\u0131lacak e\u015fyalar d\u0131\u015far\u0131ya \u00e7\u0131kar\u0131ld\u0131. Tatbikat gere\u011fi bo\u015f alanda odunlar tutu\u015fturulup ate\u015f yak\u0131larak yang\u0131n s\u00f6nd\u00fcrme t\u00fcpleriyle do\u011fru m\u00fcdahale teknikleri anlat\u0131ld\u0131.<\/p>\n\n\n\n<p>E\u011fitim ve tatbikatlar devam edecek<\/p>\n\n\n\n<p>B\u00fcy\u00fck ve k\u00fc\u00e7\u00fck \u00e7apl\u0131 yang\u0131nlarda nas\u0131l davran\u0131lmas\u0131, nelerin yap\u0131lmas\u0131 ve nelerin yap\u0131lmamas\u0131 gerekti\u011finin de vurguland\u0131\u011f\u0131 tatbikatlarda; yang\u0131n \u00e7e\u015fitleri, s\u00f6nd\u00fcrme teknikleri ve s\u00f6nd\u00fcr\u00fcc\u00fc kimyasallar hakk\u0131nda bilgi sahibi olan personel de kontroll\u00fc \u00e7\u0131kar\u0131lan ate\u015f \u00fczerinde uygulama yapt\u0131. Akdeniz Belediyesi Sivil Savunma \u015eefli\u011fi; yang\u0131n, deprem ve benzeri afetlere kar\u015f\u0131 belediye personelini e\u011fitmeye; i\u015f g\u00fcvenli\u011fi e\u011fitiminin yan\u0131 s\u0131ra tatbikat ve uygulamal\u0131 e\u011fitimler vermeye&nbsp;devam&nbsp;edecek.<\/p>\n","protected":false},"excerpt":{"rendered":"<p>Akdeniz Belediyesi taraf\u0131ndan, Sivil Savunma Uzmanlar\u0131 ve belediye personelinin kat\u0131l\u0131m\u0131yla, \u00fc\u00e7 farkl\u0131 hizmet birimine ba\u011fl\u0131 sahada uygulamal\u0131 yang\u0131n ve kurtarma tatbikat\u0131 ger\u00e7ekle\u015ftirildi; g\u00fcn i\u00e7inde personele ayr\u0131ca i\u015f g\u00fcvenli\u011fi e\u011fitimi verildi. Akdeniz Belediyesi Sivil Savunma \u015eefli\u011fi taraf\u0131ndan; Fen \u0130\u015fleri M\u00fcd\u00fcrl\u00fc\u011f\u00fc Teknik Birimler Sahas\u0131, \u00c7evre Koruma Kontrol M\u00fcd\u00fcrl\u00fc\u011f\u00fc sahas\u0131 ile Park Bah\u00e7eler M\u00fcd\u00fcrl\u00fc\u011f\u00fc fidanl\u0131\u011f\u0131nda ger\u00e7ekle\u015fen tatbikatlarla belediye [&hellip;]<\/p>\n","protected":false},"author":2,"featured_media":42520,"comment_status":"closed","ping_status":"closed","sticky":false,"template":"","format":"standard","meta":{"footnotes":""},"categories":[3],"tags":[],"class_list":["post-42519","post","type-post","status-publish","format-standard","has-post-thumbnail","hentry","category-manset"],"views":3,"_links":{"self":[{"href":"https:\/\/mersinkadingazetesi.com\/index.php?rest_route=\/wp\/v2\/posts\/42519"}],"collection":[{"href":"https:\/\/mersinkadingazetesi.com\/index.php?rest_route=\/wp\/v2\/posts"}],"about":[{"href":"https:\/\/mersinkadingazetesi.com\/index.php?rest_route=\/wp\/v2\/types\/post"}],"author":[{"embeddable":true,"href":"https:\/\/mersinkadingazetesi.com\/index.php?rest_route=\/wp\/v2\/users\/2"}],"replies":[{"embeddable":true,"href":"https:\/\/mersinkadingazetesi.com\/index.php?rest_route=%2Fwp%2Fv2%2Fcomments&post=42519"}],"version-history":[{"count":1,"href":"https:\/\/mersinkadingazetesi.com\/index.php?rest_route=\/wp\/v2\/posts\/42519\/revisions"}],"predecessor-version":[{"id":42521,"href":"https:\/\/mersinkadingazetesi.com\/index.php?rest_route=\/wp\/v2\/posts\/42519\/revisions\/42521"}],"wp:featuredmedia":[{"embeddable":true,"href":"https:\/\/mersinkadingazetesi.com\/index.php?rest_route=\/wp\/v2\/media\/42520"}],"wp:attachment":[{"href":"https:\/\/mersinkadingazetesi.com\/index.php?rest_route=%2Fwp%2Fv2%2Fmedia&parent=42519"}],"wp:term":[{"taxonomy":"category","embeddable":true,"href":"https:\/\/mersinkadingazetesi.com\/index.php?rest_route=%2Fwp%2Fv2%2Fcategories&post=42519"},{"taxonomy":"post_tag","embeddable":true,"href":"https:\/\/mersinkadingazetesi.com\/index.php?rest_route=%2Fwp%2Fv2%2Ftags&post=42519"}],"curies":[{"name":"wp","href":"https:\/\/api.w.org\/{rel}","templated":true}]}}