{"id":42522,"date":"2025-05-13T14:54:36","date_gmt":"2025-05-13T11:54:36","guid":{"rendered":"https:\/\/mersinkadingazetesi.com\/?p=42522"},"modified":"2025-05-13T14:54:37","modified_gmt":"2025-05-13T11:54:37","slug":"mezitlide-engelliler-haftasi-renkli-etkinliklerle-kutlandi","status":"publish","type":"post","link":"https:\/\/mersinkadingazetesi.com\/?p=42522","title":{"rendered":"MEZ\u0130TL\u0130&#8217;DE ENGELL\u0130LER HAFTASI RENKL\u0130 ETK\u0130NL\u0130KLERLE KUTLANDI"},"content":{"rendered":"\n<p>Mezitli Belediyesi ile Kuyuluk \u00d6zel E\u011fitim Meslek Okulu i\u015fbirli\u011finde, Engelliler Haftas\u0131 kapsam\u0131nda anlaml\u0131 bir etkinlik d\u00fczenlendi. Renkli ve co\u015fkulu anlar\u0131n ya\u015fand\u0131\u011f\u0131 programda \u00f6zel gereksinimli \u00f6\u011frenciler, sergiledikleri m\u00fczik, dans ve \u00e7e\u015fitli g\u00f6sterilerle izleyenlere unutulmaz anlar ya\u015fatt\u0131.<\/p>\n\n\n\n<p>Etkinli\u011fe; Mezitli Belediye Ba\u015fkan\u0131 Ahmet Serkan Tuncer ile birlikte Mezitli Kaymakam\u0131 Turgay G\u00fclen\u00e7, \u0130l\u00e7e Milli E\u011fitim M\u00fcd\u00fcr\u00fc Mehmet Badaz, , mahalle muhtarlar\u0131 ve \u00e7ok say\u0131da vatanda\u015f kat\u0131ld\u0131. Protokol \u00fcyeleri ve kat\u0131l\u0131mc\u0131lar, \u00e7ocuklar\u0131n haz\u0131rlad\u0131\u011f\u0131 g\u00f6sterileri ilgiyle izleyerek onlar\u0131n mutlulu\u011funa ortak oldu.<\/p>\n\n\n\n<p>Program kapsam\u0131nda \u00e7ocuklara pamuk \u015feker ikram\u0131 yap\u0131l\u0131rken, \u00f6\u011frencilerin el eme\u011fiyle haz\u0131rlad\u0131\u011f\u0131 \u00e7e\u015fitli \u00fcr\u00fcnler ve resimler sergilenerek b\u00fcy\u00fck be\u011feni toplad\u0131. Sergiyi gezen protokol \u00fcyeleri, \u00f6zel \u00f6\u011frencilerin ba\u015far\u0131s\u0131n\u0131 takdir etti.<\/p>\n\n\n\n<p>Etkinlikte konu\u015fan Mezitli Belediye Ba\u015fkan\u0131 Ahmet Serkan Tuncer, &#8220;\u00c7ocuklar\u0131m\u0131z\u0131n her zaman yan\u0131nday\u0131z. Engelli bireyler i\u00e7in Mezitli&#8217;yi daha ya\u015fan\u0131labilir bir kent haline getirmek ad\u0131na \u00e7al\u0131\u015fmalar\u0131m\u0131z\u0131 aral\u0131ks\u0131z s\u00fcrd\u00fcrece\u011fiz,&#8221; dedi.<\/p>\n\n\n\n<p>Duygusal ve co\u015fku dolu anlara sahne olan etkinlik, kat\u0131l\u0131mc\u0131lardan tam not ald\u0131.<\/p>\n","protected":false},"excerpt":{"rendered":"<p>Mezitli Belediyesi ile Kuyuluk \u00d6zel E\u011fitim Meslek Okulu i\u015fbirli\u011finde, Engelliler Haftas\u0131 kapsam\u0131nda anlaml\u0131 bir etkinlik d\u00fczenlendi. Renkli ve co\u015fkulu anlar\u0131n ya\u015fand\u0131\u011f\u0131 programda \u00f6zel gereksinimli \u00f6\u011frenciler, sergiledikleri m\u00fczik, dans ve \u00e7e\u015fitli g\u00f6sterilerle izleyenlere unutulmaz anlar ya\u015fatt\u0131. Etkinli\u011fe; Mezitli Belediye Ba\u015fkan\u0131 Ahmet Serkan Tuncer ile birlikte Mezitli Kaymakam\u0131 Turgay G\u00fclen\u00e7, \u0130l\u00e7e Milli E\u011fitim M\u00fcd\u00fcr\u00fc Mehmet Badaz, , [&hellip;]<\/p>\n","protected":false},"author":2,"featured_media":42523,"comment_status":"closed","ping_status":"closed","sticky":false,"template":"","format":"standard","meta":{"footnotes":""},"categories":[3],"tags":[],"class_list":["post-42522","post","type-post","status-publish","format-standard","has-post-thumbnail","hentry","category-manset"],"views":4,"_links":{"self":[{"href":"https:\/\/mersinkadingazetesi.com\/index.php?rest_route=\/wp\/v2\/posts\/42522"}],"collection":[{"href":"https:\/\/mersinkadingazetesi.com\/index.php?rest_route=\/wp\/v2\/posts"}],"about":[{"href":"https:\/\/mersinkadingazetesi.com\/index.php?rest_route=\/wp\/v2\/types\/post"}],"author":[{"embeddable":true,"href":"https:\/\/mersinkadingazetesi.com\/index.php?rest_route=\/wp\/v2\/users\/2"}],"replies":[{"embeddable":true,"href":"https:\/\/mersinkadingazetesi.com\/index.php?rest_route=%2Fwp%2Fv2%2Fcomments&post=42522"}],"version-history":[{"count":1,"href":"https:\/\/mersinkadingazetesi.com\/index.php?rest_route=\/wp\/v2\/posts\/42522\/revisions"}],"predecessor-version":[{"id":42524,"href":"https:\/\/mersinkadingazetesi.com\/index.php?rest_route=\/wp\/v2\/posts\/42522\/revisions\/42524"}],"wp:featuredmedia":[{"embeddable":true,"href":"https:\/\/mersinkadingazetesi.com\/index.php?rest_route=\/wp\/v2\/media\/42523"}],"wp:attachment":[{"href":"https:\/\/mersinkadingazetesi.com\/index.php?rest_route=%2Fwp%2Fv2%2Fmedia&parent=42522"}],"wp:term":[{"taxonomy":"category","embeddable":true,"href":"https:\/\/mersinkadingazetesi.com\/index.php?rest_route=%2Fwp%2Fv2%2Fcategories&post=42522"},{"taxonomy":"post_tag","embeddable":true,"href":"https:\/\/mersinkadingazetesi.com\/index.php?rest_route=%2Fwp%2Fv2%2Ftags&post=42522"}],"curies":[{"name":"wp","href":"https:\/\/api.w.org\/{rel}","templated":true}]}}