{"id":42525,"date":"2025-05-13T14:55:53","date_gmt":"2025-05-13T11:55:53","guid":{"rendered":"https:\/\/mersinkadingazetesi.com\/?p=42525"},"modified":"2025-05-13T14:55:54","modified_gmt":"2025-05-13T11:55:54","slug":"dogal-sit-alani-tescilinin-ardindan-kavuncu-goleti-icin-bir-yonetim-plani-hazirlanacak-midir","status":"publish","type":"post","link":"https:\/\/mersinkadingazetesi.com\/?p=42525","title":{"rendered":"\u201cDo\u011fal sit alan\u0131 tescilinin ard\u0131ndan Kavuncu G\u00f6leti i\u00e7in bir y\u00f6netim plan\u0131 haz\u0131rlanacak m\u0131d\u0131r?\u201d\u00a0"},"content":{"rendered":"\n<p>DEVA Partisi Genel Ba\u015fkan Yard\u0131mc\u0131s\u0131 ve Mersin Milletvekili Mehmet Emin Ekmen,&nbsp;Eski\u015fehir\u2019in G\u00fcny\u00fcz\u00fc il\u00e7esinde yer alan Kavuncu G\u00f6leti ve \u00e7evresinin ba\u015fta flamingolar olmak \u00fczere bir\u00e7ok ku\u015f t\u00fcr\u00fcne ve sucul ekosisteme ev sahipli\u011fi yapan zengin biyolojik \u00e7e\u015fitlili\u011fe sahip olmas\u0131n\u0131 Meclis g\u00fcndemine ta\u015f\u0131d\u0131. \u00c7evre, \u015eehircilik ve \u0130klim De\u011fi\u015fikli\u011fi Bakanl\u0131\u011f\u0131 taraf\u0131ndan y\u00fcr\u00fct\u00fclen \u00e7al\u0131\u015fmalar kapsam\u0131nda, Kavuncu G\u00f6leti\u2019nin do\u011fal sit alan\u0131 olarak tescillenmesi amac\u0131yla \u00f6n de\u011ferlendirme \u00e7al\u0131\u015fmalar\u0131n\u0131n yap\u0131ld\u0131\u011f\u0131n\u0131 ve ekolojik temelli bilimsel ara\u015ft\u0131rma raporunun haz\u0131rland\u0131\u011f\u0131na dikkat \u00e7eken Ekmen, \u201cKavuncu G\u00f6leti ve \u00e7evresinin do\u011fal sit alan\u0131 olarak tescillenmesi s\u00fcrecinde gelinen son a\u015fama nedir? Tescil karar\u0131n\u0131n ilan\u0131 i\u00e7in \u00f6ng\u00f6r\u00fclen takvim ne zamand\u0131r?\u201d diye sordu.<\/p>\n\n\n\n<p><strong>\u2018Kavuncu G\u00f6leti\u2019nin \u00e7evresinde do\u011fall\u0131\u011f\u0131 tehdit eden faaliyetler tespit edilmi\u015f midir?\u2019<\/strong><\/p>\n\n\n\n<p>DEVA Partili Ekmen,&nbsp;\u00c7evre, \u015eehircilik ve \u0130klim De\u011fi\u015fikli\u011fi Bakan\u0131 Kurum\u2019un yan\u0131tlamas\u0131 istemiyle TBMM Ba\u015fkanl\u0131\u011f\u0131na soru \u00f6nergesi verdi. Ekmen, \u201cEski\u015fehir\u2019in G\u00fcny\u00fcz\u00fc il\u00e7esinde yer alan Kavuncu G\u00f6leti ve \u00e7evresi, ba\u015fta flamingolar olmak \u00fczere bir\u00e7ok ku\u015f t\u00fcr\u00fcne ve sucul ekosisteme ev sahipli\u011fi yapan zengin biyolojik \u00e7e\u015fitlili\u011fe sahiptir. Bu y\u00f6n\u00fcyle g\u00f6let, b\u00f6lgesel \u00f6l\u00e7ekte \u00f6nemli bir do\u011fal ya\u015fam alan\u0131 niteli\u011fi ta\u015f\u0131maktad\u0131r. \u00c7evre, \u015eehircilik ve \u0130klim De\u011fi\u015fikli\u011fi Bakanl\u0131\u011f\u0131 taraf\u0131ndan y\u00fcr\u00fct\u00fclen \u00e7al\u0131\u015fmalar kapsam\u0131nda, Kavuncu G\u00f6let\u2019inin do\u011fal sit alan\u0131 olarak tescillenmesi amac\u0131yla \u00f6n de\u011ferlendirme \u00e7al\u0131\u015fmalar\u0131 yap\u0131lm\u0131\u015f ve ekolojik temelli bilimsel ara\u015ft\u0131rma raporu haz\u0131rlanm\u0131\u015ft\u0131r.&nbsp;S\u00f6z konusu raporun, d\u00f6rt mevsimi kapsayan akademik incelemelerle desteklendi\u011fi ve bu do\u011frultuda Eski\u015fehir Tabiat Varl\u0131klar\u0131n\u0131 Koruma B\u00f6lge Komisyonu\u2019na g\u00f6nderildi\u011fi a\u00e7\u0131klanm\u0131\u015ft\u0131r. Bu geli\u015fme olumlu bir ad\u0131m olmakla birlikte b\u00f6lgenin koruma stat\u00fcs\u00fcn\u00fcn hangi zaman dilimi i\u00e7inde kesinlik kazanaca\u011f\u0131, halihaz\u0131rda herhangi bir tehdit alt\u0131nda olup olmad\u0131\u011f\u0131 ve do\u011fal sit alan\u0131 tescilinden sonra nas\u0131l bir koruma planlamas\u0131 y\u00fcr\u00fct\u00fclece\u011fi gibi sorular yan\u0131t beklemektedir\u201d dedi.<\/p>\n\n\n\n<p>Ayr\u0131ca Ekmen, \u201cKavuncu G\u00f6leti gibi ekolojik de\u011feri y\u00fcksek alanlar\u0131n korunmas\u0131 yaln\u0131zca do\u011fal ya\u015fam a\u00e7\u0131s\u0131ndan de\u011fil, ayn\u0131 zamanda b\u00f6lgesel iklim dengesi, yerel tar\u0131m, su kaynaklar\u0131n\u0131n s\u00fcrd\u00fcr\u00fclebilirli\u011fi ve do\u011fa temelli turizm a\u00e7\u0131s\u0131ndan da b\u00fcy\u00fck \u00f6nem ta\u015f\u0131maktad\u0131r\u201d a\u00e7\u0131klamas\u0131nda bulundu.<\/p>\n\n\n\n<p><strong>\u2018Kavuncu G\u00f6leti\u2019nin Ramsar S\u00f6zle\u015fmesi kapsam\u0131nda uluslararas\u0131 koruma stat\u00fcs\u00fc kazanmas\u0131 y\u00f6n\u00fcnde bir giri\u015fimde bulunulmas\u0131 planlanmakta m\u0131d\u0131r?\u2019<\/strong><\/p>\n\n\n\n<p>Mersin Milletvekili Ekmen, Bakan Kurum\u2019a yan\u0131tlamas\u0131 istemiyle verdi\u011fi \u00f6nergede \u015fu sorulara yan\u0131t arad\u0131:<\/p>\n\n\n\n<p>1. &nbsp; &nbsp; &nbsp;Kavuncu G\u00f6leti ve \u00e7evresinin do\u011fal sit alan\u0131 olarak tescillenmesi s\u00fcrecinde gelinen son a\u015fama nedir? Tescil karar\u0131n\u0131n ilan\u0131 i\u00e7in \u00f6ng\u00f6r\u00fclen takvim ne zamand\u0131r?<\/p>\n\n\n\n<p>2. &nbsp; &nbsp; &nbsp;Bakanl\u0131\u011f\u0131n\u0131zca y\u00fcr\u00fct\u00fclen Ekolojik Temelli Bilimsel Ara\u015ft\u0131rma Raporu\u2019nun sonu\u00e7lar\u0131 kamuoyuyla payla\u015f\u0131lm\u0131\u015f m\u0131d\u0131r? Raporun i\u00e7eri\u011fi kamuya a\u00e7\u0131k hale getirilecek midir?<\/p>\n\n\n\n<p>3. &nbsp; &nbsp; &nbsp;Kavuncu G\u00f6leti\u2019nin \u00e7evresinde do\u011fall\u0131\u011f\u0131 tehdit eden faaliyetler (tar\u0131m ila\u00e7lar\u0131, sondaj, yap\u0131la\u015fma, at\u0131k bo\u015falt\u0131m\u0131 vb.) tespit edilmi\u015f midir? Bu tehditlere kar\u015f\u0131 al\u0131nan \u00f6nlemler nelerdir?<\/p>\n\n\n\n<p>4. &nbsp; &nbsp; &nbsp;Do\u011fal sit alan\u0131 tescilinin ard\u0131ndan Kavuncu G\u00f6leti i\u00e7in bir y\u00f6netim plan\u0131 haz\u0131rlanacak m\u0131d\u0131r? Haz\u0131rlanacaksa bu plan\u0131n i\u00e7eri\u011fi ne zaman kamuoyuna duyurulacakt\u0131r?<\/p>\n\n\n\n<p>5. &nbsp; &nbsp; &nbsp;Yerel y\u00f6netimler ve sivil toplum kurulu\u015flar\u0131 ile bu s\u00fcre\u00e7te i\u015f birli\u011fi sa\u011flanmakta m\u0131d\u0131r? Yerel halk\u0131n s\u00fcrece kat\u0131l\u0131m\u0131 i\u00e7in y\u00fcr\u00fct\u00fclen bilgilendirme ve isti\u015fare \u00e7al\u0131\u015fmalar\u0131 nelerdir?<\/p>\n\n\n\n<p>6. &nbsp; &nbsp; &nbsp;Kavuncu G\u00f6leti\u2019nin Ramsar S\u00f6zle\u015fmesi kapsam\u0131nda uluslararas\u0131 koruma stat\u00fcs\u00fc kazanmas\u0131 y\u00f6n\u00fcnde bir giri\u015fimde bulunulmas\u0131 planlanmakta m\u0131d\u0131r?<\/p>\n\n\n\n<p>7. &nbsp; &nbsp; &nbsp;Bakanl\u0131\u011f\u0131n\u0131z taraf\u0131ndan do\u011fal sit alan\u0131 ilan edilen alanlar\u0131n say\u0131s\u0131 ve toplam y\u00fcz\u00f6l\u00e7\u00fcm\u00fc son 5 y\u0131l i\u00e7erisinde nas\u0131l de\u011fi\u015fmi\u015ftir? 2024-2025 d\u00f6neminde yeni ilan edilecek alanlara ili\u015fkin planlamalar nelerdir?<\/p>\n","protected":false},"excerpt":{"rendered":"<p>DEVA Partisi Genel Ba\u015fkan Yard\u0131mc\u0131s\u0131 ve Mersin Milletvekili Mehmet Emin Ekmen,&nbsp;Eski\u015fehir\u2019in G\u00fcny\u00fcz\u00fc il\u00e7esinde yer alan Kavuncu G\u00f6leti ve \u00e7evresinin ba\u015fta flamingolar olmak \u00fczere bir\u00e7ok ku\u015f t\u00fcr\u00fcne ve sucul ekosisteme ev sahipli\u011fi yapan zengin biyolojik \u00e7e\u015fitlili\u011fe sahip olmas\u0131n\u0131 Meclis g\u00fcndemine ta\u015f\u0131d\u0131. \u00c7evre, \u015eehircilik ve \u0130klim De\u011fi\u015fikli\u011fi Bakanl\u0131\u011f\u0131 taraf\u0131ndan y\u00fcr\u00fct\u00fclen \u00e7al\u0131\u015fmalar kapsam\u0131nda, Kavuncu G\u00f6leti\u2019nin do\u011fal sit alan\u0131 [&hellip;]<\/p>\n","protected":false},"author":2,"featured_media":42205,"comment_status":"closed","ping_status":"closed","sticky":false,"template":"","format":"standard","meta":{"footnotes":""},"categories":[3],"tags":[],"class_list":["post-42525","post","type-post","status-publish","format-standard","has-post-thumbnail","hentry","category-manset"],"views":3,"_links":{"self":[{"href":"https:\/\/mersinkadingazetesi.com\/index.php?rest_route=\/wp\/v2\/posts\/42525"}],"collection":[{"href":"https:\/\/mersinkadingazetesi.com\/index.php?rest_route=\/wp\/v2\/posts"}],"about":[{"href":"https:\/\/mersinkadingazetesi.com\/index.php?rest_route=\/wp\/v2\/types\/post"}],"author":[{"embeddable":true,"href":"https:\/\/mersinkadingazetesi.com\/index.php?rest_route=\/wp\/v2\/users\/2"}],"replies":[{"embeddable":true,"href":"https:\/\/mersinkadingazetesi.com\/index.php?rest_route=%2Fwp%2Fv2%2Fcomments&post=42525"}],"version-history":[{"count":1,"href":"https:\/\/mersinkadingazetesi.com\/index.php?rest_route=\/wp\/v2\/posts\/42525\/revisions"}],"predecessor-version":[{"id":42526,"href":"https:\/\/mersinkadingazetesi.com\/index.php?rest_route=\/wp\/v2\/posts\/42525\/revisions\/42526"}],"wp:featuredmedia":[{"embeddable":true,"href":"https:\/\/mersinkadingazetesi.com\/index.php?rest_route=\/wp\/v2\/media\/42205"}],"wp:attachment":[{"href":"https:\/\/mersinkadingazetesi.com\/index.php?rest_route=%2Fwp%2Fv2%2Fmedia&parent=42525"}],"wp:term":[{"taxonomy":"category","embeddable":true,"href":"https:\/\/mersinkadingazetesi.com\/index.php?rest_route=%2Fwp%2Fv2%2Fcategories&post=42525"},{"taxonomy":"post_tag","embeddable":true,"href":"https:\/\/mersinkadingazetesi.com\/index.php?rest_route=%2Fwp%2Fv2%2Ftags&post=42525"}],"curies":[{"name":"wp","href":"https:\/\/api.w.org\/{rel}","templated":true}]}}