{"id":42527,"date":"2025-05-13T15:44:14","date_gmt":"2025-05-13T12:44:14","guid":{"rendered":"https:\/\/mersinkadingazetesi.com\/?p=42527"},"modified":"2025-05-13T15:44:15","modified_gmt":"2025-05-13T12:44:15","slug":"kayan-guven-ve-huzur-ortami-yatirim-uretim-ve-buyumenin-zeminini-olusturur","status":"publish","type":"post","link":"https:\/\/mersinkadingazetesi.com\/?p=42527","title":{"rendered":"KAYAN, \u201cG\u00dcVEN VE HUZUR ORTAMI, YATIRIM, \u00dcRET\u0130M VE B\u00dcY\u00dcMEN\u0130N ZEM\u0130N\u0130N\u0130 OLU\u015eTURUR\u201d"},"content":{"rendered":"\n<p>M\u00dcS\u0130AD Mersin \u015eube Ba\u015fkan\u0131 Mehmet Sait Kayan, T\u00fcrkiye\u2019nin kararl\u0131 bir iradeyle y\u00fcr\u00fctt\u00fc\u011f\u00fc ter\u00f6rle m\u00fccadele s\u00fcrecinde gelinen noktan\u0131n tarihi bir e\u015fik oldu\u011funun belirterek, g\u00fcven ve huzur ortam\u0131n\u0131n yat\u0131r\u0131m, \u00fcretim ve b\u00fcy\u00fcmenin zeminini olu\u015fturaca\u011f\u0131n\u0131n alt\u0131n\u0131 \u00e7izdi.<\/p>\n\n\n\n<p>M\u00fcstakil Sanayici ve \u0130\u015f Adamlar\u0131 Derne\u011fi (M\u00dcS\u0130AD) Mersin \u015eube Ba\u015fkan\u0131 Mehmet Sait Kayan, yaz\u0131l\u0131 bir a\u00e7\u0131klama yaparak T\u00fcrkiye\u2019nin uzun y\u0131llard\u0131r s\u00fcrd\u00fcrd\u00fc\u011f\u00fc ter\u00f6rle m\u00fccadelede ula\u015f\u0131lan bu noktan\u0131n, sadece bir g\u00fcvenlik ba\u015far\u0131s\u0131 de\u011fil; millet\u00e7e bedel \u00f6denerek kazan\u0131lm\u0131\u015f, tarihi ve stratejik de\u011feri y\u00fcksek bir d\u00f6n\u00fcm noktas\u0131 oldu\u011funu vurgulad\u0131. G\u00fcvenli\u011fin kal\u0131c\u0131 hale gelmesinin, \u00fcretimden ihracata, yat\u0131r\u0131mlardan sosyal refaha kadar t\u00fcm dinamikleri do\u011frudan etkileyece\u011fini ifade eden Kayan, \u201cG\u00fcven ve huzur ortam\u0131, yat\u0131r\u0131m, \u00fcretim ve b\u00fcy\u00fcmenin zeminini olu\u015fturur. Bu ba\u015far\u0131, T\u00fcrkiye\u2019nin kalk\u0131nma yolculu\u011funda engellerin bir bir kald\u0131r\u0131ld\u0131\u011f\u0131n\u0131 ve yeni bir d\u00f6nemin kap\u0131s\u0131n\u0131n araland\u0131\u011f\u0131n\u0131 g\u00f6steriyor.\u201d de\u011ferlendirmelerinde bulundu.<\/p>\n\n\n\n<p>\u201cBU TABLOYU FIRSATA D\u00d6N\u00dc\u015eT\u00dcRMEL\u0130Y\u0130Z \u201d<\/p>\n\n\n\n<p>Ekonomik istikrar\u0131n temelinde g\u00fcvenli bir toplumsal yap\u0131 oldu\u011funa dikkat \u00e7eken Kayan, \u201c\u0130\u015f d\u00fcnyas\u0131 i\u00e7in en k\u0131ymetli unsur, \u00f6ng\u00f6r\u00fclebilirliktir. Bug\u00fcn gelinen noktada ter\u00f6rs\u00fcz bir T\u00fcrkiye, g\u00fcvenli bir gelecek perspektifiyle yat\u0131r\u0131mc\u0131n\u0131n \u00f6n\u00fcn\u00fc a\u00e7makta, giri\u015fimcinin cesaretini art\u0131rmaktad\u0131r. Ter\u00f6r\u00fcn g\u00f6lgesinin kalkt\u0131\u011f\u0131 bir zeminde \u00fcretim artar, istihdam geli\u015fir, yat\u0131r\u0131m hacmi b\u00fcy\u00fcr\u201d dedi.<\/p>\n\n\n\n<p>Kayan, bu s\u00fcrecin \u00f6zellikle b\u00f6lgesel kalk\u0131nma a\u00e7\u0131s\u0131ndan da kritik bir e\u015fik oldu\u011funu belirtti. \u201cY\u0131llarca huzurdan ve yat\u0131r\u0131mlardan mahrum b\u0131rak\u0131lm\u0131\u015f alanlar, art\u0131k kalk\u0131nman\u0131n ve \u00fcretimin yeni merkezleri haline gelebilir. Bu tabloyu f\u0131rsata d\u00f6n\u00fc\u015ft\u00fcrmek hepimizin g\u00f6revidir\u201d diye konu\u015ftu.<\/p>\n\n\n\n<p>T\u00fcrkiye\u2019nin uzun s\u00fcredir ekonomik ve siyasi istikrar\u0131yla b\u00f6lgesinde g\u00fc\u00e7l\u00fc bir akt\u00f6r oldu\u011funu hat\u0131rlatan Kayan, bu geli\u015fmenin T\u00fcrkiye\u2019ye duyulan uluslararas\u0131 g\u00fcveni daha da artt\u0131raca\u011f\u0131n\u0131 belirterek, \u201cYat\u0131r\u0131m riski alg\u0131s\u0131n\u0131n d\u00fc\u015ft\u00fc\u011f\u00fc her ortamda sermaye hareketi h\u0131z kazan\u0131r. Art\u0131k T\u00fcrkiye, sadece i\u00e7eride de\u011fil k\u00fcresel \u00f6l\u00e7ekte de yat\u0131r\u0131m a\u00e7\u0131s\u0131ndan daha g\u00fcvenilir, daha \u00f6ng\u00f6r\u00fclebilir ve daha stratejik bir merkez haline gelecektir\u201d \u015feklinde konu\u015ftu.<\/p>\n\n\n\n<p>Sanayiden lojisti\u011fe, teknolojiden enerjiye kadar bir\u00e7ok sekt\u00f6rde yeni f\u0131rsatlar do\u011faca\u011f\u0131na inand\u0131klar\u0131n\u0131 belirten Kayan, \u201cG\u00fcven ortam\u0131, yaln\u0131zca mevcut yap\u0131lar\u0131 g\u00fc\u00e7lendirmekle kalmaz; ayn\u0131 zamanda yeni at\u0131l\u0131mlar\u0131n \u00f6n\u00fcn\u00fc a\u00e7ar. Bu s\u00fcreci iyi okumal\u0131 ve \u00fcretim g\u00fcc\u00fcm\u00fcz\u00fc ileri teknolojiyle bulu\u015fturmal\u0131y\u0131z\u201d ifadelerini kulland\u0131.<\/p>\n\n\n\n<p>S\u00fcrecin arkas\u0131ndaki irade ve eme\u011fe dikkat \u00e7eken Kayan, \u201cBu \u00f6nemli kazan\u0131m, ba\u015fta Say\u0131n Cumhurba\u015fkan\u0131m\u0131z Recep Tayyip Erdo\u011fan\u2019\u0131n liderli\u011fi, devletimizin iradesi ve kahraman g\u00fcvenlik g\u00fc\u00e7lerimizin fedakarl\u0131klar\u0131 sayesinde m\u00fcmk\u00fcn olmu\u015ftur. Aziz \u015fehitlerimizi rahmetle, gazilerimizi minnetle an\u0131yor, s\u00fcre\u00e7te eme\u011fi ge\u00e7en herkese \u015f\u00fckranlar\u0131m\u0131z\u0131 sunuyoruz\u201d dedi.<\/p>\n\n\n\n<p>\u201cM\u00dcS\u0130AD KALKINMA HAMLELER\u0130N\u0130 KARARLILIKLA S\u00dcRD\u00dcRECEK\u201d<\/p>\n\n\n\n<p>M\u00dcS\u0130AD\u2019\u0131n daima ta\u015f\u0131n alt\u0131na elini koyan bir kurum oldu\u011funu vurgulayan Kayan, a\u00e7\u0131klamas\u0131n\u0131 \u015fu s\u00f6zlerle tamamlad\u0131:<\/p>\n\n\n\n<p>\u201cM\u00dcS\u0130AD olarak her zaman oldu\u011fu gibi bug\u00fcn de canla ba\u015fla \u00e7al\u0131\u015fmaya devam edece\u011fiz. \u00dcretimi, ihracat\u0131 ve istihdam\u0131 art\u0131rmak, \u00fclkemizin kalk\u0131nma hamlelerine katk\u0131 sunmak bizim asli g\u00f6revimizdir. \u00dcyelerimiz ile birlikte T\u00fcrkiye\u2019nin her b\u00f6lgesine dokunan kalk\u0131nma hamlelerini kararl\u0131l\u0131kla s\u00fcrd\u00fcrece\u011fiz. Ter\u00f6rs\u00fcz, huzurlu ve g\u00fc\u00e7l\u00fc bir T\u00fcrkiye\u2019nin in\u015fas\u0131nda \u00fczerimize d\u00fc\u015fen t\u00fcm sorumluluklar\u0131 yerine getirmeye haz\u0131r\u0131z.\u201d<\/p>\n\n\n\n<p><\/p>\n","protected":false},"excerpt":{"rendered":"<p>M\u00dcS\u0130AD Mersin \u015eube Ba\u015fkan\u0131 Mehmet Sait Kayan, T\u00fcrkiye\u2019nin kararl\u0131 bir iradeyle y\u00fcr\u00fctt\u00fc\u011f\u00fc ter\u00f6rle m\u00fccadele s\u00fcrecinde gelinen noktan\u0131n tarihi bir e\u015fik oldu\u011funun belirterek, g\u00fcven ve huzur ortam\u0131n\u0131n yat\u0131r\u0131m, \u00fcretim ve b\u00fcy\u00fcmenin zeminini olu\u015fturaca\u011f\u0131n\u0131n alt\u0131n\u0131 \u00e7izdi. M\u00fcstakil Sanayici ve \u0130\u015f Adamlar\u0131 Derne\u011fi (M\u00dcS\u0130AD) Mersin \u015eube Ba\u015fkan\u0131 Mehmet Sait Kayan, yaz\u0131l\u0131 bir a\u00e7\u0131klama yaparak T\u00fcrkiye\u2019nin uzun y\u0131llard\u0131r s\u00fcrd\u00fcrd\u00fc\u011f\u00fc [&hellip;]<\/p>\n","protected":false},"author":2,"featured_media":42528,"comment_status":"closed","ping_status":"closed","sticky":false,"template":"","format":"standard","meta":{"footnotes":""},"categories":[3],"tags":[],"class_list":["post-42527","post","type-post","status-publish","format-standard","has-post-thumbnail","hentry","category-manset"],"views":3,"_links":{"self":[{"href":"https:\/\/mersinkadingazetesi.com\/index.php?rest_route=\/wp\/v2\/posts\/42527"}],"collection":[{"href":"https:\/\/mersinkadingazetesi.com\/index.php?rest_route=\/wp\/v2\/posts"}],"about":[{"href":"https:\/\/mersinkadingazetesi.com\/index.php?rest_route=\/wp\/v2\/types\/post"}],"author":[{"embeddable":true,"href":"https:\/\/mersinkadingazetesi.com\/index.php?rest_route=\/wp\/v2\/users\/2"}],"replies":[{"embeddable":true,"href":"https:\/\/mersinkadingazetesi.com\/index.php?rest_route=%2Fwp%2Fv2%2Fcomments&post=42527"}],"version-history":[{"count":1,"href":"https:\/\/mersinkadingazetesi.com\/index.php?rest_route=\/wp\/v2\/posts\/42527\/revisions"}],"predecessor-version":[{"id":42529,"href":"https:\/\/mersinkadingazetesi.com\/index.php?rest_route=\/wp\/v2\/posts\/42527\/revisions\/42529"}],"wp:featuredmedia":[{"embeddable":true,"href":"https:\/\/mersinkadingazetesi.com\/index.php?rest_route=\/wp\/v2\/media\/42528"}],"wp:attachment":[{"href":"https:\/\/mersinkadingazetesi.com\/index.php?rest_route=%2Fwp%2Fv2%2Fmedia&parent=42527"}],"wp:term":[{"taxonomy":"category","embeddable":true,"href":"https:\/\/mersinkadingazetesi.com\/index.php?rest_route=%2Fwp%2Fv2%2Fcategories&post=42527"},{"taxonomy":"post_tag","embeddable":true,"href":"https:\/\/mersinkadingazetesi.com\/index.php?rest_route=%2Fwp%2Fv2%2Ftags&post=42527"}],"curies":[{"name":"wp","href":"https:\/\/api.w.org\/{rel}","templated":true}]}}