{"id":42530,"date":"2025-05-13T16:50:45","date_gmt":"2025-05-13T13:50:45","guid":{"rendered":"https:\/\/mersinkadingazetesi.com\/?p=42530"},"modified":"2025-05-13T16:50:45","modified_gmt":"2025-05-13T13:50:45","slug":"toroslar-belediyesinden-engelliler-haftasinda-farkindalik-etkinligi","status":"publish","type":"post","link":"https:\/\/mersinkadingazetesi.com\/?p=42530","title":{"rendered":"TOROSLAR BELED\u0130YES\u0130NDEN ENGELL\u0130LER HAFTASI&#8217;NDA FARKINDALIK ETK\u0130NL\u0130\u011e\u0130"},"content":{"rendered":"\n<p>Toroslar Belediyesi taraf\u0131ndan 10-16 May\u0131s Engelliler Haftas\u0131 kapsam\u0131nda Yunus Emre K\u00fclt\u00fcr Merkezi&#8217;nde bir dizi etkinlik d\u00fczenlendi. Etkinlikte konu\u015fan Toroslar Belediye Ba\u015fkan\u0131 Abdurrahman Y\u0131ld\u0131z, &#8220;\u00d6zellikle kamuda y\u00f6netici konumunda olan bizlerin, belediye ba\u015fkanlar\u0131n\u0131n, y\u00f6neticilerin, \u00f6ncelikle kalbimizdeki engelleri kald\u0131rmas\u0131 gerekti\u011fine inan\u0131yorum. G\u00f6z\u00fcm\u00fcz\u00fc kapatarak bu sorunlar\u0131n yok oldu\u011funu varsaymak, sadece kendimizi kand\u0131rmakt\u0131r. Oysa bu sorunlar t\u00fcm ger\u00e7ekli\u011fiyle kar\u015f\u0131m\u0131zda duruyor&#8221; dedi.<\/p>\n\n\n\n<p>Mersin Toroslar Belediyesi, 10-16 May\u0131s Engelliler Haftas\u0131 kapsam\u0131nda engellilerin sorunlar\u0131na dikkat \u00e7ekmek ve fark\u0131ndal\u0131k yaratmak amac\u0131yla \u00f6zel bireyler i\u00e7in anlaml\u0131 etkinliklere ev sahipli\u011fi yap\u0131yor.<\/p>\n\n\n\n<p>Toroslar Belediyesi&#8217;ne ba\u011fl\u0131 Sosyal Destek Hizmetleri M\u00fcd\u00fcrl\u00fc\u011f\u00fc taraf\u0131ndan Yunus Emre K\u00fclt\u00fcr Merkezi&#8217;nde d\u00fczenlenen etkinliklerde \u00f6zel bireylerin sahne performanslar\u0131 b\u00fcy\u00fck be\u011feni toplarken, Toroslar Belediye Ba\u015fkan\u0131 Abdurrahman Y\u0131ld\u0131z da yapt\u0131\u011f\u0131 konu\u015fmayla toplumsal fark\u0131ndal\u0131k \u00e7a\u011fr\u0131s\u0131nda bulundu.<\/p>\n\n\n\n<p><strong>ENGELL\u0130LER\u0130N ZEYBEK OYUNU DUYGULANDIRDI<\/strong><\/p>\n\n\n\n<p>Hafta boyunca \u00e7e\u015fitli etkinliklere sahne olan Yunus Emre K\u00fclt\u00fcr Merkezi&#8217;nde, \u00f6zel bireylerin dans g\u00f6sterileri, m\u00fczik dinletileri, \u015fiir sunumlar\u0131 yer ald\u0131. Kat\u0131l\u0131mc\u0131lara T\u00fcrk halk ve sanat m\u00fczi\u011fi konserleri sunulurken, animasyon g\u00f6sterileri ve DJ performanslar\u0131 da programa renk katt\u0131.<\/p>\n\n\n\n<p><strong>YILDIZ: &#8220;G\u00d6Z\u00dcM\u00dcZ\u00dc KAPATINCA SORUNLAR YOK OLMUYOR&#8221;<\/strong><\/p>\n\n\n\n<p>Etkinlikte konu\u015fan Toroslar Belediye Ba\u015fkan\u0131 Abdurrahman Y\u0131ld\u0131z, engelli bireylerin sadece \u00f6zel g\u00fcnlerde hat\u0131rlanmamas\u0131 gerekti\u011fine vurgu yapt\u0131. T\u00fcrkiye&#8217;de engelli birey oran\u0131n\u0131n Avrupa ortalamas\u0131n\u0131n \u00e7ok \u00fczerinde oldu\u011funu belirten Ba\u015fkan Y\u0131ld\u0131z, \u015fu ifadeleri kulland\u0131:<\/p>\n\n\n\n<p>&#8220;\u00dclkemizde her 100 ki\u015fiden 8&#8217;i engelli. Bu ciddi bir orand\u0131r ve kamu kurumlar\u0131, \u00f6zel sekt\u00f6r ve toplumun tamam\u0131 bu ger\u00e7e\u011fi g\u00f6z ard\u0131 edemez. &#8216;Yasada var, kotam\u0131z\u0131 doldurduk&#8217; diyerek bu sorumluluktan ka\u00e7amay\u0131z. Engelli bireyler de bu \u00fclkenin \u00f6z evlad\u0131. Onlar\u0131n ya\u015fam haklar\u0131, bu \u00fclkenin kaynaklar\u0131ndan e\u015fit \u015fekilde faydalanma hakk\u0131 var.&#8221;<\/p>\n\n\n\n<p><strong>TOPLUMSAL DAYANI\u015eMA \u0130\u00c7\u0130N YEN\u0130 ADIM<\/strong><\/p>\n\n\n\n<p>Toroslar Belediyesi&#8217;nin sadece kendi b\u00fct\u00e7esiyle bu alanda yeterli hizmet veremeyece\u011finin alt\u0131n\u0131 \u00e7izen Ba\u015fkan Y\u0131ld\u0131z, kentte bir vak\u0131f kurarak bu alanda daha g\u00fc\u00e7l\u00fc bir toplumsal dayan\u0131\u015fma a\u011f\u0131 olu\u015fturmay\u0131 hedeflediklerini a\u00e7\u0131klad\u0131. Y\u0131ld\u0131z, bu vakf\u0131n yerel kanaat \u00f6nderleri, i\u015f insanlar\u0131 ve g\u00f6n\u00fcll\u00fc yurtta\u015flarla birlikte \u015fekillendirilece\u011fini belirterek, &#8220;Bu i\u015fi belediye s\u0131n\u0131rlar\u0131n\u0131n d\u0131\u015f\u0131na ta\u015f\u0131mal\u0131, g\u00f6n\u00fcll\u00fc desteklerle b\u00fcy\u00fctmeliyiz. Bu kentte ya\u015fayan insanlar\u0131n kalbinde bir engel olmad\u0131\u011f\u0131n\u0131 biliyorum&#8221; dedi.<\/p>\n\n\n\n<p><strong>&#8220;\u00c7\u00d6Z\u00dcM HEP B\u0130RL\u0130KTE M\u00dcMK\u00dcN&#8221;<\/strong><\/p>\n\n\n\n<p>Konu\u015fmas\u0131n\u0131n sonunda herkesin elini ta\u015f\u0131n alt\u0131na koymas\u0131 gerekti\u011fini vurgulayan Y\u0131ld\u0131z, &#8220;Bu meseleleri sadece belediyelerin \u00e7\u00f6zece\u011fi bir y\u00fck olarak g\u00f6rmek do\u011fru de\u011fil. Merkezi y\u00f6netim, yerel y\u00f6netimler, sivil toplum kurulu\u015flar\u0131 ve halk el birli\u011fiyle hareket etmeli. Kalbimizdeki engeli kald\u0131rmadan fiziksel engelleri kald\u0131ramay\u0131z&#8221; diye konu\u015ftu.<\/p>\n\n\n\n<p><strong>&#8220;ENGELS\u0130Z MERS\u0130N&#8221; \u0130\u00c7\u0130N M\u00dcCADELE VURGUSU&#8221;<\/strong><\/p>\n\n\n\n<p>Ard\u0131ndan konu\u015fan Mersin Kent Konseyi Engelliler Meclisi Ba\u015fkan\u0131 Dursun Arslan, &#8220;Toroslar Belediyesi&#8217;nin d\u00fczenledi\u011fi bu anlaml\u0131 etkinli\u011fe ho\u015f geldiniz. Ben g\u00f6rme engelliyim, sadece y\u00fczde 10 oran\u0131nda g\u00f6rebiliyorum. Burada sizlerin y\u00fcz\u00fcn\u00fc g\u00f6remesem de bu salondaki mutlulu\u011fu, heyecan\u0131 y\u00fcre\u011fimde hissediyorum, ba\u015fkan\u0131m\u0131za \u00e7ok te\u015fekk\u00fcr ediyorum. Bizlerin bir hayali var: Engelsiz Mersin. Biz Mersin&#8217;de engelli bireylerin her t\u00fcrl\u00fc problemini \u00e7\u00f6zmek i\u00e7in Mersin B\u00fcy\u00fck\u015fehir Kent Konseyi olarak m\u00fccadele ediyoruz ve bununla ilgili b\u00fct\u00fcn \u00e7al\u0131\u015fmalar\u0131m\u0131z\u0131 Mersin&#8217;deki Sivil Toplum Kurulu\u015flar\u0131, il\u00e7e belediyelerimiz ile birlikte ger\u00e7ekle\u015ftirmeye \u00e7al\u0131\u015f\u0131yoruz&#8221; diyerek duygular\u0131n\u0131 payla\u015ft\u0131.<\/p>\n\n\n\n<p><strong>16 MAYIS&#8217;TA ETK\u0130NL\u0130KLER DEVAM EDECEK<\/strong><\/p>\n\n\n\n<p>Toroslar Belediyesinin Engelliler Haftas\u0131 Program\u0131, 16 May\u0131s Cuma g\u00fcn\u00fc de devam edecek. Programda; akademisyenler, \u00f6zel e\u011fitim uzmanlar\u0131 ve avukatlar\u0131n kat\u0131laca\u011f\u0131 interaktif bir konferans ger\u00e7ekle\u015fecek. Ard\u0131ndan \u00f6zel gereksinimli yazar, \u015fair ve sporcularla sohbet edilecek. Kitap tan\u0131t\u0131mlar\u0131n\u0131n ard\u0131ndan Fosiller m\u00fczik grubunun sahne almas\u0131yla etkinlik son bulacak.<\/p>\n","protected":false},"excerpt":{"rendered":"<p>Toroslar Belediyesi taraf\u0131ndan 10-16 May\u0131s Engelliler Haftas\u0131 kapsam\u0131nda Yunus Emre K\u00fclt\u00fcr Merkezi&#8217;nde bir dizi etkinlik d\u00fczenlendi. Etkinlikte konu\u015fan Toroslar Belediye Ba\u015fkan\u0131 Abdurrahman Y\u0131ld\u0131z, &#8220;\u00d6zellikle kamuda y\u00f6netici konumunda olan bizlerin, belediye ba\u015fkanlar\u0131n\u0131n, y\u00f6neticilerin, \u00f6ncelikle kalbimizdeki engelleri kald\u0131rmas\u0131 gerekti\u011fine inan\u0131yorum. G\u00f6z\u00fcm\u00fcz\u00fc kapatarak bu sorunlar\u0131n yok oldu\u011funu varsaymak, sadece kendimizi kand\u0131rmakt\u0131r. Oysa bu sorunlar t\u00fcm ger\u00e7ekli\u011fiyle kar\u015f\u0131m\u0131zda duruyor&#8221; [&hellip;]<\/p>\n","protected":false},"author":2,"featured_media":42531,"comment_status":"closed","ping_status":"closed","sticky":false,"template":"","format":"standard","meta":{"footnotes":""},"categories":[3],"tags":[],"class_list":["post-42530","post","type-post","status-publish","format-standard","has-post-thumbnail","hentry","category-manset"],"views":1,"_links":{"self":[{"href":"https:\/\/mersinkadingazetesi.com\/index.php?rest_route=\/wp\/v2\/posts\/42530"}],"collection":[{"href":"https:\/\/mersinkadingazetesi.com\/index.php?rest_route=\/wp\/v2\/posts"}],"about":[{"href":"https:\/\/mersinkadingazetesi.com\/index.php?rest_route=\/wp\/v2\/types\/post"}],"author":[{"embeddable":true,"href":"https:\/\/mersinkadingazetesi.com\/index.php?rest_route=\/wp\/v2\/users\/2"}],"replies":[{"embeddable":true,"href":"https:\/\/mersinkadingazetesi.com\/index.php?rest_route=%2Fwp%2Fv2%2Fcomments&post=42530"}],"version-history":[{"count":1,"href":"https:\/\/mersinkadingazetesi.com\/index.php?rest_route=\/wp\/v2\/posts\/42530\/revisions"}],"predecessor-version":[{"id":42532,"href":"https:\/\/mersinkadingazetesi.com\/index.php?rest_route=\/wp\/v2\/posts\/42530\/revisions\/42532"}],"wp:featuredmedia":[{"embeddable":true,"href":"https:\/\/mersinkadingazetesi.com\/index.php?rest_route=\/wp\/v2\/media\/42531"}],"wp:attachment":[{"href":"https:\/\/mersinkadingazetesi.com\/index.php?rest_route=%2Fwp%2Fv2%2Fmedia&parent=42530"}],"wp:term":[{"taxonomy":"category","embeddable":true,"href":"https:\/\/mersinkadingazetesi.com\/index.php?rest_route=%2Fwp%2Fv2%2Fcategories&post=42530"},{"taxonomy":"post_tag","embeddable":true,"href":"https:\/\/mersinkadingazetesi.com\/index.php?rest_route=%2Fwp%2Fv2%2Ftags&post=42530"}],"curies":[{"name":"wp","href":"https:\/\/api.w.org\/{rel}","templated":true}]}}