{"id":42536,"date":"2025-05-14T10:42:01","date_gmt":"2025-05-14T07:42:01","guid":{"rendered":"https:\/\/mersinkadingazetesi.com\/?p=42536"},"modified":"2025-05-14T10:42:01","modified_gmt":"2025-05-14T07:42:01","slug":"baskan-tuncerden-mezitliye-turizm-ve-yasam-kalitesi-atagi","status":"publish","type":"post","link":"https:\/\/mersinkadingazetesi.com\/?p=42536","title":{"rendered":"BA\u015eKAN TUNCER&#8217;DEN MEZ\u0130TL\u0130&#8217;YE TUR\u0130ZM VE YA\u015eAM KAL\u0130TES\u0130 ATA\u011eI"},"content":{"rendered":"\n<p>Mezitli Belediye Ba\u015fkan\u0131 Ahmet Serkan Tuncer, yaz sezonuna y\u00f6nelik haz\u0131rl\u0131k \u00e7al\u0131\u015fmalar\u0131 kapsam\u0131nda kentte devam eden projeleri yerinde inceledi. Sahil \u015feridi ve \u00e7evresinde yap\u0131lan d\u00fczenlemeleri de\u011ferlendiren Tuncer, Mezitli&#8217;nin hem turizm a\u00e7\u0131s\u0131ndan cazibesini art\u0131rmak hem de halk\u0131n ya\u015fam kalitesini y\u00fckseltmek amac\u0131yla kapsaml\u0131 bir d\u00f6n\u00fc\u015f\u00fcm s\u00fcrecine girdiklerini ifade etti.<\/p>\n\n\n\n<p>Ba\u015fkan Tuncer&#8217;in sahil b\u00f6lgeleriyle Mersin&#8217;in g\u00f6zde il\u00e7elerinden biri olan Mezitli&#8217;de d\u00f6n\u00fc\u015f\u00fcm \u00e7al\u0131\u015fmalar\u0131 son h\u0131z\u0131yla s\u00fcr\u00fcyor.&nbsp; Ba\u015fkan Tuncer, &#8220;Mezitli, Mersin&#8217;in y\u00fckselen de\u011feri. Sahil \u015feridimiz ba\u015fta olmak \u00fczere kent genelinde y\u00fcr\u00fctt\u00fc\u011f\u00fcm\u00fcz \u00e7al\u0131\u015fmalarla Mezitli&#8217;yi daha ya\u015fanabilir, daha modern ve daha \u00e7ekici bir kent haline getirmeyi ama\u00e7l\u0131yoruz. Ekiplerimizle birlikte turizmde \u00f6zellikle sahil b\u00f6lgemizde \u00f6nemli ad\u0131mlar at\u0131yoruz. Soli Pompei Beach Park\u0131&#8217;nda \u00e7al\u0131\u015fmalar\u0131m\u0131zda sona gelindi, bu alanda resmen bir d\u00f6n\u00fc\u015f\u00fcm ger\u00e7ekle\u015ftirdik. Vatanda\u015flar\u0131m\u0131z sosyal donat\u0131larla birlikte daha iyi bir Mezitli&#8217;de ya\u015fayacak. Bunun yan\u0131 s\u0131ra Soli Kent Y\u00fcr\u00fcy\u00fc\u015f Yolu projemizin de \u00e7al\u0131\u015fmalar\u0131 s\u00fcr\u00fcyor, sahil b\u00f6lgemizin neredeyse tamam\u0131nda d\u00fczenlemeler ger\u00e7ekle\u015ftiriliyor.<\/p>\n\n\n\n<p><strong>SOSYAL DONATILARLA SAH\u0130LLER GEL\u0130\u015e\u0130YOR<\/strong><\/p>\n\n\n\n<p>Sahil \u015feridi boyunca planlanan yeni sosyal donat\u0131lar, dinlenme alanlar\u0131, y\u00fcr\u00fcy\u00fc\u015f ve bisiklet yollar\u0131, a\u00e7\u0131k hava spor alanlar\u0131 ve \u00e7ocuk oyun gruplar\u0131 ile Mezitli&#8217;nin ya\u015fam alanlar\u0131 \u00e7e\u015fitleniyor. Ba\u015fkan Tuncer, bu projelerle hem vatanda\u015flar\u0131n hem de turistlerin sahillerden en verimli \u015fekilde faydalanmas\u0131n\u0131 ama\u00e7lad\u0131klar\u0131n\u0131 belirtti.<\/p>\n\n\n\n<p>&#8220;Vatanda\u015flar\u0131m\u0131z art\u0131k sadece denize girmek i\u00e7in de\u011fil, spor yapmak, vakit ge\u00e7irmek ve sosyalle\u015fmek i\u00e7in de sahillere gelecek. Mezitli&#8217;nin sahilleri herkesin rahat\u00e7a ula\u015fabilece\u011fi, g\u00fcvenli, temiz ve sosyal a\u00e7\u0131dan zengin alanlar olacak,&#8221; dedi.<\/p>\n\n\n\n<p><strong>YAZ SEZONUNA YO\u011eUN HAZIRLIK<\/strong><\/p>\n\n\n\n<p>Yaz aylar\u0131n\u0131n yakla\u015fmas\u0131yla birlikte, belediye ekiplerinin sahil temizli\u011fi, \u00e7evre d\u00fczenlemesi ve kent esteti\u011fi konular\u0131ndaki \u00e7al\u0131\u015fmalar\u0131 da h\u0131z kazand\u0131. Park-bah\u00e7elerden yol bak\u0131m\u0131na, \u00e7evre d\u00fczenlemelerinden k\u00fclt\u00fcrel etkinlik planlamalar\u0131na kadar \u00e7ok y\u00f6nl\u00fc haz\u0131rl\u0131klar\u0131n s\u00fcrd\u00fc\u011f\u00fcn\u00fc ifade eden Ba\u015fkan Tuncer, &#8220;Vatanda\u015flar\u0131m\u0131z\u0131n beklentilerini biliyoruz. Bu yaz, Mezitli&#8217;de hem do\u011fayla i\u00e7 i\u00e7e hem de kaliteli vakit ge\u00e7irebilecekleri bir ortam olu\u015fturmak i\u00e7in t\u00fcm imkanlar\u0131m\u0131z\u0131 seferber ettik,&#8221; dedi.<\/p>\n\n\n\n<p><strong>MEZ\u0130TL\u0130, MERS\u0130N SINIRLARINI A\u015eIYOR<\/strong><\/p>\n\n\n\n<p>Ba\u015fkan Tuncer, Mezitli&#8217;nin art\u0131k sadece Mersin halk\u0131 i\u00e7in de\u011fil, \u00e7evre illerden ve hatta yurt d\u0131\u015f\u0131ndan gelecek turistler i\u00e7in de bir \u00e7ekim merkezi haline gelece\u011fini vurgulad\u0131. Tuncer&#8217;in yeni d\u00f6nem hedefleri aras\u0131nda turizm, k\u00fclt\u00fcrel etkinlikler ve \u00e7e\u015fitli alanlarda destekleyici projeler de bulunuyor.<\/p>\n\n\n\n<p>&#8220;Bu kenti hep birlikte b\u00fcy\u00fct\u00fcyoruz. G\u00fczelliklerini koruyarak, yeni de\u011ferler katarak Mezitli&#8217;yi \u00f6rnek bir kent haline getirmeye kararl\u0131y\u0131z. Gerek sosyal ya\u015famda gerek ekonomik kalk\u0131nmada Mezitli ad\u0131n\u0131 daha s\u0131k duyaca\u011f\u0131m\u0131z bir d\u00f6neme giriyoruz,&#8221; diyerek s\u00f6zlerini tamamlad\u0131.<\/p>\n\n\n\n<p>Mezitli Belediyesi, planlanan projelerle kentin sadece yazl\u0131k de\u011fil, d\u00f6rt mevsim ya\u015fanabilir bir cazibe merkezi olmas\u0131 i\u00e7in \u00e7al\u0131\u015fmalar\u0131n\u0131 kararl\u0131l\u0131kla s\u00fcrd\u00fcr\u00fcyor.<\/p>\n","protected":false},"excerpt":{"rendered":"<p>Mezitli Belediye Ba\u015fkan\u0131 Ahmet Serkan Tuncer, yaz sezonuna y\u00f6nelik haz\u0131rl\u0131k \u00e7al\u0131\u015fmalar\u0131 kapsam\u0131nda kentte devam eden projeleri yerinde inceledi. Sahil \u015feridi ve \u00e7evresinde yap\u0131lan d\u00fczenlemeleri de\u011ferlendiren Tuncer, Mezitli&#8217;nin hem turizm a\u00e7\u0131s\u0131ndan cazibesini art\u0131rmak hem de halk\u0131n ya\u015fam kalitesini y\u00fckseltmek amac\u0131yla kapsaml\u0131 bir d\u00f6n\u00fc\u015f\u00fcm s\u00fcrecine girdiklerini ifade etti. Ba\u015fkan Tuncer&#8217;in sahil b\u00f6lgeleriyle Mersin&#8217;in g\u00f6zde il\u00e7elerinden biri olan [&hellip;]<\/p>\n","protected":false},"author":2,"featured_media":42537,"comment_status":"closed","ping_status":"closed","sticky":false,"template":"","format":"standard","meta":{"footnotes":""},"categories":[3],"tags":[],"class_list":["post-42536","post","type-post","status-publish","format-standard","has-post-thumbnail","hentry","category-manset"],"views":3,"_links":{"self":[{"href":"https:\/\/mersinkadingazetesi.com\/index.php?rest_route=\/wp\/v2\/posts\/42536"}],"collection":[{"href":"https:\/\/mersinkadingazetesi.com\/index.php?rest_route=\/wp\/v2\/posts"}],"about":[{"href":"https:\/\/mersinkadingazetesi.com\/index.php?rest_route=\/wp\/v2\/types\/post"}],"author":[{"embeddable":true,"href":"https:\/\/mersinkadingazetesi.com\/index.php?rest_route=\/wp\/v2\/users\/2"}],"replies":[{"embeddable":true,"href":"https:\/\/mersinkadingazetesi.com\/index.php?rest_route=%2Fwp%2Fv2%2Fcomments&post=42536"}],"version-history":[{"count":1,"href":"https:\/\/mersinkadingazetesi.com\/index.php?rest_route=\/wp\/v2\/posts\/42536\/revisions"}],"predecessor-version":[{"id":42538,"href":"https:\/\/mersinkadingazetesi.com\/index.php?rest_route=\/wp\/v2\/posts\/42536\/revisions\/42538"}],"wp:featuredmedia":[{"embeddable":true,"href":"https:\/\/mersinkadingazetesi.com\/index.php?rest_route=\/wp\/v2\/media\/42537"}],"wp:attachment":[{"href":"https:\/\/mersinkadingazetesi.com\/index.php?rest_route=%2Fwp%2Fv2%2Fmedia&parent=42536"}],"wp:term":[{"taxonomy":"category","embeddable":true,"href":"https:\/\/mersinkadingazetesi.com\/index.php?rest_route=%2Fwp%2Fv2%2Fcategories&post=42536"},{"taxonomy":"post_tag","embeddable":true,"href":"https:\/\/mersinkadingazetesi.com\/index.php?rest_route=%2Fwp%2Fv2%2Ftags&post=42536"}],"curies":[{"name":"wp","href":"https:\/\/api.w.org\/{rel}","templated":true}]}}