{"id":42539,"date":"2025-05-14T10:42:55","date_gmt":"2025-05-14T07:42:55","guid":{"rendered":"https:\/\/mersinkadingazetesi.com\/?p=42539"},"modified":"2025-05-14T10:42:55","modified_gmt":"2025-05-14T07:42:55","slug":"muftu-fidan-engelli-bireylerle-bulustu","status":"publish","type":"post","link":"https:\/\/mersinkadingazetesi.com\/?p=42539","title":{"rendered":"M\u00fcft\u00fc Fidan, Engelli Bireylerle Bulu\u015ftu"},"content":{"rendered":"\n<p>Anamur \u0130l\u00e7e M\u00fcft\u00fcl\u00fc\u011f\u00fc taraf\u0131ndan sosyal fark\u0131ndal\u0131k olu\u015fturmak amac\u0131yla ailelere ve engelli bireylere y\u00f6nelik bir \u00e7ok etkinlikler d\u00fczenliyor.<\/p>\n\n\n\n<p>Anamur \u0130l\u00e7e M\u00fcft\u00fcs\u00fc Mehmet Fidan, &#8220;10-16 May\u0131s D\u00fcnya Engelliler Haftas\u0131&#8221; dolays\u0131yla Anamur Halk E\u011fitimi Merkezi G\u00fcle\u00e7 Mahallesi \u00d6zel E\u011fitim Kurs Merkezi, Ortak\u00f6y \u00d6zel E\u011fitim Uygulama Okulu&#8217;nu ve ailesinde engelli bireyi bulunan personeli ziyaret etti.<\/p>\n\n\n\n<p>Zihinsel, ruhsal ve bedensel engellilerle bir araya gelip, onlarla birebir ilgilenmek gerekti\u011fini ifade den \u0130l\u00e7e M\u00fcft\u00fcs\u00fc Fidan, &#8220;Millet olarak her f\u0131rsatta bu karde\u015flerimizi ziyaret etmeli, \u015fefkat ve merhametle yakla\u015farak ba\u011fr\u0131m\u0131za basmal\u0131y\u0131z.&#8221; dedi.<\/p>\n\n\n\n<p>M\u00fcft\u00fcl\u00fck olarak engelli bireyler i\u00e7in her t\u00fcrl\u00fc deste\u011fi sa\u011flayacaklar\u0131n\u0131 belirten M\u00fcft\u00fc Fidan, &#8221;Diyanet \u0130\u015fleri Ba\u015fkanl\u0131\u011f\u0131m\u0131z toplumun her kesimine sahih dini bilgiyi ula\u015ft\u0131rmak ad\u0131na sorumlulu\u011funun bulundu\u011funu belirtilerek, &#8220;Engelli karde\u015flerimizin toplumla b\u00fct\u00fcnle\u015fmesi, yaln\u0131z hissetmemesi ad\u0131na devletimizin seferber etti\u011fi imkanlar\u0131 \u00e7oktur. Diyanet \u0130\u015fleri Ba\u015fkanl\u0131\u011f\u0131m\u0131z olarak engelli karde\u015flerimizin yolunu a\u00e7arak onlar\u0131n i\u015flerini kolayla\u015ft\u0131rmak, sahih dini bilgiye ula\u015fmalar\u0131 ad\u0131na \u00fczerimize d\u00fc\u015fen vazifeyi yapmaya \u00e7al\u0131\u015f\u0131yoruz.&#8221;dedi<\/p>\n\n\n\n<p>Engelliden \u00e7ok ,engelliye bakan ki\u015filerin de \u00e7ok \u00f6nemli oldu\u011fu, bunlara da \u00e7ok yard\u0131mc\u0131 olmak gerekti\u011fi ifade eden M\u00fcft\u00fc Fidan,&#8221;Engelli olmak bir kusur de\u011fildir. Bu Rabbimizin bir imtihan\u0131d\u0131r. Engellilere bakma kar\u015f\u0131l\u0131\u011f\u0131nda cennet vaad edilmi\u015ftir. B\u00fct\u00fcn engellerin sevgiyle, payla\u015fmayla ve birlikte a\u015f\u0131laca\u011f\u0131na olan inanc\u0131m tamd\u0131r.&#8221; dedi<\/p>\n\n\n\n<p>M\u00fcft\u00fc Fidan, &#8220;10- 16 May\u0131s tarihinde Engelli vatanda\u015flar\u0131n sorun ve isteklerini g\u00f6r\u00fc\u015fmek ve M\u00fcft\u00fcl\u00fck olarak yapabilecekleri \u015feyleri isti\u015fare etmek i\u00e7in ziyaretler ger\u00e7ekle\u015ftirdiklerini dile getirerek, Misafirperverliklerinden dolay\u0131 Anamur Halk E\u011fitimi Merkezi G\u00fcle\u00e7 Mahallesi \u00d6zel E\u011fitim Kurs Merkezi, Ortak\u00f6y \u00d6zel E\u011fitim Uygulama Okulun y\u00f6neticilerine te\u015fekk\u00fcr ediyoruz.&#8221;dedi<\/p>\n\n\n\n<p>M\u00fcft\u00fc Mehmet Fidan yapt\u0131\u011f\u0131 ziyaretlerde Engelli Koordinat\u00f6r\u00fc Mikail Nehir&#8217;de haz\u0131r bulundu.<\/p>\n\n\n\n<p>Ziyaretlerde ailelere hediyeler verildi.<\/p>\n","protected":false},"excerpt":{"rendered":"<p>Anamur \u0130l\u00e7e M\u00fcft\u00fcl\u00fc\u011f\u00fc taraf\u0131ndan sosyal fark\u0131ndal\u0131k olu\u015fturmak amac\u0131yla ailelere ve engelli bireylere y\u00f6nelik bir \u00e7ok etkinlikler d\u00fczenliyor. Anamur \u0130l\u00e7e M\u00fcft\u00fcs\u00fc Mehmet Fidan, &#8220;10-16 May\u0131s D\u00fcnya Engelliler Haftas\u0131&#8221; dolays\u0131yla Anamur Halk E\u011fitimi Merkezi G\u00fcle\u00e7 Mahallesi \u00d6zel E\u011fitim Kurs Merkezi, Ortak\u00f6y \u00d6zel E\u011fitim Uygulama Okulu&#8217;nu ve ailesinde engelli bireyi bulunan personeli ziyaret etti. Zihinsel, ruhsal ve bedensel [&hellip;]<\/p>\n","protected":false},"author":2,"featured_media":42540,"comment_status":"closed","ping_status":"closed","sticky":false,"template":"","format":"standard","meta":{"footnotes":""},"categories":[3],"tags":[],"class_list":["post-42539","post","type-post","status-publish","format-standard","has-post-thumbnail","hentry","category-manset"],"views":3,"_links":{"self":[{"href":"https:\/\/mersinkadingazetesi.com\/index.php?rest_route=\/wp\/v2\/posts\/42539"}],"collection":[{"href":"https:\/\/mersinkadingazetesi.com\/index.php?rest_route=\/wp\/v2\/posts"}],"about":[{"href":"https:\/\/mersinkadingazetesi.com\/index.php?rest_route=\/wp\/v2\/types\/post"}],"author":[{"embeddable":true,"href":"https:\/\/mersinkadingazetesi.com\/index.php?rest_route=\/wp\/v2\/users\/2"}],"replies":[{"embeddable":true,"href":"https:\/\/mersinkadingazetesi.com\/index.php?rest_route=%2Fwp%2Fv2%2Fcomments&post=42539"}],"version-history":[{"count":1,"href":"https:\/\/mersinkadingazetesi.com\/index.php?rest_route=\/wp\/v2\/posts\/42539\/revisions"}],"predecessor-version":[{"id":42541,"href":"https:\/\/mersinkadingazetesi.com\/index.php?rest_route=\/wp\/v2\/posts\/42539\/revisions\/42541"}],"wp:featuredmedia":[{"embeddable":true,"href":"https:\/\/mersinkadingazetesi.com\/index.php?rest_route=\/wp\/v2\/media\/42540"}],"wp:attachment":[{"href":"https:\/\/mersinkadingazetesi.com\/index.php?rest_route=%2Fwp%2Fv2%2Fmedia&parent=42539"}],"wp:term":[{"taxonomy":"category","embeddable":true,"href":"https:\/\/mersinkadingazetesi.com\/index.php?rest_route=%2Fwp%2Fv2%2Fcategories&post=42539"},{"taxonomy":"post_tag","embeddable":true,"href":"https:\/\/mersinkadingazetesi.com\/index.php?rest_route=%2Fwp%2Fv2%2Ftags&post=42539"}],"curies":[{"name":"wp","href":"https:\/\/api.w.org\/{rel}","templated":true}]}}