{"id":42542,"date":"2025-05-14T10:45:03","date_gmt":"2025-05-14T07:45:03","guid":{"rendered":"https:\/\/mersinkadingazetesi.com\/?p=42542"},"modified":"2025-05-14T10:45:03","modified_gmt":"2025-05-14T07:45:03","slug":"cmo-genel-baskani-kirmizidan-mercana-tam-not","status":"publish","type":"post","link":"https:\/\/mersinkadingazetesi.com\/?p=42542","title":{"rendered":"\u00c7MO GENEL BA\u015eKANI KIRMIZI&#8217;DAN MERCAN&#8217;A TAM NOT"},"content":{"rendered":"\n<p>Mersin B\u00fcy\u00fck\u015fehir Belediyesi&#8217;nin, bug\u00fcn\u00fcn k\u00fc\u00e7\u00fc\u011f\u00fc yar\u0131n\u0131n b\u00fcy\u00fc\u011f\u00fc \u00e7ocuklar\u0131n bilimin \u0131\u015f\u0131\u011f\u0131nda b\u00fcy\u00fcmesi i\u00e7in Cumhuriyet&#8217;in 100. y\u0131l\u0131nda arma\u011fan etti\u011fi&nbsp;<strong><em>&#8216;Mercan 100.Y\u0131l \u0130klim ve \u00c7evre Bilim Merkezi&#8217;<\/em><\/strong>ni, TMMOB \u00c7evre M\u00fchendisleri Odas\u0131 Genel Ba\u015fkan\u0131 Ahmet K\u0131rm\u0131z\u0131 ve TMMOB \u00c7evre M\u00fchendisleri Odas\u0131 Mersin \u015eube Ba\u015fkan\u0131 Sinan Can ziyaret etti. Konuklar\u0131, \u0130klim De\u011fi\u015fikli\u011fi ve S\u0131f\u0131r At\u0131k Daire Ba\u015fkan\u0131 Arda Alp ile \u0130klim ve \u00c7evre Bilim Merkezi \u015eube M\u00fcd\u00fcr\u00fc Onur Sevin kar\u015f\u0131lad\u0131.<\/p>\n\n\n\n<p>\u0130klim De\u011fi\u015fikli\u011fi ve S\u0131f\u0131r At\u0131k Dairesi Ba\u015fkanl\u0131\u011f\u0131 b\u00fcnyesinde hizmet veren Mercan 100. Y\u0131l \u0130klim ve \u00c7evre Bilim Merkezi, a\u00e7\u0131ld\u0131\u011f\u0131 g\u00fcnden bu yana 150 bine yak\u0131n \u00e7ocu\u011fun ve ailesinin g\u00f6zdesi haline geldi. Mercan 100. Y\u0131l \u0130klim ve \u00c7evre Bilim Merkezi&#8217;nde interaktif d\u00fczenekler, bilimsel etkinlikler, T\u00fcrkiye&#8217;nin en b\u00fcy\u00fck kapasiteli ve en b\u00fcy\u00fck perde \u00e7ap\u0131na sahip planetaryumunda g\u00f6steriler, g\u00f6zlemevi seanslar\u0131, iklim ve \u00e7evre sergilerinin yan\u0131 s\u0131ra, \u00e7ocuklara bilimi sevdiren at\u00f6lyeler de yer al\u0131yor.<\/p>\n\n\n\n<p>Robotik kodlama, iklim ve \u00e7evre, astronomi ve uzay bilimleri, fen bilimleri, deniz canl\u0131lar\u0131 ve minik mucitler olmak \u00fczere toplam 6 at\u00f6lyede \u00e7ocuklar\u0131 bilimle bulu\u015fturan merkezde; gezegen, ay ve g\u00fcne\u015f g\u00f6zlemleri yap\u0131l\u0131rken, geri d\u00f6n\u00fc\u015f\u00fcm makinesiyle elde edilen saks\u0131lar ve organik at\u0131klardan elde edilen kompostlar da bulunuyor.<\/p>\n\n\n\n<p><strong>K\u0131rm\u0131z\u0131: &#8220;\u0130klim de\u011fi\u015fikli\u011fi ve \u00e7evre kirlili\u011fi konu\u015fmalar\u0131nda ki s\u00fcsl\u00fc s\u00f6zlerin kar\u015f\u0131l\u0131\u011f\u0131n\u0131, Mersin B\u00fcy\u00fck\u015fehir Belediyemiz yapm\u0131\u015f&#8221;<\/strong><\/p>\n\n\n\n<p>Konu\u015fmac\u0131 olarak kat\u0131laca\u011f\u0131 panel i\u00e7in Mersin&#8217;e gelen ve Mercan 100. Y\u0131l \u0130klim ve \u00c7evre Bilim Merkezi&#8217;ni de gezen TMMOB \u00c7evre M\u00fchendisleri Odas\u0131 Genel Ba\u015fkan\u0131 Ahmet K\u0131rm\u0131z\u0131,&nbsp;<strong>&#8220;\u0130lk defa bir belediyemizin; gelece\u011fimize, insan\u0131m\u0131za, halk\u0131m\u0131za dokundu\u011funu ve dokunurken de uygulamal\u0131, ak\u0131lda kal\u0131r \u015fekilde alan olu\u015fturdu\u011funa \u015fahit oluyorum. Bu benim i\u00e7in \u00e7ok k\u0131ymetli; \u00e7\u00fcnk\u00fc her siyaset\u00e7inin, belediyenin, yetkilinin iklim de\u011fi\u015fikli\u011fi ve \u00e7evre kirlili\u011fi konu\u015fmalar\u0131nda s\u00fcsl\u00fc s\u00f6zlerle s\u00f6ylemi\u015f oldu\u011fu \u015feyin resmini, Mersin B\u00fcy\u00fck\u015fehir Belediyemiz yapm\u0131\u015f&#8221;&nbsp;<\/strong>dedi.<\/p>\n\n\n\n<p>B\u00fcy\u00fck\u015fehir&#8217;in sera gaz\u0131, iklim de\u011fi\u015fikli\u011fi, a\u011fa\u00e7 dikmenin \u00f6nemi, yenilenebilir enerji gibi konular\u0131 \u00e7ocuklara ba\u015far\u0131yla aktard\u0131\u011f\u0131n\u0131 ifade eden K\u0131rm\u0131z\u0131,&nbsp;<strong>&#8220;Burada, herhangi bir \u00e7ocu\u011fumuzun ve vatanda\u015f\u0131m\u0131z\u0131n bilin\u00e7li bir \u015fekilde \u00e7\u0131kabilece\u011fi bir merkez olu\u015fturulmu\u015f. Bu, gelece\u011fe dair umut veren bir \u015fey. Ben bug\u00fcn \u015funun karar\u0131n\u0131 net bir \u015fekilde verdim; art\u0131k Akdeniz&#8217;in incisi Mersin&#8221;&nbsp;<\/strong>s\u00f6zlerine yer verdi.<\/p>\n\n\n\n<p>Merkezi \u00e7ok be\u011fendi\u011fini defalarca dile getiren K\u0131rm\u0131z\u0131,&nbsp;<strong>&#8220;B\u00fcy\u00fck\u015fehir Belediye Ba\u015fkan\u0131m\u0131z Vahap Bey&#8217;in, meslekta\u015flar\u0131m\u0131z\u0131n, teknik elemanlar\u0131m\u0131z\u0131n, \u00f6\u011fretmenlerimizin, k\u0131sacas\u0131 b\u00fct\u00fcn belediye \u00e7al\u0131\u015fanlar\u0131m\u0131z\u0131n emeklerine sa\u011fl\u0131k. 11 ya\u015f\u0131nda bir k\u0131z\u0131m var ve en k\u0131sa zamanda onunla buray\u0131 ziyaret edece\u011fim&#8221;<\/strong>&nbsp;dedi.<br><\/p>\n","protected":false},"excerpt":{"rendered":"<p>Mersin B\u00fcy\u00fck\u015fehir Belediyesi&#8217;nin, bug\u00fcn\u00fcn k\u00fc\u00e7\u00fc\u011f\u00fc yar\u0131n\u0131n b\u00fcy\u00fc\u011f\u00fc \u00e7ocuklar\u0131n bilimin \u0131\u015f\u0131\u011f\u0131nda b\u00fcy\u00fcmesi i\u00e7in Cumhuriyet&#8217;in 100. y\u0131l\u0131nda arma\u011fan etti\u011fi&nbsp;&#8216;Mercan 100.Y\u0131l \u0130klim ve \u00c7evre Bilim Merkezi&#8217;ni, TMMOB \u00c7evre M\u00fchendisleri Odas\u0131 Genel Ba\u015fkan\u0131 Ahmet K\u0131rm\u0131z\u0131 ve TMMOB \u00c7evre M\u00fchendisleri Odas\u0131 Mersin \u015eube Ba\u015fkan\u0131 Sinan Can ziyaret etti. Konuklar\u0131, \u0130klim De\u011fi\u015fikli\u011fi ve S\u0131f\u0131r At\u0131k Daire Ba\u015fkan\u0131 Arda Alp ile \u0130klim [&hellip;]<\/p>\n","protected":false},"author":2,"featured_media":42543,"comment_status":"closed","ping_status":"closed","sticky":false,"template":"","format":"standard","meta":{"footnotes":""},"categories":[3],"tags":[],"class_list":["post-42542","post","type-post","status-publish","format-standard","has-post-thumbnail","hentry","category-manset"],"views":2,"_links":{"self":[{"href":"https:\/\/mersinkadingazetesi.com\/index.php?rest_route=\/wp\/v2\/posts\/42542"}],"collection":[{"href":"https:\/\/mersinkadingazetesi.com\/index.php?rest_route=\/wp\/v2\/posts"}],"about":[{"href":"https:\/\/mersinkadingazetesi.com\/index.php?rest_route=\/wp\/v2\/types\/post"}],"author":[{"embeddable":true,"href":"https:\/\/mersinkadingazetesi.com\/index.php?rest_route=\/wp\/v2\/users\/2"}],"replies":[{"embeddable":true,"href":"https:\/\/mersinkadingazetesi.com\/index.php?rest_route=%2Fwp%2Fv2%2Fcomments&post=42542"}],"version-history":[{"count":1,"href":"https:\/\/mersinkadingazetesi.com\/index.php?rest_route=\/wp\/v2\/posts\/42542\/revisions"}],"predecessor-version":[{"id":42544,"href":"https:\/\/mersinkadingazetesi.com\/index.php?rest_route=\/wp\/v2\/posts\/42542\/revisions\/42544"}],"wp:featuredmedia":[{"embeddable":true,"href":"https:\/\/mersinkadingazetesi.com\/index.php?rest_route=\/wp\/v2\/media\/42543"}],"wp:attachment":[{"href":"https:\/\/mersinkadingazetesi.com\/index.php?rest_route=%2Fwp%2Fv2%2Fmedia&parent=42542"}],"wp:term":[{"taxonomy":"category","embeddable":true,"href":"https:\/\/mersinkadingazetesi.com\/index.php?rest_route=%2Fwp%2Fv2%2Fcategories&post=42542"},{"taxonomy":"post_tag","embeddable":true,"href":"https:\/\/mersinkadingazetesi.com\/index.php?rest_route=%2Fwp%2Fv2%2Ftags&post=42542"}],"curies":[{"name":"wp","href":"https:\/\/api.w.org\/{rel}","templated":true}]}}