{"id":42548,"date":"2025-05-14T10:47:31","date_gmt":"2025-05-14T07:47:31","guid":{"rendered":"https:\/\/mersinkadingazetesi.com\/?p=42548"},"modified":"2025-05-14T10:47:32","modified_gmt":"2025-05-14T07:47:32","slug":"meski-10-16-mayis-dunya-engelliler-haftasinda-isitme-engelli-ogrencileri-unutmadi","status":"publish","type":"post","link":"https:\/\/mersinkadingazetesi.com\/?p=42548","title":{"rendered":"MESK\u0130, 10-16 MAYIS D\u00dcNYA ENGELL\u0130LER HAFTASI&#8217;NDA \u0130\u015e\u0130TME ENGELL\u0130 \u00d6\u011eRENC\u0130LER\u0130 UNUTMADI"},"content":{"rendered":"\n<p>Mersin B\u00fcy\u00fck\u015fehir Belediyesi Mersin Su ve Kanalizasyon \u0130daresi (MESK\u0130) Genel M\u00fcd\u00fcrl\u00fc\u011f\u00fc, 10-16 May\u0131s D\u00fcnya Engelliler Haftas\u0131 kapsam\u0131nda i\u015fitme engelli \u00f6\u011frencilerisuyun \u00f6nemi ve \u00e7evre konular\u0131nda bilgilendirdi.<\/p>\n\n\n\n<p>MESK\u0130, Mersin B\u00fcy\u00fck\u015fehir Belediye Ba\u015fkan\u0131 Vahap Se\u00e7er&#8217;in \u00f6nc\u00fcl\u00fc\u011f\u00fcnde altyap\u0131 yat\u0131r\u0131mlar\u0131n\u0131n yan\u0131 s\u0131ra k\u00fclt\u00fcrel ve sosyal yat\u0131r\u0131mlar\u0131 da ara vermeden s\u00fcrd\u00fcr\u00fcyor. MESK\u0130&#8217;nin e\u011fitim-\u00f6\u011fretim d\u00f6nemi boyunca t\u00fcm okullara kap\u0131s\u0131n\u0131 a\u00e7an Filtre Su M\u00fczesi&#8217;ni ziyaret eden i\u015fitme engelli \u00f6\u011frenciler, i\u00e7me suyu ar\u0131t\u0131m\u0131n\u0131n \u00fcniteleri ve a\u015famalar\u0131 hakk\u0131nda bilgiler edindi.<\/p>\n\n\n\n<p><strong>MESK\u0130, i\u015fitme engelli \u00f6\u011frencilere keyifli bir g\u00fcn ya\u015fatt\u0131<\/strong><\/p>\n\n\n\n<p>M\u00fczeyi gezen \u00d6\u011frenciler, i\u00e7me suyu \u00fcniteleri ile m\u00fczenin kurulu\u015fuyla ilgili derlenen tarihi foto\u011fraflara b\u00fcy\u00fck ilgi g\u00f6sterdi. M\u00fcze gezisinin ard\u0131ndan MESK\u0130 Bas\u0131n Yay\u0131n ve Halkla \u0130li\u015fkiler \u015eube M\u00fcd\u00fcr\u00fc \u00d6zge G\u00fcnde\u015f taraf\u0131ndan i\u015fitme engelli \u00f6\u011frencilere; suyun \u00f6nemi ve hayat\u0131m\u0131zdaki yeri, su d\u00f6ng\u00fcs\u00fc, su kirlili\u011fi, kurakl\u0131k, su tasarrufu ile su ayak izikonular\u0131nda e\u011fitim verildi. Sunumun ard\u0131ndan&nbsp;MESK\u0130 Su Damlas\u0131 Maskotu ile e\u011flenen&nbsp;i\u015fitme engelli \u00f6\u011frenciler,&nbsp;keyifli bir g\u00fcn ge\u00e7irmi\u015f oldu.<\/p>\n","protected":false},"excerpt":{"rendered":"<p>Mersin B\u00fcy\u00fck\u015fehir Belediyesi Mersin Su ve Kanalizasyon \u0130daresi (MESK\u0130) Genel M\u00fcd\u00fcrl\u00fc\u011f\u00fc, 10-16 May\u0131s D\u00fcnya Engelliler Haftas\u0131 kapsam\u0131nda i\u015fitme engelli \u00f6\u011frencilerisuyun \u00f6nemi ve \u00e7evre konular\u0131nda bilgilendirdi. MESK\u0130, Mersin B\u00fcy\u00fck\u015fehir Belediye Ba\u015fkan\u0131 Vahap Se\u00e7er&#8217;in \u00f6nc\u00fcl\u00fc\u011f\u00fcnde altyap\u0131 yat\u0131r\u0131mlar\u0131n\u0131n yan\u0131 s\u0131ra k\u00fclt\u00fcrel ve sosyal yat\u0131r\u0131mlar\u0131 da ara vermeden s\u00fcrd\u00fcr\u00fcyor. MESK\u0130&#8217;nin e\u011fitim-\u00f6\u011fretim d\u00f6nemi boyunca t\u00fcm okullara kap\u0131s\u0131n\u0131 a\u00e7an Filtre Su [&hellip;]<\/p>\n","protected":false},"author":2,"featured_media":42549,"comment_status":"closed","ping_status":"closed","sticky":false,"template":"","format":"standard","meta":{"footnotes":""},"categories":[3],"tags":[],"class_list":["post-42548","post","type-post","status-publish","format-standard","has-post-thumbnail","hentry","category-manset"],"views":3,"_links":{"self":[{"href":"https:\/\/mersinkadingazetesi.com\/index.php?rest_route=\/wp\/v2\/posts\/42548"}],"collection":[{"href":"https:\/\/mersinkadingazetesi.com\/index.php?rest_route=\/wp\/v2\/posts"}],"about":[{"href":"https:\/\/mersinkadingazetesi.com\/index.php?rest_route=\/wp\/v2\/types\/post"}],"author":[{"embeddable":true,"href":"https:\/\/mersinkadingazetesi.com\/index.php?rest_route=\/wp\/v2\/users\/2"}],"replies":[{"embeddable":true,"href":"https:\/\/mersinkadingazetesi.com\/index.php?rest_route=%2Fwp%2Fv2%2Fcomments&post=42548"}],"version-history":[{"count":1,"href":"https:\/\/mersinkadingazetesi.com\/index.php?rest_route=\/wp\/v2\/posts\/42548\/revisions"}],"predecessor-version":[{"id":42550,"href":"https:\/\/mersinkadingazetesi.com\/index.php?rest_route=\/wp\/v2\/posts\/42548\/revisions\/42550"}],"wp:featuredmedia":[{"embeddable":true,"href":"https:\/\/mersinkadingazetesi.com\/index.php?rest_route=\/wp\/v2\/media\/42549"}],"wp:attachment":[{"href":"https:\/\/mersinkadingazetesi.com\/index.php?rest_route=%2Fwp%2Fv2%2Fmedia&parent=42548"}],"wp:term":[{"taxonomy":"category","embeddable":true,"href":"https:\/\/mersinkadingazetesi.com\/index.php?rest_route=%2Fwp%2Fv2%2Fcategories&post=42548"},{"taxonomy":"post_tag","embeddable":true,"href":"https:\/\/mersinkadingazetesi.com\/index.php?rest_route=%2Fwp%2Fv2%2Ftags&post=42548"}],"curies":[{"name":"wp","href":"https:\/\/api.w.org\/{rel}","templated":true}]}}