{"id":42551,"date":"2025-05-14T10:49:59","date_gmt":"2025-05-14T07:49:59","guid":{"rendered":"https:\/\/mersinkadingazetesi.com\/?p=42551"},"modified":"2025-05-14T10:49:59","modified_gmt":"2025-05-14T07:49:59","slug":"mersinli-ogrencilerimiz-genctek-zirvesinde-yerini-aldi","status":"publish","type":"post","link":"https:\/\/mersinkadingazetesi.com\/?p=42551","title":{"rendered":"MERS\u0130NL\u0130 \u00d6\u011eRENC\u0130LER\u0130M\u0130Z GEN\u00c7TEK Z\u0130RVES\u0130&#8217;NDE YER\u0130N\u0130 ALDI\u00a0"},"content":{"rendered":"\n<p>Mill\u00ee E\u011fitim Bakanl\u0131\u011f\u0131 taraf\u0131ndan 8-9 May\u0131s 2025 tarihleri aras\u0131nda Ankara&#8217;da ger\u00e7ekle\u015ftirilen Gen\u00e7tek Zirvesi&#8217;nde Mersinli \u00f6\u011frenci ve \u00f6\u011fretmenlerimiz, teknoloji ve yaz\u0131l\u0131m d\u00fcnyas\u0131n\u0131n kap\u0131lar\u0131n\u0131 aralad\u0131.<\/p>\n\n\n\n<p>Akdeniz Zeytinlibah\u00e7e Mesleki ve Teknik Anadolu Lisesinden 8 \u00f6\u011frenci ve 1 \u00f6\u011fretmen, Yeni\u015fehir Yahya G\u00fcns\u00fcr Mesleki ve Teknik Anadolu Lisesinden 12 \u00f6\u011frenci ve 2 \u00f6\u011fretmen ile Anamur Fen Lisesinden 2 \u00f6\u011frencinin kat\u0131l\u0131m\u0131yla Mersin, zirvede g\u00fc\u00e7l\u00fc bir temsil sergiledi.<\/p>\n\n\n\n<p>\u0130ki g\u00fcn boyunca s\u00fcren etkinliklerde \u00f6\u011frenciler, yaz\u0131l\u0131m geli\u015ftirme, mobil uygulama \u00fcretimi, oyun tasar\u0131m\u0131 ve giri\u015fimcilik gibi \u00e7e\u015fitli alanlarda d\u00fczenlenen at\u00f6lye \u00e7al\u0131\u015fmalar\u0131, sunumlar ve seminerlere aktif olarak kat\u0131ld\u0131. Bu sayede \u00f6\u011frenciler, teknoloji d\u00fcnyas\u0131ndaki son geli\u015fmeler hakk\u0131nda bilgi sahibi olurken, pratik deneyimler de kazand\u0131lar.<\/p>\n\n\n\n<p>Mill\u00ee E\u011fitim Bakan\u0131m\u0131z Say\u0131n Yusuf Tekin, zirveye kat\u0131larak Mersinli \u00f6\u011frencilerimizin stantlar\u0131n\u0131 ziyaret etti ve onlarla yak\u0131ndan ilgilenerek sohbet etti. \u00d6\u011frencilerimizin projeleri ve ilgilendikleri alanlar hakk\u0131nda bilgi alan Bakan\u0131m\u0131z Say\u0131n Yusuf Tekin, gen\u00e7lerin heyecan\u0131na ortak oldu.<\/p>\n\n\n\n<p>Zirve program\u0131 kapsam\u0131nda \u00f6\u011frencilerimiz, An\u0131tkabir&#8217;i de ziyaret ederek; An\u0131tkabir, Atat\u00fcrk ve Kurtulu\u015f Sava\u015f\u0131 M\u00fczesi&#8217;ni gezdi. \u00d6\u011frencilerimiz , bu anlaml\u0131 ziyaretin kendilerinde derin bir iz b\u0131rakt\u0131\u011f\u0131n\u0131 ifade etti.<\/p>\n","protected":false},"excerpt":{"rendered":"<p>Mill\u00ee E\u011fitim Bakanl\u0131\u011f\u0131 taraf\u0131ndan 8-9 May\u0131s 2025 tarihleri aras\u0131nda Ankara&#8217;da ger\u00e7ekle\u015ftirilen Gen\u00e7tek Zirvesi&#8217;nde Mersinli \u00f6\u011frenci ve \u00f6\u011fretmenlerimiz, teknoloji ve yaz\u0131l\u0131m d\u00fcnyas\u0131n\u0131n kap\u0131lar\u0131n\u0131 aralad\u0131. Akdeniz Zeytinlibah\u00e7e Mesleki ve Teknik Anadolu Lisesinden 8 \u00f6\u011frenci ve 1 \u00f6\u011fretmen, Yeni\u015fehir Yahya G\u00fcns\u00fcr Mesleki ve Teknik Anadolu Lisesinden 12 \u00f6\u011frenci ve 2 \u00f6\u011fretmen ile Anamur Fen Lisesinden 2 \u00f6\u011frencinin kat\u0131l\u0131m\u0131yla [&hellip;]<\/p>\n","protected":false},"author":2,"featured_media":42552,"comment_status":"closed","ping_status":"closed","sticky":false,"template":"","format":"standard","meta":{"footnotes":""},"categories":[3],"tags":[],"class_list":["post-42551","post","type-post","status-publish","format-standard","has-post-thumbnail","hentry","category-manset"],"views":3,"_links":{"self":[{"href":"https:\/\/mersinkadingazetesi.com\/index.php?rest_route=\/wp\/v2\/posts\/42551"}],"collection":[{"href":"https:\/\/mersinkadingazetesi.com\/index.php?rest_route=\/wp\/v2\/posts"}],"about":[{"href":"https:\/\/mersinkadingazetesi.com\/index.php?rest_route=\/wp\/v2\/types\/post"}],"author":[{"embeddable":true,"href":"https:\/\/mersinkadingazetesi.com\/index.php?rest_route=\/wp\/v2\/users\/2"}],"replies":[{"embeddable":true,"href":"https:\/\/mersinkadingazetesi.com\/index.php?rest_route=%2Fwp%2Fv2%2Fcomments&post=42551"}],"version-history":[{"count":1,"href":"https:\/\/mersinkadingazetesi.com\/index.php?rest_route=\/wp\/v2\/posts\/42551\/revisions"}],"predecessor-version":[{"id":42553,"href":"https:\/\/mersinkadingazetesi.com\/index.php?rest_route=\/wp\/v2\/posts\/42551\/revisions\/42553"}],"wp:featuredmedia":[{"embeddable":true,"href":"https:\/\/mersinkadingazetesi.com\/index.php?rest_route=\/wp\/v2\/media\/42552"}],"wp:attachment":[{"href":"https:\/\/mersinkadingazetesi.com\/index.php?rest_route=%2Fwp%2Fv2%2Fmedia&parent=42551"}],"wp:term":[{"taxonomy":"category","embeddable":true,"href":"https:\/\/mersinkadingazetesi.com\/index.php?rest_route=%2Fwp%2Fv2%2Fcategories&post=42551"},{"taxonomy":"post_tag","embeddable":true,"href":"https:\/\/mersinkadingazetesi.com\/index.php?rest_route=%2Fwp%2Fv2%2Ftags&post=42551"}],"curies":[{"name":"wp","href":"https:\/\/api.w.org\/{rel}","templated":true}]}}