{"id":42554,"date":"2025-05-14T10:51:51","date_gmt":"2025-05-14T07:51:51","guid":{"rendered":"https:\/\/mersinkadingazetesi.com\/?p=42554"},"modified":"2025-05-14T10:51:52","modified_gmt":"2025-05-14T07:51:52","slug":"ata-girisimcilik-ve-inovatif-gelisim-programi-gerceklestirildi","status":"publish","type":"post","link":"https:\/\/mersinkadingazetesi.com\/?p=42554","title":{"rendered":"ATA G\u0130R\u0130\u015e\u0130MC\u0130L\u0130K VE \u0130NOVAT\u0130F GEL\u0130\u015e\u0130M PROGRAMI GER\u00c7EKLE\u015eT\u0130R\u0130LD\u0130"},"content":{"rendered":"\n<p>\u00d6\u011frencilerin gelece\u011fin teknolojilerini en iyi \u015fekilde kullanma ve yeni teknolojiler geli\u015ftirebilecek bir \u00fcretim tesislerine sahip, end\u00fcstrinin ihtiya\u00e7 duydu\u011fu giri\u015fimci ve \u00fcretken bireyler olarak b\u00fcy\u00fcmelerini sa\u011flayan Ata Giri\u015fimcilik ve \u0130novatif Geli\u015fim Program\u0131&#8217;n\u0131n ilk faaliyet ba\u015flang\u0131c\u0131nda, \u0130l Mill\u00ee E\u011fitim M\u00fcd\u00fcr\u00fc Fazilet Durmu\u015f&#8217;un ba\u015flamas\u0131yla faaliyete ge\u00e7ti.<\/p>\n\n\n\n<p>Toroslar Atat\u00fcrk Mesleki ve Teknik Anadolu Lisesinde, yedi farkl\u0131 meslek alan\u0131nda se\u00e7ilen 20 \u00f6\u011frenciyle hayata ge\u00e7irilen program\u0131n a\u00e7\u0131l\u0131\u015f etkinli\u011fi, Gen\u00e7lik Haftas\u0131 kutlamalar\u0131 \u00e7er\u00e7evesinde anlaml\u0131 bir ba\u015flang\u0131\u00e7 yap\u0131ld\u0131. Program kapsam\u0131nda ilk olarak T\u00fcrkiye Y\u00fczy\u0131l\u0131 Maarif Modeline g\u00f6re uyarlanm\u0131\u015f z\u00fcmre stantlar\u0131 ziyaret edildi. Stantlar\u0131 gezen Fazilet Durmu\u015f, ayr\u0131nt\u0131lar\u0131yla yak\u0131ndan ilgilenerek \u00e7al\u0131\u015fmalar\u0131 hakk\u0131nda ayr\u0131nt\u0131l\u0131 bilgi ald\u0131.&nbsp;<\/p>\n\n\n\n<p>Etkinlik, y\u00f6resel halk oyunlar\u0131n\u0131n g\u00f6sterimi ile renkli g\u00f6steri sahnesi oldu. Ayr\u0131ca &#8220;Ata Giri\u015fimcilik ve \u0130novatif Geli\u015fim Program\u0131&#8221;n\u0131n misyonu, hedefi ve 18 hafta s\u00fcrecek olan e\u011fitim seminerleri, mentor bulu\u015fmalar\u0131, teknik geziler ve odaklanma toplant\u0131lar\u0131 gibi faaliyetler detayl\u0131 bir \u015fekilde tan\u0131t\u0131ld\u0131.<\/p>\n\n\n\n<p>Program\u0131n a\u00e7\u0131l\u0131\u015f konu\u015fmas\u0131n\u0131 ger\u00e7ekle\u015ftirirken \u0130l Mill\u00ee E\u011fitim M\u00fcd\u00fcr\u00fc Fazilet Durmu\u015f, &#8220;\u0130\u015f birli\u011fine Dayal\u0131 \u00c7al\u0131\u015fma ve Liderlik&#8221; temas\u0131 \u00fczerine \u00f6nemli de\u011ferlendirmelerde bulundu. Fazilet Durmu\u015f: &#8220;Ata Giri\u015fimcilik ve \u0130novatif Geli\u015fim Program\u0131; mevcut olanlar\u0131 en iyi \u015fekilde kullanan ve yeni teknolojiler yaratabilecek d\u00fc\u015f\u00fcnce yap\u0131s\u0131na sahip, end\u00fcstrinin ihtiya\u00e7 duydu\u011fu giri\u015fimci ve \u00fcretken bireyler olarak b\u00fcy\u00fcmelerini sa\u011flamak a\u00e7\u0131s\u0131ndan son derece \u00f6nemlidir. Bu programlar\u0131n \u00e7al\u0131\u015ft\u0131r\u0131lmalar\u0131na ayr\u0131 ayr\u0131 te\u015fekk\u00fcr ederim.&#8221; tasarruf kullan\u0131ld\u0131.&nbsp;<\/p>\n\n\n\n<p>Durmu\u015f, bu program sayesinde giri\u015fimci ruhlar\u0131n\u0131 geli\u015ftireceklerine, yarat\u0131c\u0131l\u0131klar\u0131n\u0131 te\u015fvik edeceklerine ve pratik deneyimler kazanacaklar\u0131na olan inanc\u0131n\u0131 dile getirdi. Ayr\u0131ca, finansal bilin\u00e7, ahilik de\u011ferleri ile etik anlay\u0131\u015f\u0131, s\u00fcrd\u00fcr\u00fclebilirlik, ileti\u015fim ve liderlik y\u00f6netimi gibi olaylar\u0131n yayg\u0131nla\u015ft\u0131\u011f\u0131 h\u00e2lde geleceklerinin de \u00e7izildi.<\/p>\n\n\n\n<p>Fazilet Durmu\u015f gelirleri: &#8220;Haydi \u00f6\u011frenciler, birlikte y\u00fcr\u00fcyelim, birlikte \u00fcretelim, birlikte y\u00fckselelim! \u00c7\u00fcnk\u00fc tek ba\u015f\u0131na h\u0131zl\u0131 gidin; ama birlikte \u00e7ok daha iyi izleyin.&#8221; diyerek tamamlad\u0131.&nbsp;<\/p>\n\n\n\n<p>Etkinli\u011fin sonunda, b\u00fcy\u00fck ilgi g\u00f6ren Narenciye Temal\u0131 Dijital Oyun Yar\u0131\u015fmas\u0131&#8217;nda kay\u0131tl\u0131 kay\u0131tlar\u0131n fiyatlar\u0131 takdim edildi.<\/p>\n\n\n\n<p>Etkinli\u011fe \u0130l Mill\u00ee E\u011fitim M\u00fcd\u00fcr\u00fc Fazilet Durmu\u015f, Toroslar \u0130l\u00e7e Mill\u00ee E\u011fitim M\u00fcd\u00fcr\u00fc Kaan Aydemir kat\u0131ld\u0131.<\/p>\n\n\n\n<p><a href=\"https:\/\/mersin.meb.gov.tr\/meb_iys_dosyalar\/2025_05\/13145958_img_4867.jpg\" target=\"_blank\" rel=\"noreferrer noopener\"><\/a><\/p>\n","protected":false},"excerpt":{"rendered":"<p>\u00d6\u011frencilerin gelece\u011fin teknolojilerini en iyi \u015fekilde kullanma ve yeni teknolojiler geli\u015ftirebilecek bir \u00fcretim tesislerine sahip, end\u00fcstrinin ihtiya\u00e7 duydu\u011fu giri\u015fimci ve \u00fcretken bireyler olarak b\u00fcy\u00fcmelerini sa\u011flayan Ata Giri\u015fimcilik ve \u0130novatif Geli\u015fim Program\u0131&#8217;n\u0131n ilk faaliyet ba\u015flang\u0131c\u0131nda, \u0130l Mill\u00ee E\u011fitim M\u00fcd\u00fcr\u00fc Fazilet Durmu\u015f&#8217;un ba\u015flamas\u0131yla faaliyete ge\u00e7ti. Toroslar Atat\u00fcrk Mesleki ve Teknik Anadolu Lisesinde, yedi farkl\u0131 meslek alan\u0131nda se\u00e7ilen [&hellip;]<\/p>\n","protected":false},"author":2,"featured_media":42555,"comment_status":"closed","ping_status":"closed","sticky":false,"template":"","format":"standard","meta":{"footnotes":""},"categories":[3],"tags":[],"class_list":["post-42554","post","type-post","status-publish","format-standard","has-post-thumbnail","hentry","category-manset"],"views":6,"_links":{"self":[{"href":"https:\/\/mersinkadingazetesi.com\/index.php?rest_route=\/wp\/v2\/posts\/42554"}],"collection":[{"href":"https:\/\/mersinkadingazetesi.com\/index.php?rest_route=\/wp\/v2\/posts"}],"about":[{"href":"https:\/\/mersinkadingazetesi.com\/index.php?rest_route=\/wp\/v2\/types\/post"}],"author":[{"embeddable":true,"href":"https:\/\/mersinkadingazetesi.com\/index.php?rest_route=\/wp\/v2\/users\/2"}],"replies":[{"embeddable":true,"href":"https:\/\/mersinkadingazetesi.com\/index.php?rest_route=%2Fwp%2Fv2%2Fcomments&post=42554"}],"version-history":[{"count":1,"href":"https:\/\/mersinkadingazetesi.com\/index.php?rest_route=\/wp\/v2\/posts\/42554\/revisions"}],"predecessor-version":[{"id":42556,"href":"https:\/\/mersinkadingazetesi.com\/index.php?rest_route=\/wp\/v2\/posts\/42554\/revisions\/42556"}],"wp:featuredmedia":[{"embeddable":true,"href":"https:\/\/mersinkadingazetesi.com\/index.php?rest_route=\/wp\/v2\/media\/42555"}],"wp:attachment":[{"href":"https:\/\/mersinkadingazetesi.com\/index.php?rest_route=%2Fwp%2Fv2%2Fmedia&parent=42554"}],"wp:term":[{"taxonomy":"category","embeddable":true,"href":"https:\/\/mersinkadingazetesi.com\/index.php?rest_route=%2Fwp%2Fv2%2Fcategories&post=42554"},{"taxonomy":"post_tag","embeddable":true,"href":"https:\/\/mersinkadingazetesi.com\/index.php?rest_route=%2Fwp%2Fv2%2Ftags&post=42554"}],"curies":[{"name":"wp","href":"https:\/\/api.w.org\/{rel}","templated":true}]}}