{"id":42557,"date":"2025-05-14T10:52:43","date_gmt":"2025-05-14T07:52:43","guid":{"rendered":"https:\/\/mersinkadingazetesi.com\/?p=42557"},"modified":"2025-05-14T10:52:44","modified_gmt":"2025-05-14T07:52:44","slug":"mersin-osbde-yalin-uretim-egitimi-verildi","status":"publish","type":"post","link":"https:\/\/mersinkadingazetesi.com\/?p=42557","title":{"rendered":"Mersin OSB&#8217;de &#8216;Yal\u0131n \u00dcretim&#8217; e\u011fitimi verildi"},"content":{"rendered":"\n<p>Tarsus \u00dcniversitesi, Mersin Organize Sanayi B\u00f6lgesi Teknik Bilimler Meslek Y\u00fcksekokulu ve Mersin Model Fabrika ve Yenilik Merkezi taraf\u0131ndan &#8220;Yal\u0131n \u00dcretim&#8221; e\u011fitimi kapsam\u0131nda d\u00fczenlenen teorik ve uygulamal\u0131 e\u011fitim sonu kat\u0131l\u0131m sertifika t\u00f6reni Mersin OSB konferans salonunda ger\u00e7ekle\u015fti.<\/p>\n\n\n\n<p>Ger\u00e7ekle\u015fen t\u00f6rene, Mersin OSB Ba\u015fkan\u0131 Sabri Tekli, B\u00f6lge M\u00fcd\u00fcr\u00fc Halil Y\u0131lmaz,&nbsp; Tarsus \u00dcniversitesi Rekt\u00f6r Yard\u0131mc\u0131s\u0131 Prof. Dr. Osman Murat \u00d6zkendir, Mersin OSB Teknik Bilimler Y\u00fcksekokul M\u00fcd\u00fcr\u00fc Do\u00e7. Dr. Salih Hakan Yetgin ve M\u00fcd\u00fcr Yard\u0131mc\u0131s\u0131 Do\u00e7. Dr. Fatma Ulusal kat\u0131ld\u0131.<\/p>\n\n\n\n<p>T\u00f6rende bir konu\u015fma yapan Mersin OSB Ba\u015fkan\u0131 Sabri Tekli, &#8216;Yal\u0131n \u00fcretim, israf\u0131 azaltarak maliyetleri d\u00fc\u015f\u00fcr\u00fcyor ve verimlili\u011fi art\u0131r\u0131yor. \u015eirketler, yal\u0131n \u00fcretimle daha k\u0131sa s\u00fcrede kaliteli \u00fcr\u00fcnler sunabiliyor. Bu y\u00f6ntem, m\u00fc\u015fteri memnuniyetini y\u00fckseltirken rekabet g\u00fcc\u00fcn\u00fc de art\u0131r\u0131yor. Sizlerin Mersin OSB i\u00e7erisinde e\u011fitim alman\u0131z, teorik bilgilerinizi pratikle peki\u015ftirme imk\u00e2n\u0131 sunuyor. Bu uygulama, \u00f6\u011frencilerin mezuniyet sonras\u0131 i\u015f hayat\u0131na daha haz\u0131r bireyler olarak ad\u0131m atmalar\u0131n\u0131 sa\u011fl\u0131yor. Sanayi ile i\u00e7 i\u00e7e ge\u00e7en e\u011fitim, sekt\u00f6r ihtiya\u00e7lar\u0131na uygun nitelikli i\u015f g\u00fcc\u00fc yeti\u015fmesine katk\u0131 sunuyor. Ayn\u0131 zamanda \u00f6\u011frenciler, i\u015f d\u00fcnyas\u0131yla erken tan\u0131\u015farak kariyer f\u0131rsatlar\u0131n\u0131 erkenden de\u011ferlendirme \u015fans\u0131 buluyor. Bu anlamda Mersin Organize Sanayi B\u00f6lgesi Teknik Bilimler Meslek Y\u00fcksekokulu&#8217;nun b\u00f6lgemiz i\u00e7erisinde faaliyet g\u00f6stermesi sizler i\u00e7in de bizler i\u00e7in de \u00e7ok \u00f6nemli. E\u011fitim program\u0131na kat\u0131larak bug\u00fcn sertifikalar\u0131n\u0131 alan \u00f6\u011frencilerimizi kutluyorum&#8217; dedi.<\/p>\n","protected":false},"excerpt":{"rendered":"<p>Tarsus \u00dcniversitesi, Mersin Organize Sanayi B\u00f6lgesi Teknik Bilimler Meslek Y\u00fcksekokulu ve Mersin Model Fabrika ve Yenilik Merkezi taraf\u0131ndan &#8220;Yal\u0131n \u00dcretim&#8221; e\u011fitimi kapsam\u0131nda d\u00fczenlenen teorik ve uygulamal\u0131 e\u011fitim sonu kat\u0131l\u0131m sertifika t\u00f6reni Mersin OSB konferans salonunda ger\u00e7ekle\u015fti. Ger\u00e7ekle\u015fen t\u00f6rene, Mersin OSB Ba\u015fkan\u0131 Sabri Tekli, B\u00f6lge M\u00fcd\u00fcr\u00fc Halil Y\u0131lmaz,&nbsp; Tarsus \u00dcniversitesi Rekt\u00f6r Yard\u0131mc\u0131s\u0131 Prof. Dr. Osman Murat [&hellip;]<\/p>\n","protected":false},"author":2,"featured_media":42558,"comment_status":"closed","ping_status":"closed","sticky":false,"template":"","format":"standard","meta":{"footnotes":""},"categories":[3],"tags":[],"class_list":["post-42557","post","type-post","status-publish","format-standard","has-post-thumbnail","hentry","category-manset"],"views":5,"_links":{"self":[{"href":"https:\/\/mersinkadingazetesi.com\/index.php?rest_route=\/wp\/v2\/posts\/42557"}],"collection":[{"href":"https:\/\/mersinkadingazetesi.com\/index.php?rest_route=\/wp\/v2\/posts"}],"about":[{"href":"https:\/\/mersinkadingazetesi.com\/index.php?rest_route=\/wp\/v2\/types\/post"}],"author":[{"embeddable":true,"href":"https:\/\/mersinkadingazetesi.com\/index.php?rest_route=\/wp\/v2\/users\/2"}],"replies":[{"embeddable":true,"href":"https:\/\/mersinkadingazetesi.com\/index.php?rest_route=%2Fwp%2Fv2%2Fcomments&post=42557"}],"version-history":[{"count":1,"href":"https:\/\/mersinkadingazetesi.com\/index.php?rest_route=\/wp\/v2\/posts\/42557\/revisions"}],"predecessor-version":[{"id":42559,"href":"https:\/\/mersinkadingazetesi.com\/index.php?rest_route=\/wp\/v2\/posts\/42557\/revisions\/42559"}],"wp:featuredmedia":[{"embeddable":true,"href":"https:\/\/mersinkadingazetesi.com\/index.php?rest_route=\/wp\/v2\/media\/42558"}],"wp:attachment":[{"href":"https:\/\/mersinkadingazetesi.com\/index.php?rest_route=%2Fwp%2Fv2%2Fmedia&parent=42557"}],"wp:term":[{"taxonomy":"category","embeddable":true,"href":"https:\/\/mersinkadingazetesi.com\/index.php?rest_route=%2Fwp%2Fv2%2Fcategories&post=42557"},{"taxonomy":"post_tag","embeddable":true,"href":"https:\/\/mersinkadingazetesi.com\/index.php?rest_route=%2Fwp%2Fv2%2Ftags&post=42557"}],"curies":[{"name":"wp","href":"https:\/\/api.w.org\/{rel}","templated":true}]}}