{"id":42560,"date":"2025-05-14T10:53:48","date_gmt":"2025-05-14T07:53:48","guid":{"rendered":"https:\/\/mersinkadingazetesi.com\/?p=42560"},"modified":"2025-05-14T10:53:49","modified_gmt":"2025-05-14T07:53:49","slug":"chpli-gulcan-kis-colyak-hastalarinin-sesi-olmaya-devam-edecegiz","status":"publish","type":"post","link":"https:\/\/mersinkadingazetesi.com\/?p=42560","title":{"rendered":"CHP&#8217;li G\u00fclcan K\u0131\u015f: &#8220;\u00c7\u00f6lyak hastalar\u0131n\u0131n sesi olmaya devam edece\u011fiz&#8221;"},"content":{"rendered":"\n<p>G\u00fclcan K\u0131\u015f, \u00e7\u00f6lyak hastalar\u0131n\u0131n sorunlar\u0131n\u0131 Meclis g\u00fcndemine ta\u015f\u0131d\u0131.<\/p>\n\n\n\n<p>Cumhuriyet Halk Partisi (CHP) Mersin Milletvekili G\u00fclcan K\u0131\u015f, &#8220;D\u00fcnya \u00c7\u00f6lyak G\u00fcn\u00fc&#8221; kapsam\u0131nda Mersin B\u00fcy\u00fck\u015fehir Belediyesi taraf\u0131ndan d\u00fczenlenen etkinlikte yapt\u0131\u011f\u0131 konu\u015fmada, \u00e7\u00f6lyak hastalar\u0131n\u0131n y\u0131llard\u0131r g\u00f6rmezden gelinen sorunlar\u0131n\u0131 g\u00fcndeme ta\u015f\u0131d\u0131. G\u00fclcan K\u0131\u015f, Sa\u011fl\u0131k ve Tar\u0131m Bakanl\u0131klar\u0131n\u0131 \u00e7\u00f6lyak hastalar\u0131na y\u00f6nelik duyars\u0131zl\u0131klar\u0131 nedeniyle ele\u015ftirerek, konuyu T\u00fcrkiye B\u00fcy\u00fck Millet Meclisi&#8217;ne ta\u015f\u0131yaca\u011f\u0131n\u0131 ifade etti.<\/p>\n\n\n\n<p>G\u00fclcan K\u0131\u015f, hafta sonu Mersin&#8217;de ger\u00e7ekle\u015ftirilen etkinlikle ilgili yapt\u0131\u011f\u0131 a\u00e7\u0131klamada \u015fu ifadeleri kulland\u0131:<\/p>\n\n\n\n<p>&#8220;Mersin B\u00fcy\u00fck\u015fehir Belediye Ba\u015fkan\u0131m\u0131z Say\u0131n Vahap Se\u00e7er&#8217;in ev sahipli\u011finde d\u00fczenlenen bu bulu\u015fma yaln\u0131zca fark\u0131ndal\u0131k yaratmakla kalmad\u0131; gl\u00fctensiz ekmek ve un deste\u011finden, gl\u00fctensiz market ve kafe hizmetlerine, \u00e7ocuklar i\u00e7in oyun alanlar\u0131ndan m\u00fczikli etkinliklere kadar \u00e7\u00f6lyak hastalar\u0131n\u0131n sosyal ya\u015famla ba\u011flar\u0131n\u0131 g\u00fc\u00e7lendiren \u00e7ok y\u00f6nl\u00fc bir katk\u0131 sundu.&#8221;<\/p>\n\n\n\n<p>Devletin bu konuda ciddi ad\u0131mlar atmas\u0131 gerekti\u011fini vurgulayan G\u00fclcan K\u0131\u015f, \u015funlar\u0131 s\u00f6yledi:<\/p>\n\n\n\n<p>&#8220;Ne yaz\u0131k ki Sa\u011fl\u0131k ve Tar\u0131m Bakanl\u0131klar\u0131, bu vatanda\u015flar\u0131m\u0131z\u0131 adeta kaderine terk etmi\u015f durumda. Gl\u00fctensiz \u00fcr\u00fcnlere eri\u015fim zor, fiyatlar fahi\u015f, kamu kurumlar\u0131nda ise h\u00e2l\u00e2 uygun men\u00fcler sunulmuyor. Bu sadece bir sa\u011fl\u0131k sorunu de\u011fil; ayn\u0131 zamanda temel bir hak meselesidir. Sa\u011fl\u0131kl\u0131 beslenmek bir l\u00fcks de\u011fil, devletin g\u00fcvence alt\u0131na almas\u0131 gereken evrensel bir hakt\u0131r.&#8221;<\/p>\n\n\n\n<p>Devletin g\u00f6revinin &#8220;g\u00f6rmeyen g\u00f6z, duymayan kulak olmak de\u011fil, \u00e7\u00f6z\u00fcm \u00fcretmek&#8221; oldu\u011funu ifade eden CHP Mersin Milletvekili G\u00fclcan K\u0131\u015f, \u00e7\u00f6lyak hastalar\u0131n\u0131n haklar\u0131n\u0131n kararl\u0131l\u0131kla takip\u00e7isi olaca\u011f\u0131n\u0131 belirtti.<\/p>\n","protected":false},"excerpt":{"rendered":"<p>G\u00fclcan K\u0131\u015f, \u00e7\u00f6lyak hastalar\u0131n\u0131n sorunlar\u0131n\u0131 Meclis g\u00fcndemine ta\u015f\u0131d\u0131. Cumhuriyet Halk Partisi (CHP) Mersin Milletvekili G\u00fclcan K\u0131\u015f, &#8220;D\u00fcnya \u00c7\u00f6lyak G\u00fcn\u00fc&#8221; kapsam\u0131nda Mersin B\u00fcy\u00fck\u015fehir Belediyesi taraf\u0131ndan d\u00fczenlenen etkinlikte yapt\u0131\u011f\u0131 konu\u015fmada, \u00e7\u00f6lyak hastalar\u0131n\u0131n y\u0131llard\u0131r g\u00f6rmezden gelinen sorunlar\u0131n\u0131 g\u00fcndeme ta\u015f\u0131d\u0131. G\u00fclcan K\u0131\u015f, Sa\u011fl\u0131k ve Tar\u0131m Bakanl\u0131klar\u0131n\u0131 \u00e7\u00f6lyak hastalar\u0131na y\u00f6nelik duyars\u0131zl\u0131klar\u0131 nedeniyle ele\u015ftirerek, konuyu T\u00fcrkiye B\u00fcy\u00fck Millet Meclisi&#8217;ne ta\u015f\u0131yaca\u011f\u0131n\u0131 ifade [&hellip;]<\/p>\n","protected":false},"author":2,"featured_media":42474,"comment_status":"closed","ping_status":"closed","sticky":false,"template":"","format":"standard","meta":{"footnotes":""},"categories":[3,9],"tags":[],"class_list":["post-42560","post","type-post","status-publish","format-standard","has-post-thumbnail","hentry","category-manset","category-saglik"],"views":4,"_links":{"self":[{"href":"https:\/\/mersinkadingazetesi.com\/index.php?rest_route=\/wp\/v2\/posts\/42560"}],"collection":[{"href":"https:\/\/mersinkadingazetesi.com\/index.php?rest_route=\/wp\/v2\/posts"}],"about":[{"href":"https:\/\/mersinkadingazetesi.com\/index.php?rest_route=\/wp\/v2\/types\/post"}],"author":[{"embeddable":true,"href":"https:\/\/mersinkadingazetesi.com\/index.php?rest_route=\/wp\/v2\/users\/2"}],"replies":[{"embeddable":true,"href":"https:\/\/mersinkadingazetesi.com\/index.php?rest_route=%2Fwp%2Fv2%2Fcomments&post=42560"}],"version-history":[{"count":1,"href":"https:\/\/mersinkadingazetesi.com\/index.php?rest_route=\/wp\/v2\/posts\/42560\/revisions"}],"predecessor-version":[{"id":42561,"href":"https:\/\/mersinkadingazetesi.com\/index.php?rest_route=\/wp\/v2\/posts\/42560\/revisions\/42561"}],"wp:featuredmedia":[{"embeddable":true,"href":"https:\/\/mersinkadingazetesi.com\/index.php?rest_route=\/wp\/v2\/media\/42474"}],"wp:attachment":[{"href":"https:\/\/mersinkadingazetesi.com\/index.php?rest_route=%2Fwp%2Fv2%2Fmedia&parent=42560"}],"wp:term":[{"taxonomy":"category","embeddable":true,"href":"https:\/\/mersinkadingazetesi.com\/index.php?rest_route=%2Fwp%2Fv2%2Fcategories&post=42560"},{"taxonomy":"post_tag","embeddable":true,"href":"https:\/\/mersinkadingazetesi.com\/index.php?rest_route=%2Fwp%2Fv2%2Ftags&post=42560"}],"curies":[{"name":"wp","href":"https:\/\/api.w.org\/{rel}","templated":true}]}}