{"id":42562,"date":"2025-05-14T11:33:18","date_gmt":"2025-05-14T08:33:18","guid":{"rendered":"https:\/\/mersinkadingazetesi.com\/?p=42562"},"modified":"2025-05-14T11:33:19","modified_gmt":"2025-05-14T08:33:19","slug":"yenisehir-belediyesi-bebek-gelisim-merkezi-acildi","status":"publish","type":"post","link":"https:\/\/mersinkadingazetesi.com\/?p=42562","title":{"rendered":"Yeni\u015fehir Belediyesi Bebek Geli\u015fim Merkezi a\u00e7\u0131ld\u0131"},"content":{"rendered":"\n<p>Mersin Yeni\u015fehir Belediyesi, 2019 y\u0131l\u0131nda ba\u015flatt\u0131\u011f\u0131 ve T\u00fcrkiye\u2019de bir ilk olan Erken \u00c7ocukluk Geli\u015fimi Projesi kapsam\u0131nda \u00f6nemli bir uygulamay\u0131 daha hayata ge\u00e7irdi. Bebek Geli\u015fim Merkezini a\u00e7an Yeni\u015fehir Belediyesi proje ile 6-36 ay aras\u0131ndaki \u00e7ocuklar\u0131n geli\u015fim de\u011ferlendirmelerini yapacak, \u00e7ocuklar\u0131n akranlar\u0131yla sosyalle\u015febilmelerine, dil, motor ve bili\u015fsel becerilerinin geli\u015fimine destek verecek.<\/p>\n\n\n\n<p>Yeni\u015fehir Belediyesi Akademide kurulan Bebek Geli\u015fim Merkezinin a\u00e7\u0131l\u0131\u015f\u0131 yap\u0131ld\u0131. A\u00e7\u0131l\u0131\u015fa Yeni\u015fehir Belediye Ba\u015fkan\u0131 Abdullah \u00d6zyi\u011fit\u2019in yan\u0131 s\u0131ra belediye meclis \u00fcyeleri, sivil toplum kurulu\u015flar\u0131n\u0131n ba\u015fkan ve temsilcileri ile aileler kat\u0131ld\u0131. \u0130\u00e7erisinde oyun evi ve bebek k\u00fct\u00fcphanesini de bar\u0131nd\u0131ran merkezin a\u00e7\u0131l\u0131\u015f\u0131nda konu\u015fan Ba\u015fkan Abdullah \u00d6zyi\u011fit, \u201c<strong>Yeni\u015fehir Belediyesi olarak \u00e7ocuklar\u0131m\u0131z\u0131n donan\u0131ml\u0131 bireyler olarak yeti\u015fmesi i\u00e7in uzun s\u00fcredir y\u00fcr\u00fctt\u00fc\u011f\u00fcm\u00fcz erken \u00e7ocukluk geli\u015fimi \u00e7al\u0131\u015fmalar\u0131m\u0131za bir yenisini daha ekledik.&nbsp; Bebek Geli\u015fim Merkezi, erken \u00e7ocukluk d\u00f6neminin tamam\u0131n\u0131 kapsayan e\u011fitici ve destekleyici uygulamalar\u0131 i\u00e7eren \u2018Yeni\u015fehir Modeli\u2019 projemizin \u00f6nemli bir par\u00e7as\u0131 olacak.\u201d <\/strong>dedi.<\/p>\n\n\n\n<p><strong>\u201cBebek Geli\u015fim Merkezimiz ilham verebilecek niteliktedir.\u201d<\/strong><\/p>\n\n\n\n<p>Bebek Geli\u015fim Merkezi\u2019nde y\u00fcr\u00fctecekleri \u00e7al\u0131\u015fmalar\u0131n\u0131n \u00f6rnek te\u015fkil edece\u011fini belirten Ba\u015fkan Abdullah \u00d6zyi\u011fit, \u00fclkemizde 0-3 ya\u015f aras\u0131 d\u00f6neme y\u00f6nelik e\u011fitim faaliyetlerinin hala s\u0131n\u0131rl\u0131 oldu\u011funa dikkat \u00e7ekerek \u015funlar\u0131 dile getirdi: <strong>\u201cErken \u00e7ocukluk geli\u015fiminin \u00f6nemine olan fark\u0131ndal\u0131\u011f\u0131m\u0131zla a\u00e7t\u0131\u011f\u0131m\u0131z bu merkezin de di\u011fer \u00e7al\u0131\u015fmalar\u0131m\u0131z gibi bir model ve \u00f6rnek olmas\u0131n\u0131 hedefliyoruz. Bu projemizle \u00fclkemizde 0-3 ya\u015f d\u00f6nemine y\u00f6nelik e\u011fitim faaliyetlerinin h\u00e2l\u00e2 \u00e7ok s\u0131n\u0131rl\u0131 oldu\u011fu bir ger\u00e7e\u011fi g\u00f6z \u00f6n\u00fcne alarak, bu alandaki bo\u015flu\u011fu dolduran \u00f6rnek bir uygulamay\u0131 ama\u00e7l\u0131yoruz. Dolay\u0131s\u0131yla Bebek Geli\u015fim Merkezimiz ilham verebilecek niteliktedir.\u201d<\/strong><\/p>\n\n\n\n<p>Bebek Geli\u015fim Merkezinin uygulama bak\u0131m\u0131ndan T\u00fcrkiye\u2019de bir \u00f6rne\u011finin olmad\u0131\u011f\u0131n\u0131 ifade eden Ba\u015fkan Abdullah \u00d6zyi\u011fit, <strong>\u201c\u00c7ocuklar\u0131n do\u011fduklar\u0131 andan itibaren ebeveyn deste\u011fi kadar akranlar\u0131yla etkile\u015fimde olmalar\u0131 ve sosyal becerilerini geli\u015ftirecek ortamlarda bulunmalar\u0131n\u0131n \u00e7ok \u00f6nemli oldu\u011funu biliyoruz. Akranlar\u0131yla sosyalle\u015febildikleri alanlar, bebeklerin dil ve motor geli\u015fimleri ile bili\u015fsel becerileri gibi t\u00fcm geli\u015fim alanlar\u0131n\u0131 desteklemektedir.&nbsp; \u0130\u015fte bu bilimsel bilgi ve ihtiya\u00e7tan hareketle, T\u00fcrkiye\u2019de uygulama bak\u0131m\u0131ndan ilk olacak Bebek Geli\u015fim Merkezimizi hayata ge\u00e7irdik.\u201d <\/strong>\u015feklinde konu\u015ftu.<\/p>\n\n\n\n<p><strong>\u201cGeli\u015fim de\u011ferlendirme uygulamalar\u0131 devam edecek\u201d<\/strong><\/p>\n\n\n\n<p>Merkezde yap\u0131lacak uygulamalar hakk\u0131nda bilgi veren Ba\u015fkan \u00d6zyi\u011fit, klinik psikolog e\u015fli\u011finde 4 binin \u00fczerinde \u00e7ocu\u011fu tabi tuttuklar\u0131 geli\u015fim de\u011ferlendirme uygulamalar\u0131na da devam edeceklerini s\u00f6yledi. Ba\u015fkan \u00d6zyi\u011fit, <strong>\u201cBu merkezle birlikte 6 ila 36 ayl\u0131k \u00e7ocuklar\u0131m\u0131za y\u00f6nelik at\u00f6lye programlar\u0131 haz\u0131rlad\u0131k.&nbsp; Hedefimiz, \u00e7ocuklar\u0131m\u0131z\u0131n olabilecek en erken d\u00f6nemden itibaren sosyalle\u015fmelerini sa\u011flamak, \u00f6\u011frenme becerilerini geli\u015ftirmek ve sa\u011fl\u0131kl\u0131 bir geli\u015fim s\u00fcrecini desteklemektir. Programa d\u00e2hil olan her \u00e7ocu\u011fumuz, at\u00f6lyelere ba\u015flamadan \u00f6nce uzun zamand\u0131r y\u00fcr\u00fctt\u00fc\u011f\u00fcm\u00fcz ve&nbsp; klinik psikolo\u011fumuz taraf\u0131ndan yap\u0131lan geli\u015fim testlerine tabi tutulacakt\u0131r.&nbsp; Program kapsam\u0131nda, \u00e7ocuklar\u0131m\u0131z ya\u015f gruplar\u0131na ve geli\u015fimsel \u00f6zelliklerine g\u00f6re d\u00f6rt ayr\u0131 gruba ayr\u0131l\u0131yor: 6-9 ay, 10-14 ay, 15-21 ay ve 22-36 ay. Uygulad\u0131\u011f\u0131m\u0131z at\u00f6lyeler; dil geli\u015fimi, bili\u015fsel geli\u015fim, motor geli\u015fim ve sosyal-duygusal geli\u015fim alanlar\u0131n\u0131 kapsayacak.&nbsp; Her grup ayda toplam 12 saatlik geni\u015f bir at\u00f6lye uygulamas\u0131na kat\u0131lacak.\u201d dedi.<\/strong><\/p>\n\n\n\n<p><strong>\u201c\u00c7ocuklar\u0131m\u0131z\u0131n potansiyellerini g\u00f6zden ka\u00e7\u0131rm\u0131yoruz\u201d<\/strong><\/p>\n\n\n\n<p>Bug\u00fcne kadar 145 \u00e7ocu\u011fun merkezden yararland\u0131\u011f\u0131n\u0131 belirten Ba\u015fkan Abdullah \u00d6zyi\u011fit,&nbsp; <strong>\u201cOcak 2025 tarihinde uygulamaya ba\u015flad\u0131\u011f\u0131m\u0131z bu merkezimizden, bug\u00fcne kadar 145 \u00e7ocu\u011fumuz \u00fccretsiz olarak yararland\u0131. Duyarl\u0131l\u0131k g\u00f6steren ailelerimizi kutluyorum.&nbsp; Son s\u00f6z olarak \u015funu ifade etmek isterim: Bir \u00e7ocu\u011fun geli\u015fimine yap\u0131lan yat\u0131r\u0131m, bir toplumun gelece\u011fine yap\u0131lan en g\u00fc\u00e7l\u00fc yat\u0131r\u0131md\u0131r. Biz bu anlay\u0131\u015fla \u00e7al\u0131\u015f\u0131yor, \u00e7ocuklar\u0131m\u0131z\u0131n potansiyellerine g\u00f6zden ka\u00e7\u0131rm\u0131yor, onlar\u0131n mutlu, sa\u011fl\u0131kl\u0131 ve g\u00fc\u00e7l\u00fc bireyler olarak yeti\u015fmesi i\u00e7in elimizden gelenin en iyisini yapmaya devam ediyoruz. Bu merkezi hayata ge\u00e7iren t\u00fcm ekibimize ve her zaman yan\u0131m\u0131zda olan siz de\u011ferli hem\u015fehrilerime y\u00fcrekten te\u015fekk\u00fcr ediyorum. Bebek Geli\u015fim Merkezimiz; Yeni\u015fehir\u2019e, \u00e7ocuklar\u0131m\u0131za, gelece\u011fimize hay\u0131rl\u0131 olsun.\u201d <\/strong>ifadelerini kulland\u0131.&nbsp;Ba\u015fkan Abdullah \u00d6zyi\u011fit, 12 saatlik e\u011fitimlerini tamamlayan \u00e7ocuklar i\u00e7in haz\u0131rlanan belgeleri ailelerine verdi ard\u0131ndan ailelerle birlikte merkezin a\u00e7\u0131l\u0131\u015f kurdelesini kesti.<\/p>\n\n\n\n<p>Bebek Geli\u015fim Merkezinden yararlanmak isteyen aileler 0324 327 46 40 telefon numaras\u0131n\u0131 arayarak, detayl\u0131 bilgi alabilecek veya kay\u0131t olu\u015fturabilecek.<\/p>\n","protected":false},"excerpt":{"rendered":"<p>Mersin Yeni\u015fehir Belediyesi, 2019 y\u0131l\u0131nda ba\u015flatt\u0131\u011f\u0131 ve T\u00fcrkiye\u2019de bir ilk olan Erken \u00c7ocukluk Geli\u015fimi Projesi kapsam\u0131nda \u00f6nemli bir uygulamay\u0131 daha hayata ge\u00e7irdi. Bebek Geli\u015fim Merkezini a\u00e7an Yeni\u015fehir Belediyesi proje ile 6-36 ay aras\u0131ndaki \u00e7ocuklar\u0131n geli\u015fim de\u011ferlendirmelerini yapacak, \u00e7ocuklar\u0131n akranlar\u0131yla sosyalle\u015febilmelerine, dil, motor ve bili\u015fsel becerilerinin geli\u015fimine destek verecek. Yeni\u015fehir Belediyesi Akademide kurulan Bebek Geli\u015fim Merkezinin [&hellip;]<\/p>\n","protected":false},"author":2,"featured_media":42563,"comment_status":"closed","ping_status":"closed","sticky":false,"template":"","format":"standard","meta":{"footnotes":""},"categories":[3],"tags":[],"class_list":["post-42562","post","type-post","status-publish","format-standard","has-post-thumbnail","hentry","category-manset"],"views":3,"_links":{"self":[{"href":"https:\/\/mersinkadingazetesi.com\/index.php?rest_route=\/wp\/v2\/posts\/42562"}],"collection":[{"href":"https:\/\/mersinkadingazetesi.com\/index.php?rest_route=\/wp\/v2\/posts"}],"about":[{"href":"https:\/\/mersinkadingazetesi.com\/index.php?rest_route=\/wp\/v2\/types\/post"}],"author":[{"embeddable":true,"href":"https:\/\/mersinkadingazetesi.com\/index.php?rest_route=\/wp\/v2\/users\/2"}],"replies":[{"embeddable":true,"href":"https:\/\/mersinkadingazetesi.com\/index.php?rest_route=%2Fwp%2Fv2%2Fcomments&post=42562"}],"version-history":[{"count":1,"href":"https:\/\/mersinkadingazetesi.com\/index.php?rest_route=\/wp\/v2\/posts\/42562\/revisions"}],"predecessor-version":[{"id":42564,"href":"https:\/\/mersinkadingazetesi.com\/index.php?rest_route=\/wp\/v2\/posts\/42562\/revisions\/42564"}],"wp:featuredmedia":[{"embeddable":true,"href":"https:\/\/mersinkadingazetesi.com\/index.php?rest_route=\/wp\/v2\/media\/42563"}],"wp:attachment":[{"href":"https:\/\/mersinkadingazetesi.com\/index.php?rest_route=%2Fwp%2Fv2%2Fmedia&parent=42562"}],"wp:term":[{"taxonomy":"category","embeddable":true,"href":"https:\/\/mersinkadingazetesi.com\/index.php?rest_route=%2Fwp%2Fv2%2Fcategories&post=42562"},{"taxonomy":"post_tag","embeddable":true,"href":"https:\/\/mersinkadingazetesi.com\/index.php?rest_route=%2Fwp%2Fv2%2Ftags&post=42562"}],"curies":[{"name":"wp","href":"https:\/\/api.w.org\/{rel}","templated":true}]}}