{"id":42565,"date":"2025-05-14T11:34:28","date_gmt":"2025-05-14T08:34:28","guid":{"rendered":"https:\/\/mersinkadingazetesi.com\/?p=42565"},"modified":"2025-05-14T11:34:29","modified_gmt":"2025-05-14T08:34:29","slug":"mersin-devlet-opera-ve-balesinden-unutulmaz-bir-muzikal-mancali-adam","status":"publish","type":"post","link":"https:\/\/mersinkadingazetesi.com\/?p=42565","title":{"rendered":"MERS\u0130N DEVLET OPERA VE BALES\u0130\u2019NDEN UNUTULMAZ B\u0130R M\u00dcZ\u0130KAL: \u201cMAN\u00c7ALI ADAM\u201d"},"content":{"rendered":"\n<p>Mersin Devlet Opera ve Balesi, 2024\u20132025 sanat sezonunu, izleyicileri hem g\u00f6rsel hem duygusal bir yolculu\u011fa \u00e7\u0131karan muhte\u015fem bir pr\u00f6miyerle ta\u00e7land\u0131rd\u0131. T\u00fcm zamanlar\u0131n en etkileyici m\u00fczikallerinden biri kabul edilen Man\u00e7al\u0131 Adam (Man of La Mancha), 13 May\u0131s ak\u015fam\u0131 Mersin DOB sahnesinde ilk kez perde dedi.<\/p>\n\n\n\n<p>\u0130spanyol edebiyat\u0131n\u0131n \u00f6l\u00fcms\u00fcz kalemi Miguel de Cervantes\u2019in Don Ki\u015fot adl\u0131 ba\u015fyap\u0131t\u0131ndan esinlenerek yarat\u0131lan bu g\u00f6rkemli eser, izleyen herkesi derin d\u00fc\u015f\u00fcncelere ve uzun s\u00fcre alk\u0131\u015flamaya sevk etti. Dakikalarca s\u00fcren alk\u0131\u015flarla onurland\u0131r\u0131lan eser, sanatseverler taraf\u0131ndan b\u00fcy\u00fck be\u011feniyle kar\u015f\u0131land\u0131.<\/p>\n\n\n\n<p>Zindan\u0131n karanl\u0131\u011f\u0131nda bile insan ruhunun sars\u0131lmaz direncini, hayal g\u00fcc\u00fcn\u00fcn \u00f6nemini ve sanat\u0131n ayd\u0131nlat\u0131c\u0131 etkisini anlatan Man\u00e7al\u0131 Adam, yaln\u0131zca bir m\u00fczikal de\u011fil, ayn\u0131 zamanda ya\u015fam\u0131n anlam\u0131na dair felsefi bir sorgulamayd\u0131. Eser, izleyicilere \u201cimk\u00e2ns\u0131z\u0131 d\u00fc\u015fleme cesaretini\u201d hat\u0131rlatt\u0131.<\/p>\n\n\n\n<p>15 May\u0131s 2025 Per\u015fembe g\u00fcn\u00fc sahnelenecek ikinci g\u00f6sterim i\u00e7in biletler g\u00fcnler \u00f6ncesinden t\u00fckenerek, sanatseverlerin esere duydu\u011fu yo\u011fun ilgiyi g\u00f6zler \u00f6n\u00fcne serdi.<\/p>\n\n\n\n<p>Orkestra \u015fefli\u011fini Aytu\u011f \u00dclgen\u2019in \u00fcstlendi\u011fi yap\u0131m\u0131n, sahne b\u00fcy\u00fcs\u00fcn\u00fc yaratan yarat\u0131c\u0131 ekibi \u015fu isimlerden olu\u015ftu: Dekor Tasar\u0131m\u0131: Ferhat Karakaya, Kost\u00fcm Tasar\u0131m\u0131: Gizem Betil, I\u015f\u0131k Tasar\u0131m\u0131: Tar\u0131 Deniz, Video Projeksiyon: Umut Sinan \u00d6zdemir,Ses Tasar\u0131m\u0131: Ali Ezgi Ezici.<\/p>\n\n\n\n<p>Y\u00f6netmen koltu\u011funda usta sanat\u00e7\u0131 Murat G\u00f6ksu\u2019nun oturdu\u011fu prod\u00fcksiyonun y\u00f6netmen yard\u0131mc\u0131l\u0131\u011f\u0131n\u0131 Cans\u0131n Nehir Mansuro\u011flu \u00fcstlenirken, ba\u015frollerde ise g\u00fc\u00e7l\u00fc oyunculuklar\u0131 ve vokalleriyle dikkat \u00e7eken isimler yer ald\u0131: \u2022&nbsp;&nbsp;&nbsp;&nbsp;&nbsp;&nbsp;&nbsp;&nbsp;&nbsp;&nbsp; Don Ki\u015fot\/Cervantes: Kenan Korbek, \u2022 Sancho: Onur Polat, Aldonza: Ay\u015feg\u00fcl Devrim Din\u00e7er, \u2022 Hanc\u0131: Talat Tolga Ergen, \u2022 Rahip: Sezgin Ham\u0131zo\u011flu, \u2022 Dr. Carasco: Orhan G\u00fcll\u00fcler di.<\/p>\n\n\n\n<p>Adeta bir sanat manifestosuna d\u00f6n\u00fc\u015ft\u00fcren Man\u00e7al\u0131 Adam, Mersin Devlet Opera ve Balesi\u2019nin sanata ve seyirciye duydu\u011fu derin ba\u011fl\u0131l\u0131\u011f\u0131 bir kez daha ortaya koydu. Seyircisini cesareti, erdemi ve hayalin g\u00fcc\u00fcyle bulu\u015fturan bu b\u00fcy\u00fcl\u00fc eser, haf\u0131zalara kaz\u0131nan bir geceye imza att\u0131.<\/p>\n","protected":false},"excerpt":{"rendered":"<p>Mersin Devlet Opera ve Balesi, 2024\u20132025 sanat sezonunu, izleyicileri hem g\u00f6rsel hem duygusal bir yolculu\u011fa \u00e7\u0131karan muhte\u015fem bir pr\u00f6miyerle ta\u00e7land\u0131rd\u0131. T\u00fcm zamanlar\u0131n en etkileyici m\u00fczikallerinden biri kabul edilen Man\u00e7al\u0131 Adam (Man of La Mancha), 13 May\u0131s ak\u015fam\u0131 Mersin DOB sahnesinde ilk kez perde dedi. \u0130spanyol edebiyat\u0131n\u0131n \u00f6l\u00fcms\u00fcz kalemi Miguel de Cervantes\u2019in Don Ki\u015fot adl\u0131 ba\u015fyap\u0131t\u0131ndan [&hellip;]<\/p>\n","protected":false},"author":2,"featured_media":42566,"comment_status":"closed","ping_status":"closed","sticky":false,"template":"","format":"standard","meta":{"footnotes":""},"categories":[3,5],"tags":[],"class_list":["post-42565","post","type-post","status-publish","format-standard","has-post-thumbnail","hentry","category-manset","category-mersin"],"views":6,"_links":{"self":[{"href":"https:\/\/mersinkadingazetesi.com\/index.php?rest_route=\/wp\/v2\/posts\/42565"}],"collection":[{"href":"https:\/\/mersinkadingazetesi.com\/index.php?rest_route=\/wp\/v2\/posts"}],"about":[{"href":"https:\/\/mersinkadingazetesi.com\/index.php?rest_route=\/wp\/v2\/types\/post"}],"author":[{"embeddable":true,"href":"https:\/\/mersinkadingazetesi.com\/index.php?rest_route=\/wp\/v2\/users\/2"}],"replies":[{"embeddable":true,"href":"https:\/\/mersinkadingazetesi.com\/index.php?rest_route=%2Fwp%2Fv2%2Fcomments&post=42565"}],"version-history":[{"count":1,"href":"https:\/\/mersinkadingazetesi.com\/index.php?rest_route=\/wp\/v2\/posts\/42565\/revisions"}],"predecessor-version":[{"id":42567,"href":"https:\/\/mersinkadingazetesi.com\/index.php?rest_route=\/wp\/v2\/posts\/42565\/revisions\/42567"}],"wp:featuredmedia":[{"embeddable":true,"href":"https:\/\/mersinkadingazetesi.com\/index.php?rest_route=\/wp\/v2\/media\/42566"}],"wp:attachment":[{"href":"https:\/\/mersinkadingazetesi.com\/index.php?rest_route=%2Fwp%2Fv2%2Fmedia&parent=42565"}],"wp:term":[{"taxonomy":"category","embeddable":true,"href":"https:\/\/mersinkadingazetesi.com\/index.php?rest_route=%2Fwp%2Fv2%2Fcategories&post=42565"},{"taxonomy":"post_tag","embeddable":true,"href":"https:\/\/mersinkadingazetesi.com\/index.php?rest_route=%2Fwp%2Fv2%2Ftags&post=42565"}],"curies":[{"name":"wp","href":"https:\/\/api.w.org\/{rel}","templated":true}]}}