{"id":42568,"date":"2025-05-14T12:30:51","date_gmt":"2025-05-14T09:30:51","guid":{"rendered":"https:\/\/mersinkadingazetesi.com\/?p=42568"},"modified":"2025-05-14T12:30:52","modified_gmt":"2025-05-14T09:30:52","slug":"deva-partili-ekmen-hukuk-herkes-icin-gecerli-olmali","status":"publish","type":"post","link":"https:\/\/mersinkadingazetesi.com\/?p=42568","title":{"rendered":"DEVA Partili Ekmen: Hukuk herkes i\u00e7in ge\u00e7erli olmal\u0131"},"content":{"rendered":"\n<figure class=\"wp-block-table\"><table class=\"has-fixed-layout\"><tbody><tr><td>DEVA Partisi Genel Ba\u015fkan Yard\u0131mc\u0131s\u0131 ve Mersin Milletvekili Mehmet Emin Ekmen, Gaziantep merkezli ve 47 ili kapsayan FET\u00d6 soru\u015fturmas\u0131 kapsam\u0131nda \u00e7o\u011funlu\u011fu \u00fcniversite \u00f6\u011frencilerinden olu\u015fan 229 ki\u015finin g\u00f6zalt\u0131na al\u0131nmas\u0131na tepki g\u00f6sterdi.\u00a0<br>Hukukun s\u0131n\u0131rlar\u0131 bu kadar belirsizle\u015ftirilmemeli<br>Konuyu T\u00fcrkiye B\u00fcy\u00fck Millet Meclisi Genel Kurulu\u2019nda da g\u00fcndeme getiren Ekmen, \u201cYakla\u015f\u0131k bir haftad\u0131r, Gaziantep ba\u015fta olmak \u00fczere 47 ili kapsayan bir FET\u00d6 soru\u015fturmas\u0131 y\u00fcr\u00fct\u00fcld\u00fc. 229 ki\u015fi g\u00f6zalt\u0131na al\u0131nd\u0131, 77 ki\u015fi tutukland\u0131. Bu ki\u015filerin \u00e7o\u011funlu\u011fu 20\u2019li ya\u015flarda olan \u00fcniversite \u00f6\u011frencilerinden olu\u015fuyor. T\u00fcrkiye Cumhuriyeti tarihi boyunca bir\u00e7ok ter\u00f6r \u00f6rg\u00fct\u00fcyle m\u00fccadele etti ancak FET\u00d6 soru\u015fturmalar\u0131 kadar yayg\u0131n, FET\u00d6 soru\u015fturmalar\u0131 kadar bireyin haklar\u0131n\u0131n \u00e7i\u011fnendi\u011fi ve FET\u00d6 soru\u015fturmalar\u0131 kadar neye hizmet etti\u011fi belirsiz olan soru\u015fturmalar ger\u00e7ekten \u00e7ok az oldu\u201d dedi.<br>\u00a0Gencecik \u00f6\u011frencilere y\u00f6nelik hukuksuzluklara neden sessiz kal\u0131n\u0131yor?<br>Ekmen, \u201cTer\u00f6rle m\u00fccadele bir hukuk devleti i\u00e7in olmazsa olmazd\u0131r. Ancak bu m\u00fccadele hukukun s\u0131n\u0131rlar\u0131 i\u00e7inde, masumiyet karinesine riayet edilerek, keyfilikten uzak ve adil bi\u00e7imde y\u00fcr\u00fct\u00fclmelidir. G\u00f6zalt\u0131 s\u00fcre\u00e7leri dahil olmak \u00fczere, temel hak ve \u00f6zg\u00fcrl\u00fcklerin yok say\u0131ld\u0131\u011f\u0131 y\u00f6ntemler asla me\u015fru kabul edilemez. Gencecik \u00fcniversite \u00f6\u011frencilerine yap\u0131lan bu uygulamalara neden kimse sesini \u00e7\u0131kartm\u0131yor? Korunmas\u0131z halde olan bu gen\u00e7ler i\u00e7in neden sessiz kal\u0131n\u0131yor?\u201d diye sordu.<\/td><\/tr><\/tbody><\/table><\/figure>\n","protected":false},"excerpt":{"rendered":"<p>DEVA Partisi Genel Ba\u015fkan Yard\u0131mc\u0131s\u0131 ve Mersin Milletvekili Mehmet Emin Ekmen, Gaziantep merkezli ve 47 ili kapsayan FET\u00d6 soru\u015fturmas\u0131 kapsam\u0131nda \u00e7o\u011funlu\u011fu \u00fcniversite \u00f6\u011frencilerinden olu\u015fan 229 ki\u015finin g\u00f6zalt\u0131na al\u0131nmas\u0131na tepki g\u00f6sterdi.\u00a0Hukukun s\u0131n\u0131rlar\u0131 bu kadar belirsizle\u015ftirilmemeliKonuyu T\u00fcrkiye B\u00fcy\u00fck Millet Meclisi Genel Kurulu\u2019nda da g\u00fcndeme getiren Ekmen, \u201cYakla\u015f\u0131k bir haftad\u0131r, Gaziantep ba\u015fta olmak \u00fczere 47 ili kapsayan bir [&hellip;]<\/p>\n","protected":false},"author":2,"featured_media":42569,"comment_status":"closed","ping_status":"closed","sticky":false,"template":"","format":"standard","meta":{"footnotes":""},"categories":[3],"tags":[],"class_list":["post-42568","post","type-post","status-publish","format-standard","has-post-thumbnail","hentry","category-manset"],"views":2,"_links":{"self":[{"href":"https:\/\/mersinkadingazetesi.com\/index.php?rest_route=\/wp\/v2\/posts\/42568"}],"collection":[{"href":"https:\/\/mersinkadingazetesi.com\/index.php?rest_route=\/wp\/v2\/posts"}],"about":[{"href":"https:\/\/mersinkadingazetesi.com\/index.php?rest_route=\/wp\/v2\/types\/post"}],"author":[{"embeddable":true,"href":"https:\/\/mersinkadingazetesi.com\/index.php?rest_route=\/wp\/v2\/users\/2"}],"replies":[{"embeddable":true,"href":"https:\/\/mersinkadingazetesi.com\/index.php?rest_route=%2Fwp%2Fv2%2Fcomments&post=42568"}],"version-history":[{"count":1,"href":"https:\/\/mersinkadingazetesi.com\/index.php?rest_route=\/wp\/v2\/posts\/42568\/revisions"}],"predecessor-version":[{"id":42570,"href":"https:\/\/mersinkadingazetesi.com\/index.php?rest_route=\/wp\/v2\/posts\/42568\/revisions\/42570"}],"wp:featuredmedia":[{"embeddable":true,"href":"https:\/\/mersinkadingazetesi.com\/index.php?rest_route=\/wp\/v2\/media\/42569"}],"wp:attachment":[{"href":"https:\/\/mersinkadingazetesi.com\/index.php?rest_route=%2Fwp%2Fv2%2Fmedia&parent=42568"}],"wp:term":[{"taxonomy":"category","embeddable":true,"href":"https:\/\/mersinkadingazetesi.com\/index.php?rest_route=%2Fwp%2Fv2%2Fcategories&post=42568"},{"taxonomy":"post_tag","embeddable":true,"href":"https:\/\/mersinkadingazetesi.com\/index.php?rest_route=%2Fwp%2Fv2%2Ftags&post=42568"}],"curies":[{"name":"wp","href":"https:\/\/api.w.org\/{rel}","templated":true}]}}