{"id":42577,"date":"2025-05-14T15:35:07","date_gmt":"2025-05-14T12:35:07","guid":{"rendered":"https:\/\/mersinkadingazetesi.com\/?p=42577"},"modified":"2025-05-14T15:35:09","modified_gmt":"2025-05-14T12:35:09","slug":"milletvekili-bozan-adiyaman-carsi-projesi-hayal-mi-oldu","status":"publish","type":"post","link":"https:\/\/mersinkadingazetesi.com\/?p=42577","title":{"rendered":"Milletvekili Bozan: &#8216;Ad\u0131yaman \u00e7ar\u015f\u0131 projesi&#8217; hayal mi oldu?"},"content":{"rendered":"\n<p>Ad\u0131yaman i\u00e7in \u00f6nemle beklenen \u00e7ar\u015f\u0131 ve meydan projesinin iptal edildi\u011fi y\u00f6n\u00fcndeki s\u00f6ylemlerin kamuoyunda yaratt\u0131\u011f\u0131 tepkilere dikkat \u00e7eken DEM Parti Mersin Milletvekili Av. Ali Bozan, \u00c7evre, \u015eehircilik ve \u0130klim De\u011fi\u015fikli\u011fi Bakan\u0131 Murat Kurum&#8217;a projenin ak\u0131betini sordu: Bozan, Kurum&#8217;a, &#8220;Ad\u0131yaman \u00c7ar\u015f\u0131 ve Meydan Projesi hayal mi oldu&#8221; sorusunu y\u00f6neltti.&nbsp;<\/p>\n\n\n\n<p>6 \u015eubat Depremlerinin ard\u0131ndan Ad\u0131yaman i\u00e7in sosyal hayat\u0131n canlanmas\u0131 noktas\u0131nda hayati \u00f6nemde bulunan &#8216;Ad\u0131yaman \u00c7ar\u015f\u0131 ve Meydan Projesi&#8217;nin 1&#8217;inci etab\u0131n\u0131n ard\u0131ndan \u00e7al\u0131\u015fmalar\u0131n durmas\u0131 ve projenin iptal edildi\u011fi y\u00f6n\u00fcnde yap\u0131lan iddialar kent kamuoyunda yo\u011fun tart\u0131\u015fmalara neden oldu. Halklar\u0131n E\u015fitlik ve Demokrasi Partisi (DEM Parti) Mersin Milletvekili Ali Bozan, kent kamuoyunu olumsuz etkileyen bu tart\u0131\u015fmay\u0131 Meclis g\u00fcndemine ta\u015f\u0131d\u0131r. Milletvekili Bozan, \u00c7evre, \u015eehircilik ve \u0130klim De\u011fi\u015fikli\u011fi Bakan\u0131 Say\u0131n Murat Kurum&#8217;a yan\u0131tlamas\u0131 \u00fczerine projenin ak\u0131betine dair soru \u00f6nergesi sundu.&nbsp;<\/p>\n\n\n\n<p>BOZAN: &#8220;BU PROJE ADIYAMAN&#8217;IN AYA\u011eA KALKMASI \u0130\u00c7\u0130N HAYAT\u0130 B\u0130R ADIM&#8221;\u2028<\/p>\n\n\n\n<p>Milletvekili Bozan, \u00f6nergenin a\u00e7\u0131klamas\u0131nda &#8220;Depremin ard\u0131ndan kamuoyuna a\u00e7\u0131klanan &#8216;Ad\u0131yaman \u00c7ar\u015f\u0131 ve Meydan D\u00fczenleme Projesi&#8217; \u015fehrin yeniden aya\u011fa kalkmas\u0131, sosyal ve ekonomik hayat\u0131n canlanmas\u0131 a\u00e7\u0131s\u0131ndan hayati bir ad\u0131m olarak g\u00f6r\u00fclm\u00fc\u015ft\u00fcr. Proje d\u00f6rt etap olarak planlanm\u0131\u015f; 1. etap \u00e7al\u0131\u015fmalar\u0131 ba\u015flat\u0131lm\u0131\u015f olsa da, 2., 3. ve 4. etaplara ili\u015fkin herhangi bir resmi ilerleme ya da kamuoyuna yap\u0131lm\u0131\u015f bir bilgilendirme bulunmamaktad\u0131r. Aksine, bu etaplar\u0131n iptal edildi\u011fi ya da belirsiz bir tarihe ertelendi\u011fi y\u00f6n\u00fcnde \u00e7e\u015fitli s\u00f6ylentiler ve kayg\u0131lar artmaktad\u0131r.\u2028\u2028\u015eehrin tam merkezini, y\u00fczlerce esnaf\u0131, on binlerce yurtta\u015f\u0131 do\u011frudan ilgilendiren bu projenin hayata ge\u00e7irilmemesi durumunda, Ad\u0131yaman&#8217;\u0131n sosyal ve ekonomik toparlanmas\u0131n\u0131n ciddi bi\u00e7imde sekteye u\u011frayaca\u011f\u0131 a\u00e7\u0131kt\u0131r.&#8221; ifadelerine yer verdi.<\/p>\n\n\n\n<p>&#8220;PROJEN\u0130N ETAPLARI \u0130PTAL MI ED\u0130LD\u0130&#8221;<\/p>\n\n\n\n<p>Milletvekili Bozan, Bakan Kurum&#8217;a \u015fu sorular\u0131 y\u00f6neltti:&nbsp;<\/p>\n\n\n\n<p>&#8220;1. Ad\u0131yaman \u00c7ar\u015f\u0131 ve Meydan D\u00fczenleme Projesi&#8217;nin 2., 3. ve 4. etaplar\u0131 iptal mi edilmi\u015ftir?<\/p>\n\n\n\n<p>2.E\u011fer iptal edilmediyse, bu etaplar\u0131n yap\u0131m\u0131na ne zaman ba\u015flanacakt\u0131r?<\/p>\n\n\n\n<p>3. Projeye ili\u015fkin kamuoyuna resmi bir takvim ya da a\u00e7\u0131klama yap\u0131lmas\u0131 planlanmakta m\u0131d\u0131r?<\/p>\n\n\n\n<p>4. Projenin t\u00fcm etaplar\u0131yla tamamlanabilmesi i\u00e7in merkezi b\u00fct\u00e7eden ayr\u0131lan bir kaynak bulunmakta m\u0131d\u0131r?<\/p>\n\n\n\n<p>5. Projenin geni\u015fletilerek s\u00fcrd\u00fcr\u00fclmesi ve daha kapsay\u0131c\u0131 h\u00e2le getirilmesi y\u00f6n\u00fcnde Bakanl\u0131\u011f\u0131n\u0131z\u0131n bir \u00e7al\u0131\u015fmas\u0131 mevcut mudur?<\/p>\n\n\n\n<p>6. Ad\u0131yaman halk\u0131 taraf\u0131ndan b\u00fcy\u00fck destek g\u00f6ren bu projenin tamamlanmas\u0131 i\u00e7in Bakanl\u0131\u011f\u0131n\u0131z, yerel y\u00f6netim ve di\u011fer kamu kurumlar\u0131 aras\u0131nda nas\u0131l bir koordinasyon y\u00fcr\u00fct\u00fclmektedir?<\/p>\n\n\n\n<p>7. Deprem sonras\u0131 b\u00fcy\u00fck y\u0131k\u0131ma u\u011fram\u0131\u015f iller aras\u0131nda Ad\u0131yaman&#8217;\u0131n kent merkezine y\u00f6nelik bu denli \u00f6nemli bir projede geri planda kalmas\u0131n\u0131n nedeni nedir?&#8221;<\/p>\n","protected":false},"excerpt":{"rendered":"<p>Ad\u0131yaman i\u00e7in \u00f6nemle beklenen \u00e7ar\u015f\u0131 ve meydan projesinin iptal edildi\u011fi y\u00f6n\u00fcndeki s\u00f6ylemlerin kamuoyunda yaratt\u0131\u011f\u0131 tepkilere dikkat \u00e7eken DEM Parti Mersin Milletvekili Av. Ali Bozan, \u00c7evre, \u015eehircilik ve \u0130klim De\u011fi\u015fikli\u011fi Bakan\u0131 Murat Kurum&#8217;a projenin ak\u0131betini sordu: Bozan, Kurum&#8217;a, &#8220;Ad\u0131yaman \u00c7ar\u015f\u0131 ve Meydan Projesi hayal mi oldu&#8221; sorusunu y\u00f6neltti.&nbsp; 6 \u015eubat Depremlerinin ard\u0131ndan Ad\u0131yaman i\u00e7in sosyal hayat\u0131n [&hellip;]<\/p>\n","protected":false},"author":2,"featured_media":42578,"comment_status":"closed","ping_status":"closed","sticky":false,"template":"","format":"standard","meta":{"footnotes":""},"categories":[3],"tags":[],"class_list":["post-42577","post","type-post","status-publish","format-standard","has-post-thumbnail","hentry","category-manset"],"views":2,"_links":{"self":[{"href":"https:\/\/mersinkadingazetesi.com\/index.php?rest_route=\/wp\/v2\/posts\/42577"}],"collection":[{"href":"https:\/\/mersinkadingazetesi.com\/index.php?rest_route=\/wp\/v2\/posts"}],"about":[{"href":"https:\/\/mersinkadingazetesi.com\/index.php?rest_route=\/wp\/v2\/types\/post"}],"author":[{"embeddable":true,"href":"https:\/\/mersinkadingazetesi.com\/index.php?rest_route=\/wp\/v2\/users\/2"}],"replies":[{"embeddable":true,"href":"https:\/\/mersinkadingazetesi.com\/index.php?rest_route=%2Fwp%2Fv2%2Fcomments&post=42577"}],"version-history":[{"count":1,"href":"https:\/\/mersinkadingazetesi.com\/index.php?rest_route=\/wp\/v2\/posts\/42577\/revisions"}],"predecessor-version":[{"id":42579,"href":"https:\/\/mersinkadingazetesi.com\/index.php?rest_route=\/wp\/v2\/posts\/42577\/revisions\/42579"}],"wp:featuredmedia":[{"embeddable":true,"href":"https:\/\/mersinkadingazetesi.com\/index.php?rest_route=\/wp\/v2\/media\/42578"}],"wp:attachment":[{"href":"https:\/\/mersinkadingazetesi.com\/index.php?rest_route=%2Fwp%2Fv2%2Fmedia&parent=42577"}],"wp:term":[{"taxonomy":"category","embeddable":true,"href":"https:\/\/mersinkadingazetesi.com\/index.php?rest_route=%2Fwp%2Fv2%2Fcategories&post=42577"},{"taxonomy":"post_tag","embeddable":true,"href":"https:\/\/mersinkadingazetesi.com\/index.php?rest_route=%2Fwp%2Fv2%2Ftags&post=42577"}],"curies":[{"name":"wp","href":"https:\/\/api.w.org\/{rel}","templated":true}]}}