{"id":42580,"date":"2025-05-14T15:36:18","date_gmt":"2025-05-14T12:36:18","guid":{"rendered":"https:\/\/mersinkadingazetesi.com\/?p=42580"},"modified":"2025-05-14T15:36:19","modified_gmt":"2025-05-14T12:36:19","slug":"baskan-yildizdan-ozel-birey-kubraya-anlamli-ziyaret","status":"publish","type":"post","link":"https:\/\/mersinkadingazetesi.com\/?p=42580","title":{"rendered":"BA\u015eKAN YILDIZ&#8217;DAN \u00d6ZEL B\u0130REY K\u00dcBRA&#8217;YA ANLAMLI Z\u0130YARET"},"content":{"rendered":"\n<p><strong>Toroslar Belediye Ba\u015fkan\u0131 Abdurrahman Y\u0131ld\u0131z, Engelliler Haftas\u0131 kapsam\u0131nda \u00f6zel bir ziyaret ger\u00e7ekle\u015ftirdi.<\/strong><\/p>\n\n\n\n<p>Ba\u015fkan Y\u0131ld\u0131z, daha \u00f6nce 3 Aral\u0131k D\u00fcnya Engelliler G\u00fcn\u00fc&#8217;nde belediyeye konuk olan ve makam koltu\u011funa oturan 28 ya\u015f\u0131ndaki \u00f6zel birey K\u00fcbra&#8217;y\u0131, bu kez evinde ziyaret etti. S\u0131cak ve samimi bir ortamda ger\u00e7ekle\u015fen bulu\u015fma, hem K\u00fcbra hem de ailesi i\u00e7in unutulmaz bir an\u0131 oldu.<\/p>\n\n\n\n<p>Ziyaret s\u0131ras\u0131nda a\u00e7\u0131klamalarda bulunan Ba\u015fkan Y\u0131ld\u0131z, engelli bireylerin ya\u015famlar\u0131n\u0131 kolayla\u015ft\u0131rmak ve sosyal hayata aktif kat\u0131l\u0131mlar\u0131n\u0131 sa\u011flamak ad\u0131na \u00e7al\u0131\u015fmalar\u0131n s\u00fcrd\u00fc\u011f\u00fcn\u00fc belirterek, &#8220;Toroslar&#8217;da hi\u00e7bir vatanda\u015f\u0131m\u0131z\u0131n kendini yaln\u0131z hissetmedi\u011fi bir kent hedefliyoruz. \u00d6zel bireylerimizin ya\u015fam\u0131n\u0131 kolayla\u015ft\u0131racak her t\u00fcrl\u00fc projeyi hayata ge\u00e7irmeye devam edece\u011fiz&#8221; dedi.<\/p>\n\n\n\n<p><strong>&#8220;BU Z\u0130YARET SADECE B\u0130R VEFA DE\u011e\u0130L&#8221;<\/strong><\/p>\n\n\n\n<p>Mental retardasyon hastal\u0131\u011f\u0131 olan K\u00fcbra ile yak\u0131ndan ilgilenen ve onun hayallerini dinleyen Ba\u015fkan Y\u0131ld\u0131z, ger\u00e7ekle\u015ftirdi\u011fi ziyaretin ta\u015f\u0131d\u0131\u011f\u0131 sembolik de\u011fere dikkat \u00e7ekerek, &#8220;Bu ziyaret sadece bir vefa de\u011fil, ayn\u0131 zamanda engelli bireylerimizin toplumda g\u00f6r\u00fcn\u00fcr olmas\u0131 ve sosyal ya\u015fama kat\u0131l\u0131mlar\u0131n\u0131n desteklenmesi a\u00e7\u0131s\u0131ndan da son derece \u00f6nemli&#8221; ifadelerini kulland\u0131.<\/p>\n\n\n\n<p>K\u00fcbra ve ailesi de Ba\u015fkan Y\u0131ld\u0131z&#8217;a bu anlaml\u0131 ziyareti i\u00e7in te\u015fekk\u00fcr ederek, duyduklar\u0131 memnuniyeti dile getirdi.<\/p>\n","protected":false},"excerpt":{"rendered":"<p>Toroslar Belediye Ba\u015fkan\u0131 Abdurrahman Y\u0131ld\u0131z, Engelliler Haftas\u0131 kapsam\u0131nda \u00f6zel bir ziyaret ger\u00e7ekle\u015ftirdi. Ba\u015fkan Y\u0131ld\u0131z, daha \u00f6nce 3 Aral\u0131k D\u00fcnya Engelliler G\u00fcn\u00fc&#8217;nde belediyeye konuk olan ve makam koltu\u011funa oturan 28 ya\u015f\u0131ndaki \u00f6zel birey K\u00fcbra&#8217;y\u0131, bu kez evinde ziyaret etti. S\u0131cak ve samimi bir ortamda ger\u00e7ekle\u015fen bulu\u015fma, hem K\u00fcbra hem de ailesi i\u00e7in unutulmaz bir an\u0131 oldu. [&hellip;]<\/p>\n","protected":false},"author":2,"featured_media":42581,"comment_status":"closed","ping_status":"closed","sticky":false,"template":"","format":"standard","meta":{"footnotes":""},"categories":[3],"tags":[],"class_list":["post-42580","post","type-post","status-publish","format-standard","has-post-thumbnail","hentry","category-manset"],"views":4,"_links":{"self":[{"href":"https:\/\/mersinkadingazetesi.com\/index.php?rest_route=\/wp\/v2\/posts\/42580"}],"collection":[{"href":"https:\/\/mersinkadingazetesi.com\/index.php?rest_route=\/wp\/v2\/posts"}],"about":[{"href":"https:\/\/mersinkadingazetesi.com\/index.php?rest_route=\/wp\/v2\/types\/post"}],"author":[{"embeddable":true,"href":"https:\/\/mersinkadingazetesi.com\/index.php?rest_route=\/wp\/v2\/users\/2"}],"replies":[{"embeddable":true,"href":"https:\/\/mersinkadingazetesi.com\/index.php?rest_route=%2Fwp%2Fv2%2Fcomments&post=42580"}],"version-history":[{"count":1,"href":"https:\/\/mersinkadingazetesi.com\/index.php?rest_route=\/wp\/v2\/posts\/42580\/revisions"}],"predecessor-version":[{"id":42582,"href":"https:\/\/mersinkadingazetesi.com\/index.php?rest_route=\/wp\/v2\/posts\/42580\/revisions\/42582"}],"wp:featuredmedia":[{"embeddable":true,"href":"https:\/\/mersinkadingazetesi.com\/index.php?rest_route=\/wp\/v2\/media\/42581"}],"wp:attachment":[{"href":"https:\/\/mersinkadingazetesi.com\/index.php?rest_route=%2Fwp%2Fv2%2Fmedia&parent=42580"}],"wp:term":[{"taxonomy":"category","embeddable":true,"href":"https:\/\/mersinkadingazetesi.com\/index.php?rest_route=%2Fwp%2Fv2%2Fcategories&post=42580"},{"taxonomy":"post_tag","embeddable":true,"href":"https:\/\/mersinkadingazetesi.com\/index.php?rest_route=%2Fwp%2Fv2%2Ftags&post=42580"}],"curies":[{"name":"wp","href":"https:\/\/api.w.org\/{rel}","templated":true}]}}