{"id":42585,"date":"2025-05-15T11:59:36","date_gmt":"2025-05-15T08:59:36","guid":{"rendered":"https:\/\/mersinkadingazetesi.com\/?p=42585"},"modified":"2025-05-15T11:59:37","modified_gmt":"2025-05-15T08:59:37","slug":"buyuksehir-iklim-degisikligine-karsi-surdurulebilirlik-yolunda-ilerliyor","status":"publish","type":"post","link":"https:\/\/mersinkadingazetesi.com\/?p=42585","title":{"rendered":"B\u00dcY\u00dcK\u015eEH\u0130R, \u0130KL\u0130M DE\u011e\u0130\u015e\u0130KL\u0130\u011e\u0130NE KAR\u015eI S\u00dcRD\u00dcR\u00dcLEB\u0130L\u0130RL\u0130K YOLUNDA \u0130LERL\u0130YOR"},"content":{"rendered":"\n<p>Artan s\u0131cakl\u0131klar, a\u015f\u0131r\u0131 hava olaylar\u0131, deniz seviyesindeki y\u00fckselme ve biyo\u00e7e\u015fitlilik kayb\u0131 gibi iklim de\u011fi\u015fikli\u011finin y\u0131k\u0131c\u0131 etkilerine dikkat \u00e7ekmek, bu de\u011fi\u015fikliklere kar\u015f\u0131 m\u00fccadele y\u00fcr\u00fctmek ve fark\u0131ndal\u0131k olu\u015fturmak amac\u0131yla, her y\u0131l 15 May\u0131s k\u00fcresel \u00f6l\u00e7ekte&nbsp;<strong>&#8216;D\u00fcnya \u0130klim G\u00fcn\u00fc&#8217;<\/strong>&nbsp;olarak kutlan\u0131yor. Gelecek nesillere&nbsp;<strong><em>&#8216;Daha ye\u015fil ve ya\u015fanabilir bir Mersin ve d\u00fcnya b\u0131rakma&#8217;<\/em><\/strong>&nbsp;bilinci ile \u00e7al\u0131\u015fmalar\u0131n\u0131 s\u00fcrd\u00fcren Mersin B\u00fcy\u00fck\u015fehir Belediyesi ise, iklim krizi ile m\u00fccadele ederken uzun vadeli \u00e7al\u0131\u015fmalar ger\u00e7ekle\u015ftiriyor. Bu kapsamda&nbsp;<strong><em>&#8220;Gelece\u011fe Ye\u015fil Bir Yat\u0131r\u0131m&#8221;<\/em>&nbsp;<\/strong>anlay\u0131\u015f\u0131 ile hareket eden B\u00fcy\u00fck\u015fehir; iklim de\u011fi\u015fikli\u011finin etkilerini azaltmaya y\u00f6nelik, kentin \u00e7evresel s\u00fcrd\u00fcr\u00fclebilirli\u011fini sa\u011flamak ad\u0131na stratejik planlamadan at\u0131k y\u00f6netimine, ye\u015fil alan ve yenilenebilir enerji \u00fcretiminin art\u0131r\u0131lmas\u0131ndan sera gaz\u0131 emisyonlar\u0131n\u0131n azalt\u0131lmas\u0131na kadar pek \u00e7ok alanda projeyi hayata ge\u00e7iriyor.<\/p>\n\n\n\n<p>\u0130klim krizinin yaln\u0131zca \u00e7evresel de\u011fil; ekonomi, sa\u011fl\u0131k ve sosyal ya\u015fam \u00fczerinde de \u00e7ok ciddi etkilere sebep oldu\u011funun fark\u0131nda olan B\u00fcy\u00fck\u015fehir, bu sorunun \u00e7\u00f6z\u00fcm\u00fcnde do\u011faya duyarl\u0131, s\u00fcrd\u00fcr\u00fclebilir ve yenilik\u00e7i \u00e7\u00f6z\u00fcmler \u00fcretiyor. Bu do\u011frultuda S\u00fcrd\u00fcr\u00fclebilir Enerji ve \u0130klim Eylem Plan\u0131&#8217;n\u0131 (SECAP) kendine yol haritas\u0131 edinen B\u00fcy\u00fck\u015fehir, kentteki sera gaz\u0131 emisyonlar\u0131n\u0131 azaltma hedefi ile envanter haz\u0131rlayarak hem mevcut durumu analiz ediyor, hem de Karbon Saydaml\u0131k Projesi (CDP) ile uluslararas\u0131 platformlara raporlama yap\u0131yor.<\/p>\n\n\n\n<p><strong>B\u00fcy\u00fck\u015fehir, iklim krizine kar\u015f\u0131 diren\u00e7li bir kent olu\u015fturma hedefi ile var g\u00fcc\u00fcyle \u00e7al\u0131\u015f\u0131yor<\/strong><\/p>\n\n\n\n<p>Enerji d\u00f6n\u00fc\u015f\u00fcm\u00fcne b\u00fcy\u00fck \u00f6nem veren B\u00fcy\u00fck\u015fehir, yenilenebilir enerji kaynaklar\u0131n\u0131n kullan\u0131m\u0131n\u0131 yayg\u0131nla\u015ft\u0131rmak ve \u00e7evreye zarar vermeyen at\u0131k y\u00f6netim sistemlerini hayata ge\u00e7irmek i\u00e7in metan gaz\u0131ndan elektrik \u00fcretirken, Belediyeye ait hizmet binalar\u0131n\u0131n ve tesislerin enerji ihtiyac\u0131n\u0131, temiz ve s\u00fcrd\u00fcr\u00fclebilir kaynaklardan bir tanesi olan g\u00fcne\u015f enerjisi santralleri ile kar\u015f\u0131l\u0131yor. Uzun vadede enerji maliyetlerini d\u00fc\u015f\u00fcrmeye yard\u0131mc\u0131 olan bu uygulama, hem karbon ayak izinin k\u00fc\u00e7\u00fcltmesini sa\u011fl\u0131yor hem de fosil yak\u0131tlara olan ba\u011f\u0131ml\u0131l\u0131\u011f\u0131 azalt\u0131yor. \u00c7evre kirlili\u011fini en aza indirme hedefi ile \u00e7al\u0131\u015fan B\u00fcy\u00fck\u015fehir, S\u0131f\u0131r At\u0131k projelerini hayata ge\u00e7irerek at\u0131k olu\u015fumunu kayna\u011f\u0131nda \u00f6nlemeyi ve olu\u015fan at\u0131klar\u0131 ayr\u0131\u015ft\u0131rarak geri d\u00f6n\u00fc\u015f\u00fcme kazand\u0131rmay\u0131 ama\u00e7l\u0131yor.<\/p>\n\n\n\n<p>Kendi b\u00fcnyesinde kompost tesisleri de kuran B\u00fcy\u00fck\u015fehir, evsel ve organik at\u0131klar\u0131 ayr\u0131\u015ft\u0131rarak at\u0131k depolama alanlar\u0131 \u00fczerindeki y\u00fck\u00fc hafifletirken, bir taraftan da do\u011fal g\u00fcbre olu\u015fumunu destekliyor. Evsel ve nitelikli kat\u0131 at\u0131klar ise, modern ve \u00e7evreye duyarl\u0131 bir \u015fekilde bertaraf ediliyor ve vah\u015fi depolaman\u0131n \u00f6n\u00fcne ge\u00e7iliyor. \u00d6zellikle gen\u00e7 nesillerin iklim de\u011fi\u015fikli\u011fi ve \u00e7evre sorunlar\u0131 konusunda bilin\u00e7lenmesi amac\u0131yla MERCAN 100. Y\u0131l \u0130klim ve \u00c7evre Bilim Merkezi&#8217;ni kuran B\u00fcy\u00fck\u015fehir, merkezde interaktif deney d\u00fczenekleri, at\u00f6lye \u00e7al\u0131\u015fmalar\u0131 ve e\u011fitim programlar\u0131yla, ziyaret\u00e7ilerine e\u011flenceli ve \u00f6\u011fretici bir deneyim sunuyor.<\/p>\n\n\n\n<p>Farkl\u0131 hedef kitlelerine y\u00f6nelik \u00e7evre bilinci ve s\u00fcrd\u00fcr\u00fclebilirlik konular\u0131nda \u00e7e\u015fitli e\u011fitimler, seminerler ve fark\u0131ndal\u0131k etkinlikleri d\u00fczenleyen B\u00fcy\u00fck\u015fehir, iklim krizi ile m\u00fccadelede yerel payda\u015flar\u0131n yan\u0131 s\u0131ra k\u00fcresel \u00f6l\u00e7ekte de i\u015f birliklerine \u00f6nem veriyor.<\/p>\n\n\n\n<p><strong>Kaya: &#8220;Daha ya\u015fanabilir bir d\u00fcnya hedefini kendimize g\u00f6rev edinmi\u015f durumday\u0131z&#8221;<\/strong><\/p>\n\n\n\n<p>Mersin B\u00fcy\u00fck\u015fehir Belediyesi \u0130klim De\u011fi\u015fikli\u011fi ve S\u0131f\u0131r At\u0131k Dairesi Ba\u015fkanl\u0131\u011f\u0131&#8217;nda g\u00f6rev yapan \u00c7evre Y\u00fcksek M\u00fchendisi Nursel Cansu Kaya, iklim de\u011fi\u015fikli\u011fi ile m\u00fccadele konusunda B\u00fcy\u00fck\u015fehir&#8217;in yapm\u0131\u015f oldu\u011fu proje ve uygulamalardan bahsederek,&nbsp;<strong>&#8220;Bunlar\u0131n en ba\u015f\u0131nda, S\u00fcrd\u00fcr\u00fclebilir Enerji ve \u0130klim Eylem Plan\u0131 (SECAP) geliyor. SECAP, B\u00fcy\u00fck\u015fehir Belediyesi&#8217;nin t\u00fcm birimlerinde ve \u00e7at\u0131s\u0131 alt\u0131nda bulunan daire ba\u015fkanl\u0131klar\u0131nda, il\u00e7e y\u00f6netimlerin hepsinde altl\u0131k olarak kulland\u0131\u011f\u0131m\u0131z ve elzem bir proje. Bu proje sayesinde, iklim de\u011fi\u015fikli\u011fine uyum ve azalt\u0131m eylem planlamalar\u0131 yapt\u0131k. Vatanda\u015flar\u0131m\u0131za daha huzurlu ve ya\u015fanabilir bir Mersin sunmay\u0131 hedefliyoruz. Bu sadece B\u00fcy\u00fck\u015fehir&#8217;in de\u011fil, yerelden \u00f6zele herkesin canla ba\u015fla \u00e7al\u0131\u015fmas\u0131 gereken bir konu. Daha ya\u015fanabilir bir d\u00fcnya hedefini kendimize g\u00f6rev edinmi\u015f durumday\u0131z. Bu kapsamda da B\u00fcy\u00fck\u015fehir Belediyesi olarak hem ulusal, hem uluslararas\u0131 \u00f6l\u00e7ekte bir dizi platformlara \u00fcye olduk&#8221;<\/strong>&nbsp;ifadelerini kulland\u0131.<\/p>\n\n\n\n<p><strong>&#8220;\u0130klim de\u011fi\u015fikli\u011fi ile m\u00fccadelede, Avrupa standartlar\u0131nda bir y\u00f6netim sa\u011flamay\u0131 ama\u00e7l\u0131yoruz&#8221;<\/strong><\/p>\n\n\n\n<p>B\u00fcy\u00fck\u015fehir&#8217;in yapm\u0131\u015f oldu\u011fu \u00e7al\u0131\u015fmalarda g\u00f6r\u00fcn\u00fcrl\u00fc\u011f\u00fcn\u00fc art\u0131rabilmek ad\u0131na, K\u00fcresel Belediye Ba\u015fkanlar\u0131 S\u00f6zle\u015fmesi (GCOM) ve Uluslararas\u0131 Yerel \u00c7evre Giri\u015fimleri Konseyi (ICLEI)&nbsp;gibi platformlara \u00fcye olduklar\u0131n\u0131 aktaran Kaya,&nbsp;<strong>&#8220;Bu platformlara \u00fcye olarak, iklim de\u011fi\u015fikli\u011fi ile m\u00fccadelede Avrupa standartlar\u0131nda bir y\u00f6netim sa\u011flamay\u0131 ama\u00e7l\u0131yoruz. \u0130klim De\u011fi\u015fikli\u011fi ve S\u0131f\u0131r At\u0131k Dairesi Ba\u015fkanl\u0131\u011f\u0131m\u0131z b\u00fcnyesinde, \u00e7ok k\u0131sa bir zaman \u00f6nce Avrupa Birli\u011fi kapsam\u0131nda CLIMAXX ve REMEDIES-2 projelerimiz oldu. Bu projeler sayesinde hem g\u00f6r\u00fcn\u00fcrl\u00fc\u011f\u00fcm\u00fcz art\u0131yor, hem de iklim de\u011fi\u015fikli\u011fi ve iklim krizinin y\u00f6netiminde daha ya\u015fan\u0131labilir bir Mersin olu\u015fturma \u00e7al\u0131\u015fmalar\u0131m\u0131z\u0131 s\u00fcrd\u00fcr\u00fcyoruz&#8221;<\/strong>&nbsp;dedi.<\/p>\n\n\n\n<p><strong>&#8217;15 May\u0131s D\u00fcnya \u0130klim G\u00fcn\u00fc&#8217; kutlu olsun<\/strong><\/p>\n\n\n\n<p>\u0130klim de\u011fi\u015fikli\u011finin yaratm\u0131\u015f oldu\u011fu etkileri en aza indirebilmek i\u00e7in \u00e7evre dostu uygulamalarla hizmet verdiklerini belirten Kaya, kat\u0131 at\u0131k depolama sahalar\u0131nda \u00e7\u00f6pten a\u00e7\u0131\u011fa \u00e7\u0131kan metan gaz\u0131 ile elektrik \u00fcretimi ger\u00e7ekle\u015ftirdiklerini, bu sayede iklim de\u011fi\u015fikli\u011fine yol a\u00e7an en b\u00fcy\u00fck etkenlerden biri olan sera gaz\u0131n\u0131 minimize ettiklerini dile getirdi. Organik at\u0131klardan kompost \u00fcretimi ger\u00e7ekle\u015ftirdiklerini de s\u00f6zlerine ekleyen Kaya, \u00e7ocuklar\u0131n erken ya\u015fta \u00e7evre bilinci ile yeti\u015fmesi i\u00e7in Mercan 100. Y\u0131l \u0130klim ve \u00c7evre Bilim Merkezi&#8217;nde e\u011fitim faaliyetlerine devam ettiklerini s\u00f6yledi.<\/p>\n\n\n\n<p>Belediyelerin yan\u0131 s\u0131ra bu hususta vatanda\u015flara da \u00e7ok i\u015f d\u00fc\u015ft\u00fc\u011f\u00fcn\u00fc aktaran Kaya, elektrik ve su t\u00fcketiminin azalt\u0131lmas\u0131, at\u0131k olu\u015fumunun \u00f6nlenmesi veya geri d\u00f6n\u00fc\u015f\u00fcm bilinci ile hareket edilmesi gibi bireysel olarak da yap\u0131lmas\u0131 gereken davran\u0131\u015flar\u0131 hat\u0131rlatt\u0131.<\/p>\n","protected":false},"excerpt":{"rendered":"<p>Artan s\u0131cakl\u0131klar, a\u015f\u0131r\u0131 hava olaylar\u0131, deniz seviyesindeki y\u00fckselme ve biyo\u00e7e\u015fitlilik kayb\u0131 gibi iklim de\u011fi\u015fikli\u011finin y\u0131k\u0131c\u0131 etkilerine dikkat \u00e7ekmek, bu de\u011fi\u015fikliklere kar\u015f\u0131 m\u00fccadele y\u00fcr\u00fctmek ve fark\u0131ndal\u0131k olu\u015fturmak amac\u0131yla, her y\u0131l 15 May\u0131s k\u00fcresel \u00f6l\u00e7ekte&nbsp;&#8216;D\u00fcnya \u0130klim G\u00fcn\u00fc&#8217;&nbsp;olarak kutlan\u0131yor. Gelecek nesillere&nbsp;&#8216;Daha ye\u015fil ve ya\u015fanabilir bir Mersin ve d\u00fcnya b\u0131rakma&#8217;&nbsp;bilinci ile \u00e7al\u0131\u015fmalar\u0131n\u0131 s\u00fcrd\u00fcren Mersin B\u00fcy\u00fck\u015fehir Belediyesi ise, iklim krizi [&hellip;]<\/p>\n","protected":false},"author":2,"featured_media":42586,"comment_status":"closed","ping_status":"closed","sticky":false,"template":"","format":"standard","meta":{"footnotes":""},"categories":[3],"tags":[],"class_list":["post-42585","post","type-post","status-publish","format-standard","has-post-thumbnail","hentry","category-manset"],"views":3,"_links":{"self":[{"href":"https:\/\/mersinkadingazetesi.com\/index.php?rest_route=\/wp\/v2\/posts\/42585"}],"collection":[{"href":"https:\/\/mersinkadingazetesi.com\/index.php?rest_route=\/wp\/v2\/posts"}],"about":[{"href":"https:\/\/mersinkadingazetesi.com\/index.php?rest_route=\/wp\/v2\/types\/post"}],"author":[{"embeddable":true,"href":"https:\/\/mersinkadingazetesi.com\/index.php?rest_route=\/wp\/v2\/users\/2"}],"replies":[{"embeddable":true,"href":"https:\/\/mersinkadingazetesi.com\/index.php?rest_route=%2Fwp%2Fv2%2Fcomments&post=42585"}],"version-history":[{"count":1,"href":"https:\/\/mersinkadingazetesi.com\/index.php?rest_route=\/wp\/v2\/posts\/42585\/revisions"}],"predecessor-version":[{"id":42587,"href":"https:\/\/mersinkadingazetesi.com\/index.php?rest_route=\/wp\/v2\/posts\/42585\/revisions\/42587"}],"wp:featuredmedia":[{"embeddable":true,"href":"https:\/\/mersinkadingazetesi.com\/index.php?rest_route=\/wp\/v2\/media\/42586"}],"wp:attachment":[{"href":"https:\/\/mersinkadingazetesi.com\/index.php?rest_route=%2Fwp%2Fv2%2Fmedia&parent=42585"}],"wp:term":[{"taxonomy":"category","embeddable":true,"href":"https:\/\/mersinkadingazetesi.com\/index.php?rest_route=%2Fwp%2Fv2%2Fcategories&post=42585"},{"taxonomy":"post_tag","embeddable":true,"href":"https:\/\/mersinkadingazetesi.com\/index.php?rest_route=%2Fwp%2Fv2%2Ftags&post=42585"}],"curies":[{"name":"wp","href":"https:\/\/api.w.org\/{rel}","templated":true}]}}