{"id":42588,"date":"2025-05-15T12:00:49","date_gmt":"2025-05-15T09:00:49","guid":{"rendered":"https:\/\/mersinkadingazetesi.com\/?p=42588"},"modified":"2025-05-15T12:00:50","modified_gmt":"2025-05-15T09:00:50","slug":"buyuksehirden-engelliler-haftasina-ozel-80ler-90lar-partisi","status":"publish","type":"post","link":"https:\/\/mersinkadingazetesi.com\/?p=42588","title":{"rendered":"B\u00dcY\u00dcK\u015eEH\u0130R&#8217;DEN ENGELL\u0130LER HAFTASI&#8217;NA \u00d6ZEL 80&#8217;LER 90&#8217;LAR PART\u0130S\u0130"},"content":{"rendered":"\n<p><strong>&#8220;10-16 May\u0131s Engelliler Haftas\u0131&#8221;<\/strong>&nbsp;kapsam\u0131nda Mersin B\u00fcy\u00fck\u015fehir Belediyesi Sa\u011fl\u0131k \u0130\u015fleri Dairesi Ba\u015fkanl\u0131\u011f\u0131 koordinesinde d\u00fczenlenen etkinlikler co\u015fkuyla devam ediyor. \u00d6zel bireyler i\u00e7in haz\u0131rlanan ve kentin farkl\u0131 noktalar\u0131nda hafta boyunca devam edecek olan etkinliklerin 3. g\u00fcn\u00fcnde, Engelsiz Ya\u015fam Park\u0131&#8217;nda nostaljik bir 80&#8217;ler 90&#8217;lar partisi ger\u00e7ekle\u015ftirildi.<\/p>\n\n\n\n<p><strong>Bu etkinliklerde engel yok, e\u011flence \u00e7ok!<\/strong><\/p>\n\n\n\n<p>Kentteki t\u00fcm \u00f6zel gereksinimli bireyler ve ailelerine a\u00e7\u0131k olan ve yo\u011fun kat\u0131l\u0131m\u0131n ya\u015fand\u0131\u011f\u0131 etkinlikte, B\u00fcy\u00fck\u015fehir Belediyesi Kent Orkestras\u0131&#8217;n\u0131n 80&#8217;li ve 90&#8217;l\u0131 y\u0131llara ait sevilen \u015fark\u0131lar\u0131 seslendirmesiyle unutulmaz anlar ya\u015fand\u0131. Pamuk \u015feker, patlam\u0131\u015f m\u0131s\u0131r ve k\u0131s\u0131r ikramlar\u0131n\u0131n da yap\u0131ld\u0131\u011f\u0131 etkinlikte, d\u00f6nem konseptiyle haz\u0131rlanan \u00f6zel k\u00f6\u015fede hat\u0131ra foto\u011fraflar\u0131 \u00e7ekildi.<\/p>\n\n\n\n<p>Disko toplar\u0131 alt\u0131nda dans ederek doyas\u0131ya e\u011flenen \u00f6zel bireyler, hem sosyalle\u015fme f\u0131rsat\u0131 buldu hem de kendilerini \u00f6zel hissetmenin mutlulu\u011funu ya\u015fad\u0131.&nbsp;<strong><em>&#8220;Sevgi Varsa Engel Yok&#8221;<\/em><\/strong>&nbsp;mottosuyla d\u00fczenlenen Engelliler Haftas\u0131 programlar\u0131 devam edecek.<\/p>\n\n\n\n<p><strong>Gerbo\u011fa: &#8220;Kentimizde bulunan b\u00fct\u00fcn engelli bireylere a\u00e7\u0131k bir parti oldu&#8221;<\/strong><\/p>\n\n\n\n<p>Sa\u011fl\u0131k \u0130\u015fleri Dairesi Ba\u015fkanl\u0131\u011f\u0131&#8217;na ba\u011fl\u0131 Engelliler \u015eube M\u00fcd\u00fcr\u00fc Abdullah Gerbo\u011fa, Engelliler Haftas\u0131 kapsam\u0131nda \u00e7ok \u00e7e\u015fitli etkinlikleri oldu\u011funu anlatarak,&nbsp;<strong>&#8220;Engelsiz Ya\u015fam Park\u0131&#8217;nda 80&#8217;ler 90&#8217;lar konsepti ile \u00f6zel gereksinimli bireylerimizle birlikte bir parti d\u00fczenledik. Bu parti; belediyemizin hizmetlerinden faydalanan engelli bireylerin yan\u0131 s\u0131ra, kentimizde bulunan b\u00fct\u00fcn engelli bireylere a\u00e7\u0131k bir etkinlikti. Baz\u0131 engelli bireyler partiye uygun konsepte giyindi. Doyas\u0131ya e\u011flendiler. Engelliler Haftas\u0131 boyunca bu t\u00fcr etkinliklerimiz devam edecek. Vatanda\u015flar\u0131m\u0131z sosyal medya hesaplar\u0131m\u0131zdan etkinliklerimizi takip ederek kat\u0131l\u0131m sa\u011flayabilirler&#8221;<\/strong>&nbsp;dedi.<\/p>\n\n\n\n<p><strong>Etkinli\u011fe kat\u0131lan \u00f6zel bireyler ve aileleri, e\u011flencenin tad\u0131n\u0131 doyas\u0131ya \u00e7\u0131kard\u0131<\/strong><\/p>\n\n\n\n<p>O\u011flunun B\u00fcy\u00fck\u015fehir Engelsiz Ya\u015fam Park\u0131&#8217;ndaki t\u00fcm etkinliklerden yararland\u0131\u011f\u0131n\u0131 ve \u00e7ok memnun olduklar\u0131n\u0131 s\u00f6yleyen velilerden H\u00fclya \u00d6nder,&nbsp;<strong>&#8220;Bug\u00fcn 80&#8217;ler 90&#8217;lar Partisi oldu. M\u00fcmk\u00fcn oldu\u011funca konsepte uymaya \u00f6zen g\u00f6sterdim. \u00c7ocuklar\u0131m\u0131z toplumun par\u00e7as\u0131 oldu\u011fu zaman daha mutlu oluyor ve kendimizi daha g\u00fcvende hissediyoruz. Bizim en b\u00fcy\u00fck kayg\u0131m\u0131z yar\u0131nlar. Tam olarak bu kayg\u0131lar\u0131 gidermi\u015f olmasak da umut besliyoruz. Bu ba\u011flamda her alanda, her yerde \u00e7ocuklar\u0131m\u0131z\u0131n var olmas\u0131 i\u00e7in elinden geleni yapan<\/strong>&nbsp;<strong>B\u00fcy\u00fck\u015fehir&#8217;e te\u015fekk\u00fcr ediyorum&#8221;&nbsp;<\/strong>ifadelerine yer verdi.<\/p>\n\n\n\n<p>Bir ba\u015fka veli Nedime Demir, d\u00fczenlenen etkinli\u011fi \u00e7ok be\u011fendi\u011fini ifade ederek,&nbsp;<strong>&#8220;\u00c7ok e\u011flenceli ve samimi buldum. 80&#8217;ler ve 90&#8217;lar\u0131n ruhunu bize tekrar ya\u015fatt\u0131lar. Bu konsept herkese a\u00e7\u0131k oldu. Davetlileri geni\u015f yelpazede tuttular. Bu y\u00f6nden \u00e7ok ho\u015fuma gitti&#8221;&nbsp;<\/strong>dedi.<\/p>\n\n\n\n<p>46 ya\u015f\u0131ndaki k\u0131z\u0131n\u0131n ilk kez b\u00f6yle bir etkinli\u011fe kat\u0131ld\u0131\u011f\u0131n\u0131 ve \u00e7ok mutlu oldu\u011funu kaydeden G\u00fcler Kat\u0131rc\u0131ba\u015f\u0131,&nbsp;<strong>&#8220;K\u0131z\u0131m \u00e7ok mutlu oldu\u011fu i\u00e7in, ben de mutluyum. S\u00fcperin \u00fcst\u00fcnde bir ba\u015fkan\u0131m\u0131z var. \u00c7ok memnunuz&#8221;&nbsp;<\/strong>diye konu\u015ftu.<\/p>\n\n\n\n<p>Etkinli\u011fe kat\u0131lan \u00f6zel bireylerden Al\u0131n Kat\u0131rc\u0131ba\u015f\u0131,&nbsp;<strong>&#8220;E\u011flendim. G\u00fczel parti oldu. Dans ettim. Konser de dinledim. Bug\u00fcn mutluyum&#8221;&nbsp;<\/strong>derken,Beyza G\u00fcn\u015for,&nbsp;<strong>&#8220;Bug\u00fcn 90&#8217;lar partisi vard\u0131. Arkada\u015flar\u0131mla \u00e7ok e\u011flendim&#8221;&nbsp;<\/strong>ifadelerini kulland\u0131.<\/p>\n\n\n\n<p>Sel\u00e7uk Karaaslan, g\u00fcn\u00fcn\u00fcn \u00e7ok g\u00fczel ge\u00e7ti\u011fini anlatarak, &#8220;<strong>\u00c7ok g\u00fczel bir g\u00fcn. \u00c7\u00fcnk\u00fc okulumuzu \u00e7ok seviyoruz. Partimiz \u00e7ok g\u00fczel&#8221;<\/strong>&nbsp;dedi.<\/p>\n\n\n\n<p>Gamze Polat da&nbsp;<strong>&#8220;E\u011flenmeye geldim. Dans ettim. \u00c7ok da g\u00fczel e\u011flendim&#8221;<\/strong>&nbsp;diyerek mutlulu\u011funu ifade etti.<\/p>\n","protected":false},"excerpt":{"rendered":"<p>&#8220;10-16 May\u0131s Engelliler Haftas\u0131&#8221;&nbsp;kapsam\u0131nda Mersin B\u00fcy\u00fck\u015fehir Belediyesi Sa\u011fl\u0131k \u0130\u015fleri Dairesi Ba\u015fkanl\u0131\u011f\u0131 koordinesinde d\u00fczenlenen etkinlikler co\u015fkuyla devam ediyor. \u00d6zel bireyler i\u00e7in haz\u0131rlanan ve kentin farkl\u0131 noktalar\u0131nda hafta boyunca devam edecek olan etkinliklerin 3. g\u00fcn\u00fcnde, Engelsiz Ya\u015fam Park\u0131&#8217;nda nostaljik bir 80&#8217;ler 90&#8217;lar partisi ger\u00e7ekle\u015ftirildi. Bu etkinliklerde engel yok, e\u011flence \u00e7ok! Kentteki t\u00fcm \u00f6zel gereksinimli bireyler ve ailelerine [&hellip;]<\/p>\n","protected":false},"author":2,"featured_media":42589,"comment_status":"closed","ping_status":"closed","sticky":false,"template":"","format":"standard","meta":{"footnotes":""},"categories":[3],"tags":[],"class_list":["post-42588","post","type-post","status-publish","format-standard","has-post-thumbnail","hentry","category-manset"],"views":6,"_links":{"self":[{"href":"https:\/\/mersinkadingazetesi.com\/index.php?rest_route=\/wp\/v2\/posts\/42588"}],"collection":[{"href":"https:\/\/mersinkadingazetesi.com\/index.php?rest_route=\/wp\/v2\/posts"}],"about":[{"href":"https:\/\/mersinkadingazetesi.com\/index.php?rest_route=\/wp\/v2\/types\/post"}],"author":[{"embeddable":true,"href":"https:\/\/mersinkadingazetesi.com\/index.php?rest_route=\/wp\/v2\/users\/2"}],"replies":[{"embeddable":true,"href":"https:\/\/mersinkadingazetesi.com\/index.php?rest_route=%2Fwp%2Fv2%2Fcomments&post=42588"}],"version-history":[{"count":1,"href":"https:\/\/mersinkadingazetesi.com\/index.php?rest_route=\/wp\/v2\/posts\/42588\/revisions"}],"predecessor-version":[{"id":42590,"href":"https:\/\/mersinkadingazetesi.com\/index.php?rest_route=\/wp\/v2\/posts\/42588\/revisions\/42590"}],"wp:featuredmedia":[{"embeddable":true,"href":"https:\/\/mersinkadingazetesi.com\/index.php?rest_route=\/wp\/v2\/media\/42589"}],"wp:attachment":[{"href":"https:\/\/mersinkadingazetesi.com\/index.php?rest_route=%2Fwp%2Fv2%2Fmedia&parent=42588"}],"wp:term":[{"taxonomy":"category","embeddable":true,"href":"https:\/\/mersinkadingazetesi.com\/index.php?rest_route=%2Fwp%2Fv2%2Fcategories&post=42588"},{"taxonomy":"post_tag","embeddable":true,"href":"https:\/\/mersinkadingazetesi.com\/index.php?rest_route=%2Fwp%2Fv2%2Ftags&post=42588"}],"curies":[{"name":"wp","href":"https:\/\/api.w.org\/{rel}","templated":true}]}}