{"id":42594,"date":"2025-05-15T12:03:59","date_gmt":"2025-05-15T09:03:59","guid":{"rendered":"https:\/\/mersinkadingazetesi.com\/?p=42594"},"modified":"2025-05-15T12:03:59","modified_gmt":"2025-05-15T09:03:59","slug":"universitemize-yuksek-ogretim-kurulundan-yok-spor-dostu-kampus-odulu","status":"publish","type":"post","link":"https:\/\/mersinkadingazetesi.com\/?p=42594","title":{"rendered":"\u00dcniversitemize Y\u00fcksek \u00d6\u011fretim Kurulu\u2019ndan (Y\u00d6K) Spor Dostu Kamp\u00fcs \u00d6d\u00fcl\u00fc"},"content":{"rendered":"\n<p>Spor Dostu Kamp\u00fcs \u00d6d\u00fclleri Recep Tayyip \u00dcniversitesinde d\u00fczenlenen t\u00f6renle sahiplerini buldu. T\u00f6rende, \u00dcniversitemiz de prestijli \u2018Spor Dostu Kamp\u00fcs\u2019 unvan\u0131n\u0131 almaya hak kazanan \u00fcniversiteler aras\u0131nda yer ald\u0131.<\/p>\n\n\n\n<p>14 May\u0131s \u00c7ar\u015famba g\u00fcn\u00fc d\u00fczenlenen t\u00f6rene, Y\u00fcksek\u00f6\u011fretim Kurulu Ba\u015fkan\u0131 Erol \u00d6zvar\u2019\u0131n yan\u0131 s\u0131ra Gen\u00e7lik ve Spor Bakan\u0131 Osman A\u015fk\u0131n Bak, \u0130lim Yayma Vakf\u0131 M\u00fctevelli Heyeti Ba\u015fkan\u0131 Bilal Erdo\u011fan, Rize Valisi \u0130hsan Selim Bayda\u015f, Y\u00fcksek\u00f6\u011fretim Y\u00fcr\u00fctme Kurulu \u00dcyeleri Prof. Dr. Naci G\u00fcndo\u011fan ve Prof. Dr. Arif Bilgin, Rekt\u00f6r\u00fcm\u00fcz Prof. Dr. Erol Ya\u015far, Spor Dostu Kamp\u00fcs \u00fcnvan\u0131 almaya hak kazanan \u00fcniversitelerin rekt\u00f6rleri ve davetliler kat\u0131ld\u0131.<\/p>\n\n\n\n<p>A\u00e7\u0131\u015f konu\u015fmas\u0131n\u0131 ger\u00e7ekle\u015ftiren Y\u00fcksek\u00f6\u011fretim Kurulu Ba\u015fkan\u0131 Erol \u00d6zvar, t\u00f6rende yapt\u0131\u011f\u0131 konu\u015fmada, gen\u00e7li\u011fe y\u00f6nelik benimsedikleri b\u00fct\u00fcnc\u00fcl yakla\u015f\u0131m\u0131n bir yans\u0131mas\u0131 olarak ge\u00e7en y\u0131l ba\u015flat\u0131lan Spor Dostu Kamp\u00fcs Projesi kapsam\u0131nda bu y\u0131l ilk kez Spor Dostu Kamp\u00fcs \u00f6d\u00fclleri verdiklerini belirtti.<\/p>\n\n\n\n<p>Spor Dostu Kamp\u00fcs Projesi\u2019nin ama\u00e7lar\u0131n\u0131 da payla\u015fan Prof. Dr. Erol \u00d6zvar, \u201cProjemizle, gen\u00e7lerimizin sa\u011fl\u0131kl\u0131 ya\u015fam al\u0131\u015fkanl\u0131\u011f\u0131 kazanmas\u0131, ruhsal ve fiziksel sa\u011fl\u0131\u011f\u0131n\u0131n g\u00fc\u00e7lenmesini, sporun bireysel geli\u015fim, disiplin ve \u00f6zg\u00fcven ile birle\u015fmesini, sporun akademik ya\u015famla \u00e7eli\u015fen de\u011fil onu besleyen bir unsur oldu\u011funun fark edilmesini, akademik ve idari personel dahil kamp\u00fcslerdeki t\u00fcm bireylerin, bu d\u00f6n\u00fc\u015f\u00fcm\u00fcn birer par\u00e7as\u0131 olmas\u0131n\u0131, \u00fcniversitelerin sa\u011fl\u0131kl\u0131 ya\u015fam alanlar\u0131na d\u00f6n\u00fc\u015fmesini ve spor k\u00fclt\u00fcr\u00fcn\u00fcn kamp\u00fcslerin ayr\u0131lmaz bir par\u00e7as\u0131 haline gelmesini hedefliyoruz.\u201d ifadelerini kulland\u0131.<\/p>\n\n\n\n<p>T\u00f6rende konu\u015fan Gen\u00e7lik ve Spor Bakan\u0131 Osman A\u015fk\u0131n Bak, T\u00fcrkiye\u2019nin pek \u00e7ok alanda b\u00fcy\u00fck spor organizasyonlara ev sahipli\u011fi yapt\u0131\u011f\u0131n\u0131 ve yapaca\u011f\u0131n\u0131 belirterek, \u201c\u00dcniversitelerimizin de bu tempoya e\u015flik etmesini, daha aktif olmas\u0131n\u0131 ve daha \u00e7ok rekabet etmesini istiyoruz. Akademi temposu i\u00e7erisinde \u00f6\u011frencilerin mental olarak haz\u0131rlanabilece\u011fi ortam olmas\u0131 gerekiyor. \u00dcniversitedeki gen\u00e7lerimizin, y\u00f6neticilerimizin, idarecilerimizin sporun i\u00e7inde olmas\u0131n\u0131 istiyoruz. Spor ya\u015fam\u0131n bir par\u00e7as\u0131.\u201d ifadelerini kulland\u0131.<\/p>\n\n\n\n<p>\u0130lim Yayma Vakf\u0131 M\u00fctevelli Heyeti Ba\u015fkan\u0131 Bilal Erdo\u011fan ise, \u201cDo\u011fru \u00fcniversite tercihi yapmalar\u0131nda Spor Dostu Kamp\u00fcsler gen\u00e7lere yol g\u00f6sterecektir. \u0130n\u015fallah T\u00fcrkiye\u2019deki b\u00fct\u00fcn \u00fcniversite kamp\u00fcsleri spor dostu kamp\u00fcs olur, in\u015fallah \u00fcniversite neslimizin sporda \u00e7ok daha aktif bi\u00e7imde yer ald\u0131\u011f\u0131, \u00fcniversite seviyesindeki lisansl\u0131 sporcu say\u0131m\u0131z\u0131n artt\u0131\u011f\u0131 ve bu \u015fekilde uluslararas\u0131 m\u00fcsabakalarda \u00fclkemizin madalya say\u0131s\u0131n\u0131n, g\u00f6ndere \u00e7ekti\u011fi bayrak say\u0131lar\u0131n\u0131n artt\u0131\u011f\u0131n\u0131 g\u00f6rmek nasip olur.\u201d \u015feklinde konu\u015ftu.<\/p>\n","protected":false},"excerpt":{"rendered":"<p>Spor Dostu Kamp\u00fcs \u00d6d\u00fclleri Recep Tayyip \u00dcniversitesinde d\u00fczenlenen t\u00f6renle sahiplerini buldu. T\u00f6rende, \u00dcniversitemiz de prestijli \u2018Spor Dostu Kamp\u00fcs\u2019 unvan\u0131n\u0131 almaya hak kazanan \u00fcniversiteler aras\u0131nda yer ald\u0131. 14 May\u0131s \u00c7ar\u015famba g\u00fcn\u00fc d\u00fczenlenen t\u00f6rene, Y\u00fcksek\u00f6\u011fretim Kurulu Ba\u015fkan\u0131 Erol \u00d6zvar\u2019\u0131n yan\u0131 s\u0131ra Gen\u00e7lik ve Spor Bakan\u0131 Osman A\u015fk\u0131n Bak, \u0130lim Yayma Vakf\u0131 M\u00fctevelli Heyeti Ba\u015fkan\u0131 Bilal Erdo\u011fan, Rize [&hellip;]<\/p>\n","protected":false},"author":2,"featured_media":42595,"comment_status":"closed","ping_status":"closed","sticky":false,"template":"","format":"standard","meta":{"footnotes":""},"categories":[3],"tags":[],"class_list":["post-42594","post","type-post","status-publish","format-standard","has-post-thumbnail","hentry","category-manset"],"views":5,"_links":{"self":[{"href":"https:\/\/mersinkadingazetesi.com\/index.php?rest_route=\/wp\/v2\/posts\/42594"}],"collection":[{"href":"https:\/\/mersinkadingazetesi.com\/index.php?rest_route=\/wp\/v2\/posts"}],"about":[{"href":"https:\/\/mersinkadingazetesi.com\/index.php?rest_route=\/wp\/v2\/types\/post"}],"author":[{"embeddable":true,"href":"https:\/\/mersinkadingazetesi.com\/index.php?rest_route=\/wp\/v2\/users\/2"}],"replies":[{"embeddable":true,"href":"https:\/\/mersinkadingazetesi.com\/index.php?rest_route=%2Fwp%2Fv2%2Fcomments&post=42594"}],"version-history":[{"count":1,"href":"https:\/\/mersinkadingazetesi.com\/index.php?rest_route=\/wp\/v2\/posts\/42594\/revisions"}],"predecessor-version":[{"id":42596,"href":"https:\/\/mersinkadingazetesi.com\/index.php?rest_route=\/wp\/v2\/posts\/42594\/revisions\/42596"}],"wp:featuredmedia":[{"embeddable":true,"href":"https:\/\/mersinkadingazetesi.com\/index.php?rest_route=\/wp\/v2\/media\/42595"}],"wp:attachment":[{"href":"https:\/\/mersinkadingazetesi.com\/index.php?rest_route=%2Fwp%2Fv2%2Fmedia&parent=42594"}],"wp:term":[{"taxonomy":"category","embeddable":true,"href":"https:\/\/mersinkadingazetesi.com\/index.php?rest_route=%2Fwp%2Fv2%2Fcategories&post=42594"},{"taxonomy":"post_tag","embeddable":true,"href":"https:\/\/mersinkadingazetesi.com\/index.php?rest_route=%2Fwp%2Fv2%2Ftags&post=42594"}],"curies":[{"name":"wp","href":"https:\/\/api.w.org\/{rel}","templated":true}]}}