{"id":42600,"date":"2025-05-15T12:06:39","date_gmt":"2025-05-15T09:06:39","guid":{"rendered":"https:\/\/mersinkadingazetesi.com\/?p=42600"},"modified":"2025-05-15T12:06:41","modified_gmt":"2025-05-15T09:06:41","slug":"deva-partili-ekmen-bu-bir-son-degil-yepyeni-bir-baslangic","status":"publish","type":"post","link":"https:\/\/mersinkadingazetesi.com\/?p=42600","title":{"rendered":"DEVA Partili Ekmen: Bu bir son de\u011fil, yepyeni bir ba\u015flang\u0131\u00e7\u00a0"},"content":{"rendered":"\n<figure class=\"wp-block-table\"><table class=\"has-fixed-layout\"><tbody><tr><td><strong>DEVA Partisi Genel Ba\u015fkan Yard\u0131mc\u0131s\u0131 ve Mersin Milletvekili Mehmet Emin Ekmen, ter\u00f6r \u00f6rg\u00fct\u00fc PKK&#8217;n\u0131n silah b\u0131rakma s\u00fcrecine ili\u015fkin konuk oldu\u011fu yay\u0131nlarda yapt\u0131\u011f\u0131 de\u011ferlendirmelerde, son geli\u015fmelerin T\u00fcrkiye a\u00e7\u0131s\u0131ndan tarihi bir e\u015fi\u011fe i\u015faret etti\u011fini belirtti. Ekmen, \u201c\u00c7ok kritik bir a\u015famay\u0131 ge\u00e7mi\u015f olduk, milletimize hay\u0131rl\u0131 olsun. Bu s\u00fcrece emek ve \u00e7aba veren herkesi tebrik ediyor, te\u015fekk\u00fcr ediyorum\u201d dedi.<\/strong><strong>&nbsp;<\/strong>DEVA Partisi Genel Ba\u015fkan Yard\u0131mc\u0131s\u0131 ve Mersin Milletvekili Mehmet Emin Ekmen, ter\u00f6r \u00f6rg\u00fct\u00fc PKK&#8217;n\u0131n silah b\u0131rakma s\u00fcrecine ili\u015fkin konuk oldu\u011fu yay\u0131nlarda yapt\u0131\u011f\u0131 de\u011ferlendirmelerde, son geli\u015fmelerin T\u00fcrkiye a\u00e7\u0131s\u0131ndan tarihi bir e\u015fi\u011fe i\u015faret etti\u011fini belirtti.<strong>&nbsp;<\/strong><strong>Devlet bu s\u00fcreci daha \u00f6nce \u00e7ok kez denedi ama ba\u015far\u0131l\u0131 olamad\u0131<\/strong>A\u00e7\u0131klamas\u0131nda ge\u00e7mi\u015f s\u00fcre\u00e7lere de\u011finen Ekmen, devletin daha \u00f6nce bu t\u00fcr ad\u0131mlar\u0131 \u00e7ok kez denedi\u011fini ancak sonu\u00e7 al\u0131namad\u0131\u011f\u0131n\u0131 hat\u0131rlatarak, \u201c1993\u2019ten bu yana 13 kere bu ve benzeri giri\u015fimlerin oldu\u011funu ama bir t\u00fcrl\u00fc netice al\u0131namad\u0131\u011f\u0131n\u0131 biliyoruz. Bu nedenle hem AK Partili siyaset\u00e7ilerde hem de devlet y\u00f6neticilerinde ciddi bir mesafe ve ihtiyatl\u0131l\u0131k vard\u0131. Ancak d\u00fcn ve bug\u00fcn pe\u015f pe\u015fe gelen a\u00e7\u0131klamalar, \u00f6rg\u00fct\u00fcn bu kez ge\u00e7mi\u015fteki gibi son dakikada cayma ya da ayak s\u00fcr\u00fcme gibi tutumlar g\u00f6stermeyece\u011fini g\u00f6sterdi. Ortaya \u00e7\u0131kan tablo, tedirginli\u011fin b\u00fcy\u00fck \u00f6l\u00e7\u00fcde ortadan kalkt\u0131\u011f\u0131n\u0131 g\u00f6steriyor\u201d a\u00e7\u0131klamas\u0131nda bulundu.<strong>&nbsp;<\/strong><strong>Cumhurba\u015fkan\u0131ndan bakanlara, s\u00fcreci sahiplenen a\u00e7\u0131klamalar sevindirici<\/strong>Ekmen, iktidar kanad\u0131ndan gelen a\u00e7\u0131klamalar\u0131n s\u00fcrece verilen deste\u011fi g\u00fc\u00e7lendirdi\u011fini vurgulayarak, \u201cSay\u0131n Cumhurba\u015fkan\u0131\u2019n\u0131n d\u00fcn yapt\u0131\u011f\u0131 a\u00e7\u0131klama ile bug\u00fcn Say\u0131n \u00d6mer \u00c7elik&#8217;in, Say\u0131n Efkan \u00c2l\u00e2&#8217;n\u0131n, Say\u0131n Mehmet U\u00e7um&#8217;un yapt\u0131\u011f\u0131 a\u00e7\u0131klamalar; bu s\u00fcrecin bir \u2018son\u2019 de\u011fil, bir \u2018ba\u015flang\u0131\u00e7\u2019 olarak kodland\u0131\u011f\u0131n\u0131 a\u00e7\u0131k\u00e7a g\u00f6steriyor. Bu yakla\u015f\u0131m, T\u00fcrkiye\u2019nin \u00f6n\u00fcn\u00fc a\u00e7acak nitelikte \u00f6nemli bir f\u0131rsatt\u0131r. Bu a\u00e7\u0131klamalar metne d\u00f6n\u00fc\u015fmesi gerekir ki biz bununla ilgili eksi\u011fi tamamlayal\u0131m, yanl\u0131\u015fa itiraz edelim. Fesih ve tasfiye s\u00fcrecinin sahada ba\u015far\u0131yla tamamlanmas\u0131, taraflar\u0131n i\u00e7inden, d\u0131\u015f\u0131ndan, b\u00f6lgesel ya da uluslararas\u0131 dinamiklerden kaynaklanacak olas\u0131 provokasyonlara ve m\u00fcdahalelere kar\u015f\u0131 diren\u00e7li ve inan\u00e7l\u0131 bir s\u00fcre\u00e7 y\u00fcr\u00fct\u00fclmesi Meclis\u2019in devreye al\u0131nmas\u0131 ile m\u00fcmk\u00fcn olur. Di\u011fer yandan muhalefet, s\u00fcrecin en ba\u015f\u0131ndan bu yana yap\u0131c\u0131 bir tutum sergileyerek destek verdi. T\u00fcm soru\u015fturmalara ve bask\u0131 ortam\u0131na ra\u011fmen CHP, deste\u011fini kararl\u0131l\u0131kla s\u00fcrd\u00fcr\u00fcyor. DEVA Partisi, Saadet Partisi, Gelecek Partisi, Yeniden Refah Partisi, H\u00dcDAPAR ve benzeri bir\u00e7ok siyasi parti de Meclis\u2019te konuya ili\u015fkin a\u00e7\u0131k ve net bir \u015fekilde destek beyan\u0131nda bulundu&#8221; dedi.<strong>&nbsp;<\/strong><strong>Muhalefet diyalog ve katk\u0131ya a\u00e7\u0131k<\/strong>Ekmen, \u201cE\u011fer iktidar, bug\u00fcne kadar al\u0131\u015ft\u0131\u011f\u0131 y\u00f6ntemle bir yasa ya da anayasa metnini Meclis\u2019e getirip, virg\u00fcl\u00fcne bile dokundurtmadan ge\u00e7irmeye \u00e7al\u0131\u015f\u0131rsa, muhalefet nas\u0131l katk\u0131 sunacak? \u0130ktidar, \u00f6nce taraflarla ikili g\u00f6r\u00fc\u015fmeler yapmal\u0131; ard\u0131ndan Meclis zemininde a\u00e7\u0131k ve yap\u0131c\u0131 bir tart\u0131\u015fma s\u00fcreci ba\u015flatmal\u0131. Sunulan teklif nihai bir metin de\u011fil de bir m\u00fczakere zemini olarak sunulursa, yani \u2018gelin birlikte konu\u015fal\u0131m\u2019 denirse, muhalefet elbette bu s\u00fcrece pozitif katk\u0131 sunacak bir yerde duruyor\u201d ifadelerini kulland\u0131.<strong>&nbsp;<\/strong><strong>Kayg\u0131l\u0131 olanlar da s\u00fcrece dahil edilmeli<\/strong>\u0130Y\u0130 Parti\u2019nin s\u00fcrece y\u00f6nelik tutumu hakk\u0131nda de\u011ferlendirmelerde bulunan Ekmen, \u201c\u0130Y\u0130 Parti&#8217;nin muhalefeti, s\u00fcrecin usul\u00fcne y\u00f6nelik ve bu itiraz da sa\u011fl\u0131kl\u0131d\u0131r. Bu tip s\u00fcre\u00e7lere kayg\u0131 ve mesafeyle yakla\u015fan kim varsa onlar\u0131n da s\u00fcrece kat\u0131l\u0131m\u0131n\u0131 sa\u011flamak kayg\u0131y\u0131 azaltacakt\u0131r\u201d dedi.<strong>&nbsp;<\/strong><strong>\u015eimdi Cumhuriyet&#8217;in ikinci y\u00fcz\u00fcne yak\u0131\u015f\u0131r bir demokratikle\u015fme zaman\u0131<\/strong>S\u00fcrecin ba\u015f\u0131ndan beri Meclis&#8217;in \u00f6nemin vurgulayan Ekmen, &#8220;Stat\u00fckonun en b\u00fcy\u00fck kozu olan b\u00f6l\u00fcnme ve ter\u00f6r tehdidi art\u0131k ortadan kalkt\u0131\u011f\u0131na g\u00f6re, iktidar\u0131n g\u00f6revi; Cumhuriyet\u2019in ikinci y\u00fczy\u0131l\u0131na yak\u0131\u015f\u0131r bir demokratikle\u015fme vizyonunu ve kapsaml\u0131 yeniden yap\u0131lanma plan\u0131n\u0131 Meclis\u2019in g\u00fcndemine ta\u015f\u0131makt\u0131r&#8221; a\u00e7\u0131klamas\u0131nda bulundu.<strong>&nbsp;<\/strong><strong>Silahlar\u0131n teslimi ve hukuki boyut birlikte ele al\u0131nmal\u0131<\/strong>S\u00fcrecin hem g\u00fcvenlik hem de siyasi boyutlar\u0131yla dikkatle y\u00fcr\u00fct\u00fclmesi gerekti\u011fini belirten Ekmen, &#8220;Bizi iki a\u015famal\u0131 bir s\u00fcre\u00e7 bekliyor. Birincisi; silah b\u0131rakma s\u00fcrecine dair mekanizmalar\u0131n i\u015fletilmesi, s\u00fcrece kat\u0131lan \u00f6rg\u00fct mensuplar\u0131n\u0131n hukuki durumlar\u0131n\u0131n netle\u015ftirilmesi ve \u00f6rg\u00fct\u00fcn lojistik yap\u0131s\u0131n\u0131n, ba\u015fka bir \u00fclke ya da yap\u0131n\u0131n kontrol\u00fcne ge\u00e7meyecek \u015fekilde etkisiz hale getirilmesi gerekiyor. \u0130kinci a\u015fama ise meselenin yasama zeminine ta\u015f\u0131nmas\u0131d\u0131r. \u0130lk g\u00fcnden bu yana Say\u0131n Bah\u00e7eli, Say\u0131n Erdo\u011fan ve \u0130mral\u0131 bu s\u00fcrece \u00f6zel bir \u00f6nem atfediyor. Ancak \u015fu ana dek Meclis&#8217;te somut bir ad\u0131m at\u0131lm\u0131\u015f de\u011fil. Bu noktada \u00fc\u00e7 temel ad\u0131m at\u0131lmas\u0131 gerekiyor: Meclis Ba\u015fkan\u0131 Say\u0131n Numan Kurtulmu\u015f\u2019un genel bir g\u00f6r\u00fc\u015fme a\u00e7mak \u00fczere yasama organ\u0131n\u0131 toplant\u0131ya \u00e7a\u011f\u0131rmas\u0131; t\u00fcm siyasi partilerin \u00fcst d\u00fczey kat\u0131l\u0131m\u0131yla bir izleme komisyonu kurulmas\u0131 ve iktidar\u0131n \u00f6ng\u00f6rd\u00fc\u011f\u00fc demokratikle\u015fme ile anayasal reformlara ili\u015fkin d\u00fczenlemelerin, \u015feffaf ve kapsay\u0131c\u0131 bir \u015fekilde g\u00fcndeme al\u0131nmas\u0131&#8221; ifadelerini kulland\u0131.&nbsp;<strong>Devletin elinde detayl\u0131 istihbarat var<\/strong>\u00d6rg\u00fct mensuplar\u0131n\u0131n durumuna ili\u015fkin s\u00fcrecin devletin elindeki bilgi ve veri setleriyle uyumlu bi\u00e7imde y\u00fcr\u00fct\u00fclmesi gerekti\u011fini vurgulayan Ekmen, \u201cGe\u00e7mi\u015f tarihlerdeki olaylardan \u00e7\u0131kard\u0131\u011f\u0131m kanaat \u015fudur: B\u00fct\u00fcn \u00f6rg\u00fct mensuplar\u0131n\u0131n sicilleri, hangi eylemlere kat\u0131l\u0131p kat\u0131lmad\u0131klar\u0131, kat\u0131ld\u0131klar\u0131 eylemlerde bir \u015fehit vakas\u0131na sebep olup olmad\u0131klar\u0131 gibi detaylar devletin elinde mevcut. \u00d6rg\u00fct\u00fcn y\u00f6netici kadrolar\u0131 da devletin elinde\u201d dedi.<\/td><\/tr><\/tbody><\/table><\/figure>\n","protected":false},"excerpt":{"rendered":"<p>DEVA Partisi Genel Ba\u015fkan Yard\u0131mc\u0131s\u0131 ve Mersin Milletvekili Mehmet Emin Ekmen, ter\u00f6r \u00f6rg\u00fct\u00fc PKK&#8217;n\u0131n silah b\u0131rakma s\u00fcrecine ili\u015fkin konuk oldu\u011fu yay\u0131nlarda yapt\u0131\u011f\u0131 de\u011ferlendirmelerde, son geli\u015fmelerin T\u00fcrkiye a\u00e7\u0131s\u0131ndan tarihi bir e\u015fi\u011fe i\u015faret etti\u011fini belirtti. Ekmen, \u201c\u00c7ok kritik bir a\u015famay\u0131 ge\u00e7mi\u015f olduk, milletimize hay\u0131rl\u0131 olsun. Bu s\u00fcrece emek ve \u00e7aba veren herkesi tebrik ediyor, te\u015fekk\u00fcr ediyorum\u201d dedi.&nbsp;DEVA [&hellip;]<\/p>\n","protected":false},"author":2,"featured_media":42569,"comment_status":"closed","ping_status":"closed","sticky":false,"template":"","format":"standard","meta":{"footnotes":""},"categories":[3],"tags":[],"class_list":["post-42600","post","type-post","status-publish","format-standard","has-post-thumbnail","hentry","category-manset"],"views":4,"_links":{"self":[{"href":"https:\/\/mersinkadingazetesi.com\/index.php?rest_route=\/wp\/v2\/posts\/42600"}],"collection":[{"href":"https:\/\/mersinkadingazetesi.com\/index.php?rest_route=\/wp\/v2\/posts"}],"about":[{"href":"https:\/\/mersinkadingazetesi.com\/index.php?rest_route=\/wp\/v2\/types\/post"}],"author":[{"embeddable":true,"href":"https:\/\/mersinkadingazetesi.com\/index.php?rest_route=\/wp\/v2\/users\/2"}],"replies":[{"embeddable":true,"href":"https:\/\/mersinkadingazetesi.com\/index.php?rest_route=%2Fwp%2Fv2%2Fcomments&post=42600"}],"version-history":[{"count":1,"href":"https:\/\/mersinkadingazetesi.com\/index.php?rest_route=\/wp\/v2\/posts\/42600\/revisions"}],"predecessor-version":[{"id":42601,"href":"https:\/\/mersinkadingazetesi.com\/index.php?rest_route=\/wp\/v2\/posts\/42600\/revisions\/42601"}],"wp:featuredmedia":[{"embeddable":true,"href":"https:\/\/mersinkadingazetesi.com\/index.php?rest_route=\/wp\/v2\/media\/42569"}],"wp:attachment":[{"href":"https:\/\/mersinkadingazetesi.com\/index.php?rest_route=%2Fwp%2Fv2%2Fmedia&parent=42600"}],"wp:term":[{"taxonomy":"category","embeddable":true,"href":"https:\/\/mersinkadingazetesi.com\/index.php?rest_route=%2Fwp%2Fv2%2Fcategories&post=42600"},{"taxonomy":"post_tag","embeddable":true,"href":"https:\/\/mersinkadingazetesi.com\/index.php?rest_route=%2Fwp%2Fv2%2Ftags&post=42600"}],"curies":[{"name":"wp","href":"https:\/\/api.w.org\/{rel}","templated":true}]}}