{"id":42602,"date":"2025-05-15T12:08:16","date_gmt":"2025-05-15T09:08:16","guid":{"rendered":"https:\/\/mersinkadingazetesi.com\/?p=42602"},"modified":"2025-05-15T12:08:16","modified_gmt":"2025-05-15T09:08:16","slug":"yenisehir-belediyesinin-engelsiz-kent-projesine-tubitaktan-hibe-destegi","status":"publish","type":"post","link":"https:\/\/mersinkadingazetesi.com\/?p=42602","title":{"rendered":"Yeni\u015fehir Belediyesinin Engelsiz Kent Projesi\u2019ne T\u00dcB\u0130TAK\u2019tan hibe deste\u011fi"},"content":{"rendered":"\n<p>Mersin Yeni\u015fehir Belediyesi taraf\u0131ndan haz\u0131rlanan ve \u00f6zel gereksinimli bireylerin kent ya\u015fam\u0131nda daha aktif yer alabilmelerini ama\u00e7layan proje, T\u00dcB\u0130TAK\u2019\u0131n 4008 \u00d6zel Gereksinimli Bireylere Y\u00f6nelik Kapsay\u0131c\u0131 Toplum Uygulamalar\u0131 Destekleme Program\u0131 kapsam\u0131nda hibe almaya hak kazand\u0131. Yeni\u015fehir Belediye Ba\u015fkan\u0131 Abdullah \u00d6zyi\u011fit, <strong>\u201cBu projeyle hem \u00f6zel gereksinimli bireylerin toplumsal ya\u015famda g\u00fc\u00e7lendirilmesine katk\u0131 sunmay\u0131 hem de \u00f6rnek olabilecek kapsay\u0131c\u0131 uygulamalar\u0131n yayg\u0131nla\u015fmas\u0131n\u0131 hedefliyoruz.\u201d <\/strong>dedi.<\/p>\n\n\n\n<p>Proje, bilimsel verilerle desteklenen y\u00fcksek kaliteli uygulamalar\u0131n \u00f6zel gereksinimli bireylere yayg\u0131nla\u015ft\u0131r\u0131lmas\u0131, \u00f6zel bireylerin fiziksel ve sosyal ortamlara kat\u0131l\u0131m\u0131n\u0131n art\u0131r\u0131lmas\u0131 ve yeti\u015fkinli\u011fe haz\u0131rlanmalar\u0131na destek olunmas\u0131 hedeflerini ta\u015f\u0131yor. \u201c\u00d6zel Gereksinimli Bireylerin Kapsay\u0131c\u0131 Toplum Uygulamalar\u0131 Kapsam\u0131nda Engelsiz Kent Ya\u015fam Becerilerinin G\u00fc\u00e7lendirilmesi\u201d ba\u015fl\u0131kl\u0131 proje, 23-27 Haziran 2025 tarihleri aras\u0131nda uygulanacak. Yeni\u015fehir Belediye Ba\u015fkan\u0131 Abdullah \u00d6zyi\u011fit, \u201cKentimizi herkes i\u00e7in eri\u015filebilir ve ya\u015fanabilir hale getirme hedefimiz do\u011frultusunda \u00f6nemli bir ad\u0131m ataca\u011f\u0131z. T\u00dcB\u0130TAK deste\u011fiyle hayata ge\u00e7irece\u011fimiz bu proje, \u00f6zel gereksinimli bireylerin kent ya\u015fam\u0131na tam ve e\u015fit kat\u0131l\u0131m\u0131n\u0131 sa\u011flama yolunda de\u011ferli bir f\u0131rsat sunuyor. Eri\u015filebilirli\u011fin bir l\u00fctuf de\u011fil, temel bir hak oldu\u011fu bilinciyle hareket ediyor; kapsay\u0131c\u0131, adil ve dayan\u0131\u015fmac\u0131 bir kent in\u015fa etme kararl\u0131l\u0131\u011f\u0131m\u0131z\u0131 s\u00fcrd\u00fcr\u00fcyoruz. Bu projede eme\u011fi ge\u00e7en t\u00fcm payda\u015flara ve bilimsel katk\u0131 sunacak akademisyenlere te\u015fekk\u00fcr ediyorum.\u201d ifadelerini kulland\u0131.<\/p>\n\n\n\n<p>Toplamda 36 \u00f6zel gereksinimli bireyin kat\u0131laca\u011f\u0131 projede, g\u00f6rme, i\u015fitme ve fiziksel yetersizlik tan\u0131s\u0131 bulunan 12\u2019\u015fer yeti\u015fkin birey yer alacak. Etkinlikler; Yeni\u015fehir Belediyesi Atat\u00fcrk K\u00fclt\u00fcr Merkezi, Mersin \u00dcniversitesi \u00c7iftlikk\u00f6y Kamp\u00fcs\u00fc, Engelsiz Ya\u015fam Merkezi ve Engelsiz Ya\u015fam Park\u0131\u2019nda ger\u00e7ekle\u015fecek.<\/p>\n\n\n\n<p>Projede eri\u015filebilirlik kavram\u0131, hak temelli eri\u015fim, yap\u0131l\u0131 \u00e7evrede eri\u015filebilirlik, ula\u015f\u0131mda eri\u015filebilirlik, bilgi ve ileti\u015fim teknolojilerinde bilgiye eri\u015fim ve kentteki iyi uygulama \u00f6rnekleri gibi ba\u015fl\u0131klar i\u015flenecek. Her engelli grubuna \u00f6zel uyarlanm\u0131\u015f e\u011fitim oturumlar\u0131, ilgili alandaki akademisyenlerin rehberli\u011finde y\u00fcr\u00fct\u00fclecek. Kat\u0131l\u0131mc\u0131lar\u0131n her biri i\u00e7in \u00f6zel rehberler atanacak ve e\u011fitimler etkile\u015fimli y\u00f6ntemlerle uygulanacak.<\/p>\n\n\n\n<p>Proje sonunda kat\u0131l\u0131mc\u0131lar\u0131n, eri\u015filebilir ortamlar arac\u0131l\u0131\u011f\u0131yla kent ya\u015fam\u0131nda kar\u015f\u0131la\u015ft\u0131klar\u0131 zorluklar\u0131 a\u015fmalar\u0131na katk\u0131 sa\u011flanmas\u0131 ve g\u00fcnl\u00fck ya\u015fam becerilerinin geli\u015ftirilmesi hedefleniyor. Uygulama sonu\u00e7lar\u0131, akademik \u00f6l\u00e7\u00fcm ara\u00e7lar\u0131yla de\u011ferlendirilerek bir rapor halinde kamuoyuyla payla\u015f\u0131lacak. Projede yer almak isteyenler 444 33 54 telefon numaras\u0131yla Yeni\u015fehir Halk Masas\u0131\u2019na ba\u015fvuru yapabilecek.<\/p>\n","protected":false},"excerpt":{"rendered":"<p>Mersin Yeni\u015fehir Belediyesi taraf\u0131ndan haz\u0131rlanan ve \u00f6zel gereksinimli bireylerin kent ya\u015fam\u0131nda daha aktif yer alabilmelerini ama\u00e7layan proje, T\u00dcB\u0130TAK\u2019\u0131n 4008 \u00d6zel Gereksinimli Bireylere Y\u00f6nelik Kapsay\u0131c\u0131 Toplum Uygulamalar\u0131 Destekleme Program\u0131 kapsam\u0131nda hibe almaya hak kazand\u0131. Yeni\u015fehir Belediye Ba\u015fkan\u0131 Abdullah \u00d6zyi\u011fit, \u201cBu projeyle hem \u00f6zel gereksinimli bireylerin toplumsal ya\u015famda g\u00fc\u00e7lendirilmesine katk\u0131 sunmay\u0131 hem de \u00f6rnek olabilecek kapsay\u0131c\u0131 uygulamalar\u0131n [&hellip;]<\/p>\n","protected":false},"author":2,"featured_media":42603,"comment_status":"closed","ping_status":"closed","sticky":false,"template":"","format":"standard","meta":{"footnotes":""},"categories":[3],"tags":[],"class_list":["post-42602","post","type-post","status-publish","format-standard","has-post-thumbnail","hentry","category-manset"],"views":4,"_links":{"self":[{"href":"https:\/\/mersinkadingazetesi.com\/index.php?rest_route=\/wp\/v2\/posts\/42602"}],"collection":[{"href":"https:\/\/mersinkadingazetesi.com\/index.php?rest_route=\/wp\/v2\/posts"}],"about":[{"href":"https:\/\/mersinkadingazetesi.com\/index.php?rest_route=\/wp\/v2\/types\/post"}],"author":[{"embeddable":true,"href":"https:\/\/mersinkadingazetesi.com\/index.php?rest_route=\/wp\/v2\/users\/2"}],"replies":[{"embeddable":true,"href":"https:\/\/mersinkadingazetesi.com\/index.php?rest_route=%2Fwp%2Fv2%2Fcomments&post=42602"}],"version-history":[{"count":1,"href":"https:\/\/mersinkadingazetesi.com\/index.php?rest_route=\/wp\/v2\/posts\/42602\/revisions"}],"predecessor-version":[{"id":42604,"href":"https:\/\/mersinkadingazetesi.com\/index.php?rest_route=\/wp\/v2\/posts\/42602\/revisions\/42604"}],"wp:featuredmedia":[{"embeddable":true,"href":"https:\/\/mersinkadingazetesi.com\/index.php?rest_route=\/wp\/v2\/media\/42603"}],"wp:attachment":[{"href":"https:\/\/mersinkadingazetesi.com\/index.php?rest_route=%2Fwp%2Fv2%2Fmedia&parent=42602"}],"wp:term":[{"taxonomy":"category","embeddable":true,"href":"https:\/\/mersinkadingazetesi.com\/index.php?rest_route=%2Fwp%2Fv2%2Fcategories&post=42602"},{"taxonomy":"post_tag","embeddable":true,"href":"https:\/\/mersinkadingazetesi.com\/index.php?rest_route=%2Fwp%2Fv2%2Ftags&post=42602"}],"curies":[{"name":"wp","href":"https:\/\/api.w.org\/{rel}","templated":true}]}}