{"id":42608,"date":"2025-05-15T13:08:45","date_gmt":"2025-05-15T10:08:45","guid":{"rendered":"https:\/\/mersinkadingazetesi.com\/?p=42608"},"modified":"2025-05-15T13:08:45","modified_gmt":"2025-05-15T10:08:45","slug":"il-milli-egitim-muduru-fazilet-durmus-toroslar-dugduoren-kasli-ilkokulunu-ziyaret-etti","status":"publish","type":"post","link":"https:\/\/mersinkadingazetesi.com\/?p=42608","title":{"rendered":"\u0130L M\u0130LL\u00ce E\u011e\u0130T\u0130M M\u00dcD\u00dcR\u00dc FAZ\u0130LET DURMU\u015e, TOROSLAR D\u00dc\u011eD\u00dc\u00d6REN KA\u015eLI \u0130LKOKULUNU Z\u0130YARET ETT\u0130\u00a0"},"content":{"rendered":"\n<p>\u0130l Mill\u00ee E\u011fitim M\u00fcd\u00fcr\u00fc Fazilet Durmu\u015f, Toroslar D\u00fc\u011fd\u00fc\u00f6ren Ka\u015fl\u0131 \u0130lkokulunu ziyaret etti. Samimi ve s\u0131cak bir atmosferde ger\u00e7ekle\u015fen ziyarette, Fazilet Durmu\u015f minik \u00f6\u011frencilerle yak\u0131ndan ilgilenerek onlar\u0131n d\u00fcnyas\u0131na ortak oldu.<\/p>\n\n\n\n<p>Okulun s\u0131n\u0131flar\u0131n\u0131 tek tek gezerek \u00f6\u011frencilerin heyecan\u0131na ortak olan Fazilet Durmu\u015f, her bir \u00f6\u011frenciyle ayr\u0131 ayr\u0131 sohbet etti. Ders etkinliklerine kat\u0131larak onlar\u0131n merakl\u0131 sorular\u0131n\u0131 yan\u0131tlad\u0131 ve \u00f6\u011frenme s\u00fcre\u00e7lerine destek oldu. Durmu\u015f, \u00f6\u011frencilerin g\u00f6zlerindeki \u0131\u015f\u0131lt\u0131 ve co\u015fkuya ortak oldu.&nbsp;<\/p>\n\n\n\n<p>\u00d6\u011frencilerle birlikte geleneksel \u00e7ocuk oyunlar\u0131 oynayan Fazilet Durmu\u015f, \u00e7ocuklar\u0131n enerjisinden ve onlarla birlikte olmaktan duydu\u011fu memnuniyeti dile getirdi.<\/p>\n\n\n\n<p>Ziyarette velilerle de bir araya gelen Fazilet Durmu\u015f, okul-aile i\u015f birli\u011finin \u00f6nemine vurgu yapt\u0131.<\/p>\n\n\n\n<p>Ziyarette Fazilet Durmu\u015f&#8217;a, E\u011fitim M\u00fcfetti\u015fleri Ba\u015fkan\u0131 Sel\u00e7uk Ye\u015fil, \u0130l Mill\u00ee E\u011fitim M\u00fcd\u00fcr Yard\u0131mc\u0131lar\u0131 Fatih Bur\u011fut, Harun \u00dczer ve Nazmi Kendigelen, Toroslar \u0130l\u00e7e Mill\u00ee E\u011fitim M\u00fcd\u00fcr\u00fc Kaan Aydemir e\u015flik etti.<\/p>\n\n\n\n<p><a href=\"https:\/\/mersin.meb.gov.tr\/meb_iys_dosyalar\/2025_05\/14143042_whatsappimage20250514at13.01.12.jpg\" target=\"_blank\" rel=\"noreferrer noopener\"><\/a><\/p>\n","protected":false},"excerpt":{"rendered":"<p>\u0130l Mill\u00ee E\u011fitim M\u00fcd\u00fcr\u00fc Fazilet Durmu\u015f, Toroslar D\u00fc\u011fd\u00fc\u00f6ren Ka\u015fl\u0131 \u0130lkokulunu ziyaret etti. Samimi ve s\u0131cak bir atmosferde ger\u00e7ekle\u015fen ziyarette, Fazilet Durmu\u015f minik \u00f6\u011frencilerle yak\u0131ndan ilgilenerek onlar\u0131n d\u00fcnyas\u0131na ortak oldu. Okulun s\u0131n\u0131flar\u0131n\u0131 tek tek gezerek \u00f6\u011frencilerin heyecan\u0131na ortak olan Fazilet Durmu\u015f, her bir \u00f6\u011frenciyle ayr\u0131 ayr\u0131 sohbet etti. Ders etkinliklerine kat\u0131larak onlar\u0131n merakl\u0131 sorular\u0131n\u0131 yan\u0131tlad\u0131 ve [&hellip;]<\/p>\n","protected":false},"author":2,"featured_media":42610,"comment_status":"closed","ping_status":"closed","sticky":false,"template":"","format":"standard","meta":{"footnotes":""},"categories":[3],"tags":[],"class_list":["post-42608","post","type-post","status-publish","format-standard","has-post-thumbnail","hentry","category-manset"],"views":4,"_links":{"self":[{"href":"https:\/\/mersinkadingazetesi.com\/index.php?rest_route=\/wp\/v2\/posts\/42608"}],"collection":[{"href":"https:\/\/mersinkadingazetesi.com\/index.php?rest_route=\/wp\/v2\/posts"}],"about":[{"href":"https:\/\/mersinkadingazetesi.com\/index.php?rest_route=\/wp\/v2\/types\/post"}],"author":[{"embeddable":true,"href":"https:\/\/mersinkadingazetesi.com\/index.php?rest_route=\/wp\/v2\/users\/2"}],"replies":[{"embeddable":true,"href":"https:\/\/mersinkadingazetesi.com\/index.php?rest_route=%2Fwp%2Fv2%2Fcomments&post=42608"}],"version-history":[{"count":1,"href":"https:\/\/mersinkadingazetesi.com\/index.php?rest_route=\/wp\/v2\/posts\/42608\/revisions"}],"predecessor-version":[{"id":42611,"href":"https:\/\/mersinkadingazetesi.com\/index.php?rest_route=\/wp\/v2\/posts\/42608\/revisions\/42611"}],"wp:featuredmedia":[{"embeddable":true,"href":"https:\/\/mersinkadingazetesi.com\/index.php?rest_route=\/wp\/v2\/media\/42610"}],"wp:attachment":[{"href":"https:\/\/mersinkadingazetesi.com\/index.php?rest_route=%2Fwp%2Fv2%2Fmedia&parent=42608"}],"wp:term":[{"taxonomy":"category","embeddable":true,"href":"https:\/\/mersinkadingazetesi.com\/index.php?rest_route=%2Fwp%2Fv2%2Fcategories&post=42608"},{"taxonomy":"post_tag","embeddable":true,"href":"https:\/\/mersinkadingazetesi.com\/index.php?rest_route=%2Fwp%2Fv2%2Ftags&post=42608"}],"curies":[{"name":"wp","href":"https:\/\/api.w.org\/{rel}","templated":true}]}}