{"id":42612,"date":"2025-05-15T13:10:10","date_gmt":"2025-05-15T10:10:10","guid":{"rendered":"https:\/\/mersinkadingazetesi.com\/?p=42612"},"modified":"2025-05-15T13:10:13","modified_gmt":"2025-05-15T10:10:13","slug":"talat-dincer-esnafin-ciftcinin-emeklinin-alacagi-var-halk-borclu-degil-alacakli","status":"publish","type":"post","link":"https:\/\/mersinkadingazetesi.com\/?p=42612","title":{"rendered":"Talat Din\u00e7er: &#8220;Esnaf\u0131n, \u00c7ift\u00e7inin, Emeklinin Alaca\u011f\u0131 Var: Halk Bor\u00e7lu De\u011fil, Alacakl\u0131!"},"content":{"rendered":"\n<p>Cumhuriyet Halk Partisi (CHP) Mersin Milletvekili Talat Din\u00e7er, T\u00fcrkiye B\u00fcy\u00fck Millet Meclisi (TBMM) Genel Kurulu&#8217;nda yapt\u0131\u011f\u0131 konu\u015fmada, BA\u011e-KUR sigortal\u0131lar\u0131na verilen s\u00f6zlerin tutulmamas\u0131n\u0131n ikinci y\u0131l d\u00f6n\u00fcm\u00fcnde, esnaf, sanatk\u00e2r ve \u00e7ift\u00e7ilerin ya\u015fad\u0131\u011f\u0131 derin ma\u011fduriyetlere dikkat \u00e7ekti. Din\u00e7er, Cumhurba\u015fkan\u0131&#8217;n\u0131n se\u00e7im meydanlar\u0131nda BA\u011e-KUR&#8217;lular\u0131n prim g\u00fcn say\u0131s\u0131n\u0131 9000&#8217;den 7200&#8217;e d\u00fc\u015f\u00fcrme vaadinin \u00fczerinden iki y\u0131l ge\u00e7mesine ra\u011fmen hi\u00e7bir ad\u0131m at\u0131lmad\u0131\u011f\u0131n\u0131 vurgulad\u0131.<\/p>\n\n\n\n<p>Din\u00e7er, &#8220;Bug\u00fcn, BA\u011e-KUR sigortal\u0131lar\u0131n\u0131n, BA\u011e-KUR&#8217;lu esnaflar\u0131n bizzat Cumhurba\u015fkan\u0131 taraf\u0131ndan aldat\u0131ld\u0131\u011f\u0131 g\u00fcn\u00fcn 2&#8217;nci y\u0131l d\u00f6n\u00fcm\u00fc. Se\u00e7im meydanlar\u0131nda &#8216;Evet, BA\u011e-KUR&#8217;lular ma\u011fdur, e\u015fitlik ilkesini uygulayaca\u011f\u0131z, 9000 prim g\u00fcn say\u0131s\u0131n\u0131 7200&#8217;e d\u00fc\u015f\u00fcrece\u011fiz.&#8217; diye vaat verildi. Ancak gelinen noktada, aradan ge\u00e7en iki y\u0131ll\u0131k s\u00fcre i\u00e7erisinde maalesef hi\u00e7bir \u015fekilde ad\u0131m at\u0131lmad\u0131,&#8221; ifadelerini kulland\u0131. Din\u00e7er, bu durumun Cumhurba\u015fkan\u0131&#8217;n\u0131n &#8220;Bizim s\u00f6z\u00fcm\u00fcz yalanc\u0131 \u00e7oban\u0131n s\u00f6z\u00fcne benzemez, biz s\u00f6z verdik mi tutar\u0131z,&#8221; s\u00f6zleriyle \u00e7eli\u015fti\u011fini belirterek, takdiri BA\u011e-KUR sigortal\u0131lar\u0131n\u0131n vicdan\u0131na b\u0131rakt\u0131.<\/p>\n\n\n\n<p><strong>&#8220;Esnaf ve \u00c7ift\u00e7i Peri\u015fan Durumda&#8221;<\/strong><\/p>\n\n\n\n<p>Konu\u015fmas\u0131nda esnaf ve \u00e7ift\u00e7ilerin ya\u015fad\u0131\u011f\u0131 zorluklara da de\u011finen Din\u00e7er, &#8220;Esnaf\u0131m\u0131z \u00fclkemizde el eme\u011fi, al\u0131n teriyle devletten hi\u00e7bir destek g\u00f6rmeden \u00e7al\u0131\u015fan, istihdam yaratan, ekonomiye katk\u0131 sa\u011flayan ve toplumda huzuru sa\u011flayan bir kesimdir. Ancak ne yaz\u0131k ki bug\u00fcne kadar esnaf\u0131m\u0131za verilen s\u00f6zlerin hi\u00e7biri yerine getirilmemi\u015ftir,&#8221; dedi. \u00c7ift\u00e7ilerin de y\u00fcksek maliyetler alt\u0131nda ezildi\u011fini, mazota, g\u00fcbreye, ilaca ula\u015famad\u0131\u011f\u0131n\u0131 ve \u00fcretti\u011fi \u00fcr\u00fcn\u00fc satamayarak tarlada b\u0131rakt\u0131\u011f\u0131n\u0131 belirtti.<\/p>\n\n\n\n<p>Din\u00e7er, esnaf\u0131n hem kendi BA\u011e-KUR primini hem de yan\u0131nda \u00e7al\u0131\u015ft\u0131rd\u0131\u011f\u0131 i\u015f\u00e7inin primini \u00f6deyerek \u00e7ift tarafl\u0131 bir y\u00fck alt\u0131nda oldu\u011funu, buna ra\u011fmen di\u011fer sosyal g\u00fcvenlik kurulu\u015flar\u0131ndaki haklar\u0131n BA\u011e-KUR&#8217;lulara verilmedi\u011fini s\u00f6yledi. Zirai don olaylar\u0131 sonras\u0131 \u00e7ift\u00e7ilerin daha da b\u00fcy\u00fck s\u0131k\u0131nt\u0131lar ya\u015fad\u0131\u011f\u0131n\u0131, tohumdan hasada kadar her ad\u0131m\u0131 bor\u00e7la at\u0131lan bir sistem yarat\u0131ld\u0131\u011f\u0131n\u0131 ifade eden Din\u00e7er, &#8220;\u00c7ift\u00e7inin al\u0131n terini, art\u0131k, faiz, enflasyon ve y\u00fcksek maliyetler siliyor. Tarlalar bo\u015f kal\u0131yor, art\u0131k ekilmez, dikilmez oldu. Tarlalar bo\u015fsa emin olun ki sofralar da bo\u015f kal\u0131r,&#8221; uyar\u0131s\u0131nda bulundu.<\/p>\n\n\n\n<p><strong>&#8220;AKP \u0130ktidar\u0131 Esnaf\u0131n S\u0131rt\u0131na Bindi, inmek bilmiyor&#8221;<\/strong><\/p>\n\n\n\n<p>CHP&#8217;li Din\u00e7er, iktidar\u0131n yirmi \u00fc\u00e7 y\u0131ll\u0131k y\u00f6netimi boyunca esnafa bak\u0131\u015f a\u00e7\u0131s\u0131n\u0131 ele\u015ftirerek, &#8220;Her f\u0131rsatta s\u0131rt\u0131n\u0131 s\u0131vazlad\u0131\u011f\u0131n\u0131z, \u00f6vg\u00fcyle bahsetti\u011finiz esnaf\u0131n s\u0131rt\u0131na bindiniz inmek bilmiyorsunuz. Esnaf\u0131, bir avu\u00e7 yanda\u015f\u0131 zengin etmek u\u011fruna te\u015fviklerle olu\u015fturdu\u011funuz AVM ve zincir marketlere yem ettiniz. Hani, yerli ve mill\u00ee \u00fcretimden yanayd\u0131n\u0131z? AKP olarak \u00fcreticilerimize de\u011fil, ithalat lobilerine destek verdiniz,&#8221; \u015feklinde konu\u015ftu. Yanl\u0131\u015f ekonomik programlar sonucu y\u0131lda 150 bin esnaf\u0131n kepenk kapatt\u0131\u011f\u0131n\u0131 ve sokaklar\u0131n karard\u0131\u011f\u0131n\u0131 belirten Din\u00e7er, primlerini \u00f6deyenlerin anayasal emeklilik haklar\u0131n\u0131n gasp edildi\u011fini savundu.<\/p>\n\n\n\n<p><strong>&#8220;Halk Art\u0131k Bor\u00e7lu De\u011fil, Alacakl\u0131d\u0131r!&#8221;<\/strong><\/p>\n\n\n\n<p>Din\u00e7er, halk\u0131n art\u0131k bor\u00e7lu de\u011fil, alacakl\u0131 konumunda oldu\u011funu vurgulayarak \u015funlar\u0131 s\u00f6yledi: &#8220;Art\u0131k yeter; halk\u0131 bor\u00e7land\u0131rmaktan, bor\u00e7lu \u00e7\u0131karmaktan vazge\u00e7in; art\u0131k halk bor\u00e7lu de\u011fil, halk alacakl\u0131; emekli alacakl\u0131, \u00e7ift\u00e7i alacakl\u0131, esnaf alacakl\u0131, asgari \u00fccretli alacakl\u0131, i\u015f\u00e7i, memur alacakl\u0131, kademeli emeklilik bekleyenler alacakl\u0131, staj ma\u011fdurlar\u0131 alacakl\u0131, 3600 ek g\u00f6sterge ma\u011fdurlar\u0131 alacakl\u0131, atanmayan \u00f6\u011fretmenler, gen\u00e7ler, askerlerimiz, herkes hakl\u0131. Art\u0131k halk aya\u011fa kalkt\u0131, halk bilin\u00e7lendi, alaca\u011f\u0131n\u0131n pe\u015fine d\u00fc\u015ft\u00fc. Hakk\u0131n\u0131, hukukunu, anayasal hakk\u0131n\u0131, onurunu ve insanca ya\u015fama hakk\u0131n\u0131 elde etmek i\u00e7in aya\u011fa kalkt\u0131.&#8221; dedi.<\/p>\n","protected":false},"excerpt":{"rendered":"<p>Cumhuriyet Halk Partisi (CHP) Mersin Milletvekili Talat Din\u00e7er, T\u00fcrkiye B\u00fcy\u00fck Millet Meclisi (TBMM) Genel Kurulu&#8217;nda yapt\u0131\u011f\u0131 konu\u015fmada, BA\u011e-KUR sigortal\u0131lar\u0131na verilen s\u00f6zlerin tutulmamas\u0131n\u0131n ikinci y\u0131l d\u00f6n\u00fcm\u00fcnde, esnaf, sanatk\u00e2r ve \u00e7ift\u00e7ilerin ya\u015fad\u0131\u011f\u0131 derin ma\u011fduriyetlere dikkat \u00e7ekti. Din\u00e7er, Cumhurba\u015fkan\u0131&#8217;n\u0131n se\u00e7im meydanlar\u0131nda BA\u011e-KUR&#8217;lular\u0131n prim g\u00fcn say\u0131s\u0131n\u0131 9000&#8217;den 7200&#8217;e d\u00fc\u015f\u00fcrme vaadinin \u00fczerinden iki y\u0131l ge\u00e7mesine ra\u011fmen hi\u00e7bir ad\u0131m at\u0131lmad\u0131\u011f\u0131n\u0131 vurgulad\u0131. [&hellip;]<\/p>\n","protected":false},"author":2,"featured_media":42613,"comment_status":"closed","ping_status":"closed","sticky":false,"template":"","format":"standard","meta":{"footnotes":""},"categories":[3],"tags":[],"class_list":["post-42612","post","type-post","status-publish","format-standard","has-post-thumbnail","hentry","category-manset"],"views":4,"_links":{"self":[{"href":"https:\/\/mersinkadingazetesi.com\/index.php?rest_route=\/wp\/v2\/posts\/42612"}],"collection":[{"href":"https:\/\/mersinkadingazetesi.com\/index.php?rest_route=\/wp\/v2\/posts"}],"about":[{"href":"https:\/\/mersinkadingazetesi.com\/index.php?rest_route=\/wp\/v2\/types\/post"}],"author":[{"embeddable":true,"href":"https:\/\/mersinkadingazetesi.com\/index.php?rest_route=\/wp\/v2\/users\/2"}],"replies":[{"embeddable":true,"href":"https:\/\/mersinkadingazetesi.com\/index.php?rest_route=%2Fwp%2Fv2%2Fcomments&post=42612"}],"version-history":[{"count":1,"href":"https:\/\/mersinkadingazetesi.com\/index.php?rest_route=\/wp\/v2\/posts\/42612\/revisions"}],"predecessor-version":[{"id":42614,"href":"https:\/\/mersinkadingazetesi.com\/index.php?rest_route=\/wp\/v2\/posts\/42612\/revisions\/42614"}],"wp:featuredmedia":[{"embeddable":true,"href":"https:\/\/mersinkadingazetesi.com\/index.php?rest_route=\/wp\/v2\/media\/42613"}],"wp:attachment":[{"href":"https:\/\/mersinkadingazetesi.com\/index.php?rest_route=%2Fwp%2Fv2%2Fmedia&parent=42612"}],"wp:term":[{"taxonomy":"category","embeddable":true,"href":"https:\/\/mersinkadingazetesi.com\/index.php?rest_route=%2Fwp%2Fv2%2Fcategories&post=42612"},{"taxonomy":"post_tag","embeddable":true,"href":"https:\/\/mersinkadingazetesi.com\/index.php?rest_route=%2Fwp%2Fv2%2Ftags&post=42612"}],"curies":[{"name":"wp","href":"https:\/\/api.w.org\/{rel}","templated":true}]}}