{"id":42615,"date":"2025-05-15T15:12:54","date_gmt":"2025-05-15T12:12:54","guid":{"rendered":"https:\/\/mersinkadingazetesi.com\/?p=42615"},"modified":"2025-05-15T15:12:55","modified_gmt":"2025-05-15T12:12:55","slug":"milletvekili-bozan-ozel-gereksinimli-yurttaslarimiza-bayram-ikramiyesi-verilsin","status":"publish","type":"post","link":"https:\/\/mersinkadingazetesi.com\/?p=42615","title":{"rendered":"Milletvekili Bozan: \u00d6zel gereksinimli yurtta\u015flar\u0131m\u0131za bayram ikramiyesi verilsin!"},"content":{"rendered":"\n<p>DEM Parti Mersin Milletvekili Av. Ali Bozan, \u00f6zel gereksinimli yurtta\u015flar\u0131n ya\u015fam ko\u015fullar\u0131 ve ald\u0131klar\u0131 \u00fccretlerin d\u00fczeltilmesi i\u00e7in Dilek\u00e7e Komisyonu&#8217;na \u00f6nerge sundu. Milletvekili Bozan, \u00f6zel gereksinimli yurtta\u015flar\u0131m ald\u0131\u011f\u0131 ayl\u0131klar\u0131n y\u00fckseltilmesi ve onlara bayram ikramiyesi verilmesini talep etti.<\/p>\n\n\n\n<p>Meclis Dilek\u00e7e Komisyon Toplant\u0131s\u0131&#8217;nda \u00f6zel gereksinimli yurtta\u015flardan komisyona iletilen dilek\u00e7eleri okuyan Halklar\u0131n E\u015fitlik ve Demokrasi Partisi (DEM Parti) Mersin Milletvekili Ali Bozan, \u00f6zel gereksinimli yurtta\u015flar\u0131n talepleri do\u011frultusunda komisyona \u00f6nerge verdi.<\/p>\n\n\n\n<p>&#8220;AYLIKLAR ARTIRILSIN VE BAYRAM \u0130KRAM\u0130YES\u0130 VER\u0130LS\u0130N&#8221;<\/p>\n\n\n\n<p>Komisyonda konu\u015fan Milletvekili Ali Bozan, &#8220;Engelliler Haftas\u0131&#8217;nda \u00f6zel gereksinimli yurtta\u015flar\u0131m\u0131za bir m\u00fcjde vermek gerekti\u011fini d\u00fc\u015f\u00fcn\u00fcyorum. 10-16 May\u0131s tarihleri aras\u0131nda devletin bir\u00e7ok kurumu etkinlikler d\u00fczenliyor ama&nbsp;&nbsp;\u00f6zel gereksinimli yurtta\u015flar sanki sadece bir hafta i\u00e7erisinde hat\u0131rlan\u0131yor. T\u00dc\u0130K verilerine g\u00f6re \u00f6zel gereksinimli yurtta\u015f\u0131m\u0131z\u0131n n\u00fcfusu 9 milyon. 2025 verilerine g\u00f6re istihdam oran\u0131 ise y\u00fczde 4 oran\u0131nda. Yine enflasyona g\u00f6re revize edilmi\u015f engelli ayl\u0131\u011f\u0131 4 bin 500 lira. Yine T\u00dc\u0130K verilerine g\u00f6re \u00f6zel gereksinimli memur say\u0131s\u0131 60 bin civar\u0131nda. Yine 2025 y\u0131l\u0131 zaml\u0131 tutar\u0131yla 65 ya\u015f \u00fczeri ya\u015fl\u0131l\u0131k ayl\u0131\u011f\u0131 5 bin lira. Anayasan\u0131n ilgili maddesi; yani &#8216;T\u00fcrkiye Cumhuriyeti Devleti bir sosyal hukuk devletidir&#8217;. Sosyal devlet olman\u0131n gere\u011fi \u00f6zel gereksinimli yurtta\u015flara ya\u015famlar\u0131n\u0131 kolayla\u015ft\u0131racak ko\u015fullar\u0131 her durumda sa\u011flamakt\u0131r. O nedenle DEM Parti olarak, \u00f6zel gereksinimli yurtta\u015flar\u0131m\u0131z\u0131n sorunlar\u0131n\u0131n ve s\u0131k\u0131nt\u0131lar\u0131n\u0131n Engelliler Haftas\u0131&#8217;nda birebir incelenmesi ve ara\u015ft\u0131r\u0131lmas\u0131 konusunda komisyonumuza g\u00f6nderilen her d\u00f6rt dilek\u00e7e i\u00e7in alt komisyon kurulmas\u0131 konusunda \u00f6nerge verdik&#8221; dedi.<\/p>\n\n\n\n<p>\u00d6zel gereksinimli yurtta\u015flardan Meclis Dilek\u00e7e Komisyonu&#8217;na g\u00f6nderilen dilek\u00e7eleri de okuyan Milletvekili Bozan, &#8220;Yurtta\u015f\u0131m\u0131z demi\u015f ki; &#8216;Engelli ve ya\u015fl\u0131 ayl\u0131\u011f\u0131n\u0131n asgari \u00fccret seviyesine getirilmesini istiyorum&#8217;. Bizce olduk\u00e7a makul ve yerinde bir talep. Yine bir di\u011fer yurtta\u015f\u0131m\u0131z demi\u015f ki; &#8216;Engelli maa\u015flar\u0131n\u0131n Meclis&#8217;imiz art\u0131rs\u0131n ve engellilere bayram ikramiyesi versin'&#8221; diye konu\u015ftu.<\/p>\n\n\n\n<p>Milletvekili Bozan, son olarak, &#8220;Engelliler Haftas\u0131&#8217;nda biz burada bir alt komisyon kursak ve komisyonun yapaca\u011f\u0131 \u00e7al\u0131\u015fmalar neticesinde ilgili Bakanl\u0131klarla ileti\u015fime ge\u00e7sek ve \u00f6zel gereksinimli yurtta\u015flar\u0131m\u0131z\u0131n ayl\u0131klar\u0131 art\u0131r\u0131lsa, onlara bayram ikramiyesi versek ne olur?&#8217; ifadelerini kulland\u0131.<\/p>\n","protected":false},"excerpt":{"rendered":"<p>DEM Parti Mersin Milletvekili Av. Ali Bozan, \u00f6zel gereksinimli yurtta\u015flar\u0131n ya\u015fam ko\u015fullar\u0131 ve ald\u0131klar\u0131 \u00fccretlerin d\u00fczeltilmesi i\u00e7in Dilek\u00e7e Komisyonu&#8217;na \u00f6nerge sundu. Milletvekili Bozan, \u00f6zel gereksinimli yurtta\u015flar\u0131m ald\u0131\u011f\u0131 ayl\u0131klar\u0131n y\u00fckseltilmesi ve onlara bayram ikramiyesi verilmesini talep etti. Meclis Dilek\u00e7e Komisyon Toplant\u0131s\u0131&#8217;nda \u00f6zel gereksinimli yurtta\u015flardan komisyona iletilen dilek\u00e7eleri okuyan Halklar\u0131n E\u015fitlik ve Demokrasi Partisi (DEM Parti) Mersin [&hellip;]<\/p>\n","protected":false},"author":2,"featured_media":42578,"comment_status":"closed","ping_status":"closed","sticky":false,"template":"","format":"standard","meta":{"footnotes":""},"categories":[3],"tags":[],"class_list":["post-42615","post","type-post","status-publish","format-standard","has-post-thumbnail","hentry","category-manset"],"views":5,"_links":{"self":[{"href":"https:\/\/mersinkadingazetesi.com\/index.php?rest_route=\/wp\/v2\/posts\/42615"}],"collection":[{"href":"https:\/\/mersinkadingazetesi.com\/index.php?rest_route=\/wp\/v2\/posts"}],"about":[{"href":"https:\/\/mersinkadingazetesi.com\/index.php?rest_route=\/wp\/v2\/types\/post"}],"author":[{"embeddable":true,"href":"https:\/\/mersinkadingazetesi.com\/index.php?rest_route=\/wp\/v2\/users\/2"}],"replies":[{"embeddable":true,"href":"https:\/\/mersinkadingazetesi.com\/index.php?rest_route=%2Fwp%2Fv2%2Fcomments&post=42615"}],"version-history":[{"count":1,"href":"https:\/\/mersinkadingazetesi.com\/index.php?rest_route=\/wp\/v2\/posts\/42615\/revisions"}],"predecessor-version":[{"id":42616,"href":"https:\/\/mersinkadingazetesi.com\/index.php?rest_route=\/wp\/v2\/posts\/42615\/revisions\/42616"}],"wp:featuredmedia":[{"embeddable":true,"href":"https:\/\/mersinkadingazetesi.com\/index.php?rest_route=\/wp\/v2\/media\/42578"}],"wp:attachment":[{"href":"https:\/\/mersinkadingazetesi.com\/index.php?rest_route=%2Fwp%2Fv2%2Fmedia&parent=42615"}],"wp:term":[{"taxonomy":"category","embeddable":true,"href":"https:\/\/mersinkadingazetesi.com\/index.php?rest_route=%2Fwp%2Fv2%2Fcategories&post=42615"},{"taxonomy":"post_tag","embeddable":true,"href":"https:\/\/mersinkadingazetesi.com\/index.php?rest_route=%2Fwp%2Fv2%2Ftags&post=42615"}],"curies":[{"name":"wp","href":"https:\/\/api.w.org\/{rel}","templated":true}]}}