{"id":42640,"date":"2025-05-16T11:36:12","date_gmt":"2025-05-16T08:36:12","guid":{"rendered":"https:\/\/mersinkadingazetesi.com\/?p=42640"},"modified":"2025-05-16T11:36:13","modified_gmt":"2025-05-16T08:36:13","slug":"akdeniz-kazanli-ismail-kurtulus-ilkokulunda-okuma-bayrami-coskusu","status":"publish","type":"post","link":"https:\/\/mersinkadingazetesi.com\/?p=42640","title":{"rendered":"AKDEN\u0130Z KAZANLI \u0130SMA\u0130L KURTULU\u015e \u0130LKOKULUNDA OKUMA BAYRAMI CO\u015eKUSU\u00a0"},"content":{"rendered":"\n<p>Akdeniz Kaymakam\u0131 Say\u0131n Zeyit \u015eener ve \u0130l Mill\u00ee E\u011fitim M\u00fcd\u00fcr\u00fc Fazilet Durmu\u015f&#8217;un a\u00e7\u0131l\u0131\u015f\u0131yla Akdeniz Kazanl\u0131 \u0130smail Kurtulu\u015f \u0130lkokulunda, Okuma Bayram\u0131 ve Bahar \u015eenli\u011fi t\u00f6renleri d\u00fczenlendi. Akdeniz \u0130l\u00e7e Mill\u00ee E\u011fitim M\u00fcd\u00fcrl\u00fc\u011f\u00fc, okulun yap\u0131m\u0131n\u0131 \u00fcstlenen hay\u0131rsever Kurtulu\u015f Ailesi&#8217;nin de\u011ferli temsilcileri, Kazanl\u0131 saklanabilir de\u011ferli muhtarlar\u0131 ve b\u00f6lgedeki okul m\u00fcd\u00fcrlerinin de te\u015frifleriyle ger\u00e7ekle\u015fen etkinlik, miniklerin co\u015fkusuna sahne oldu.<\/p>\n\n\n\n<p>Birinci s\u0131n\u0131fta okuyan 120 \u00f6\u011frencimizin \u00f6\u011frenim ge\u00e7i\u015fini kutlamak amac\u0131yla birle\u015ftirilmi\u015f birbirinden renkli g\u00f6steriler e\u011flenceli anlara sahne oldu. Y\u0131l boyunca \u00f6zenle haz\u0131rlad\u0131klar\u0131 resim sergisi ve \u00e7evre bilincini yans\u0131tan s\u0131f\u0131r at\u0131k sergisi de b\u00fcy\u00fck be\u011feni toplad\u0131. T\u00f6rende ayr\u0131ca \u00e7\u00f6mlek sanat\u0131 \u00fcr\u00fcnleri ve okul halk oyunlar\u0131 g\u00f6sterileri de sergilendi.<\/p>\n\n\n\n<p>Etkinlikte, Muharrem&#8217;in manevi atmosferine atfen A\u015fure t\u00f6reninin ya\u015fat\u0131lmas\u0131 amac\u0131yla ki\u015filere a\u015fure ve limonata ikram\u0131 yap\u0131ld\u0131.<\/p>\n\n\n\n<p>Etkinli\u011fe Akdeniz Kaymakam\u0131 Say\u0131n Zeyit \u015eener ve \u0130l Mill\u00ee E\u011fitim M\u00fcd\u00fcr\u00fc Fazilet Durmu\u015f&#8217;un yan\u0131 s\u0131ra Akdeniz \u0130l\u00e7e Mill\u00ee E\u011fitim M\u00fcd\u00fcr\u00fc Saim Demir, Hay\u0131rsever Kurtulu\u015f Ailesi temsilcileri, b\u00f6lgedeki 3 mahalle muhtar\u0131 ile Kazanl\u0131 b\u00f6lgesi ve yak\u0131n okullar\u0131n idarecileri ve m\u00fcd\u00fcr \u00f6\u011fretmenleri de yer ald\u0131.<\/p>\n\n\n\n<p><a href=\"https:\/\/mersin.meb.gov.tr\/meb_iys_dosyalar\/2025_05\/15165930_whatsappimage20250515at15.46.54.jpg\" target=\"_blank\" rel=\"noreferrer noopener\"><\/a><\/p>\n","protected":false},"excerpt":{"rendered":"<p>Akdeniz Kaymakam\u0131 Say\u0131n Zeyit \u015eener ve \u0130l Mill\u00ee E\u011fitim M\u00fcd\u00fcr\u00fc Fazilet Durmu\u015f&#8217;un a\u00e7\u0131l\u0131\u015f\u0131yla Akdeniz Kazanl\u0131 \u0130smail Kurtulu\u015f \u0130lkokulunda, Okuma Bayram\u0131 ve Bahar \u015eenli\u011fi t\u00f6renleri d\u00fczenlendi. Akdeniz \u0130l\u00e7e Mill\u00ee E\u011fitim M\u00fcd\u00fcrl\u00fc\u011f\u00fc, okulun yap\u0131m\u0131n\u0131 \u00fcstlenen hay\u0131rsever Kurtulu\u015f Ailesi&#8217;nin de\u011ferli temsilcileri, Kazanl\u0131 saklanabilir de\u011ferli muhtarlar\u0131 ve b\u00f6lgedeki okul m\u00fcd\u00fcrlerinin de te\u015frifleriyle ger\u00e7ekle\u015fen etkinlik, miniklerin co\u015fkusuna sahne oldu. Birinci [&hellip;]<\/p>\n","protected":false},"author":2,"featured_media":42641,"comment_status":"closed","ping_status":"closed","sticky":false,"template":"","format":"standard","meta":{"footnotes":""},"categories":[3],"tags":[],"class_list":["post-42640","post","type-post","status-publish","format-standard","has-post-thumbnail","hentry","category-manset"],"views":7,"_links":{"self":[{"href":"https:\/\/mersinkadingazetesi.com\/index.php?rest_route=\/wp\/v2\/posts\/42640"}],"collection":[{"href":"https:\/\/mersinkadingazetesi.com\/index.php?rest_route=\/wp\/v2\/posts"}],"about":[{"href":"https:\/\/mersinkadingazetesi.com\/index.php?rest_route=\/wp\/v2\/types\/post"}],"author":[{"embeddable":true,"href":"https:\/\/mersinkadingazetesi.com\/index.php?rest_route=\/wp\/v2\/users\/2"}],"replies":[{"embeddable":true,"href":"https:\/\/mersinkadingazetesi.com\/index.php?rest_route=%2Fwp%2Fv2%2Fcomments&post=42640"}],"version-history":[{"count":1,"href":"https:\/\/mersinkadingazetesi.com\/index.php?rest_route=\/wp\/v2\/posts\/42640\/revisions"}],"predecessor-version":[{"id":42642,"href":"https:\/\/mersinkadingazetesi.com\/index.php?rest_route=\/wp\/v2\/posts\/42640\/revisions\/42642"}],"wp:featuredmedia":[{"embeddable":true,"href":"https:\/\/mersinkadingazetesi.com\/index.php?rest_route=\/wp\/v2\/media\/42641"}],"wp:attachment":[{"href":"https:\/\/mersinkadingazetesi.com\/index.php?rest_route=%2Fwp%2Fv2%2Fmedia&parent=42640"}],"wp:term":[{"taxonomy":"category","embeddable":true,"href":"https:\/\/mersinkadingazetesi.com\/index.php?rest_route=%2Fwp%2Fv2%2Fcategories&post=42640"},{"taxonomy":"post_tag","embeddable":true,"href":"https:\/\/mersinkadingazetesi.com\/index.php?rest_route=%2Fwp%2Fv2%2Ftags&post=42640"}],"curies":[{"name":"wp","href":"https:\/\/api.w.org\/{rel}","templated":true}]}}