{"id":42643,"date":"2025-05-16T11:37:36","date_gmt":"2025-05-16T08:37:36","guid":{"rendered":"https:\/\/mersinkadingazetesi.com\/?p=42643"},"modified":"2025-05-16T11:37:37","modified_gmt":"2025-05-16T08:37:37","slug":"habas-demir-celik-firmasina-kyme-antik-kenti-sinirinda-sanayi-tesisi-izni-verildi-mi","status":"publish","type":"post","link":"https:\/\/mersinkadingazetesi.com\/?p=42643","title":{"rendered":"&#8220;HABA\u015e Demir \u00c7elik firmas\u0131na Kyme Antik Kenti s\u0131n\u0131r\u0131nda sanayi tesisi izni verildi mi?&#8221;"},"content":{"rendered":"\n<figure class=\"wp-block-table\"><table class=\"has-fixed-layout\"><tbody><tr><td>DEVA Partisi Genel Ba\u015fkan Yard\u0131mc\u0131s\u0131 ve Mersin Milletvekili Mehmet Emin Ekmen, \u0130zmir\u2019in Alia\u011fa il\u00e7esinde bulunan Kyme Antik Kenti, 1. derece arkeolojik sit alan\u0131 kapsam\u0131nda olmas\u0131na ra\u011fmen, son y\u0131llarda sanayi yat\u0131r\u0131mlar\u0131 nedeniyle ciddi tehditler alt\u0131na girmesini Meclis g\u00fcndemine ta\u015f\u0131d\u0131. Kamuoyuna yans\u0131yan haberlere g\u00f6re, HABA\u015e Demir \u00c7elik Sanayi ve Ticaret A.\u015e., Kyme Antik Kenti s\u0131n\u0131rlar\u0131 i\u00e7erisinde kalan bir t\u00fcm\u00fcl\u00fcs\u00fcn hemen yak\u0131n\u0131na fabrika in\u015faat\u0131n\u0131n ba\u015flat\u0131ld\u0131\u011f\u0131na de\u011finen Ekmen, &#8220;\u0130zmir Alia\u011fa\u2019daki Kyme Antik Kenti ve \u00e7evresi, hangi tarihli ve hangi karar say\u0131l\u0131 K\u00fclt\u00fcr Varl\u0131klar\u0131n\u0131 Koruma Kurulu karar\u0131 ile koruma alt\u0131na al\u0131nm\u0131\u015ft\u0131r?&#8221; diye sordu.&nbsp;&nbsp;<strong>&#8216;K<\/strong><strong>yme Antik Kenti \u00e7evresindeki in\u015faatlar i\u00e7in arkeolojik denetim ve k\u00fclt\u00fcrel varl\u0131k raporlar\u0131 d\u00fczenlendi mi?&#8217;<\/strong>DEVA Partili Ekmen, K\u00fclt\u00fcr ve Turizm Bakan\u0131 Mehmet Nuri Ersoy&#8217;un yan\u0131tlamas\u0131 istemiyle TBMM Ba\u015fkanl\u0131\u011f\u0131na soru \u00f6nergesi verdi. Ekmen, &#8220;B\u00f6lgede daha \u00f6nce yap\u0131lan kurtarma kaz\u0131lar\u0131nda Arkaik D\u00f6nem\u2019e ait fig\u00fcrinler ve di\u011fer \u00f6nemli arkeolojik buluntulara rastlanm\u0131\u015f; bu durum b\u00f6lgenin tarih\u00ee de\u011ferinin tescillenmesine vesile olmu\u015ftur. Buna ra\u011fmen, Kyme Antik Kenti \u00e7evresindeki sanayi yap\u0131la\u015fmalar\u0131n\u0131n artmas\u0131, k\u00fclt\u00fcrel miras\u0131n korunmas\u0131 bak\u0131m\u0131ndan kamuoyunda ciddi endi\u015feler yaratm\u0131\u015ft\u0131r. T\u00fcrkiye\u2019nin taraf oldu\u011fu 1972 tarihli UNESCO D\u00fcnya K\u00fclt\u00fcrel ve Do\u011fal Miras\u0131n\u0131n Korunmas\u0131na Dair S\u00f6zle\u015fme ve 2863 say\u0131l\u0131 K\u00fclt\u00fcr ve Tabiat Varl\u0131klar\u0131n\u0131 Koruma Kanunu \u00e7er\u00e7evesinde, b\u00f6ylesine \u00f6nemli sit alanlar\u0131n\u0131n her t\u00fcrl\u00fc tehditten korunmas\u0131 devletin y\u00fck\u00fcml\u00fcl\u00fc\u011f\u00fcndedir&#8221; dedi.&nbsp;Ayr\u0131ca Ekmen, &#8220;Tarihi miras bir \u00fclkenin ge\u00e7mi\u015fine, k\u00fclt\u00fcrel kimli\u011fine ve gelece\u011fe b\u0131rakaca\u011f\u0131 en k\u0131ymetli emanetidir. Ancak Kyme \u00f6rne\u011finde oldu\u011fu gibi yat\u0131r\u0131m bask\u0131s\u0131 alt\u0131nda bu de\u011ferlerin g\u00f6z ard\u0131 edilmesi, geri d\u00f6n\u00fclmez tahribatlara ve uluslararas\u0131 sorumluluk ihlallerine neden olabilecektir&#8221; a\u00e7\u0131klamas\u0131nda bulundu.<strong>&nbsp;<\/strong><strong>&#8216;<\/strong><strong>\u0130lgili b\u00f6lgede 2010 y\u0131l\u0131nda yap\u0131lan kurtarma kaz\u0131lar\u0131nda elde edilen Arkaik D\u00f6nem buluntular\u0131na ra\u011fmen, neden yeni koruma \u00f6nlemleri geli\u015ftirilmemi\u015ftir?&#8217;<\/strong>Mersin Milletvekili Ekmen, Bakan Ersoy\u2019a yan\u0131tlamas\u0131 istemiyle verdi\u011fi \u00f6nergede \u015fu sorulara yan\u0131t arad\u0131:1. &nbsp; &nbsp; &nbsp;\u0130zmir Alia\u011fa\u2019daki Kyme Antik Kenti ve \u00e7evresi, hangi tarihli ve hangi karar say\u0131l\u0131 K\u00fclt\u00fcr Varl\u0131klar\u0131n\u0131 Koruma Kurulu karar\u0131 ile koruma alt\u0131na al\u0131nm\u0131\u015ft\u0131r? Bug\u00fcne kadar Kyme Antik Kenti\u2019ne ili\u015fkin g\u00fcncellenen koruma plan\u0131 yap\u0131lm\u0131\u015f m\u0131d\u0131r?2. &nbsp; &nbsp; &nbsp;HABA\u015e Demir \u00c7elik firmas\u0131na Kyme Antik Kenti s\u0131n\u0131rlar\u0131 i\u00e7inde veya biti\u015fi\u011finde sanayi tesisi yap\u0131m\u0131 i\u00e7in verilen herhangi bir izin ya da imar de\u011fi\u015fikli\u011fi mevcut mudur? Varsa, bu izin hangi kurumlarca ve hangi \u015fartlarla verilmi\u015ftir?3. &nbsp; &nbsp; &nbsp;Kyme Antik Kenti \u00e7evresinde yap\u0131lan yeni in\u015faat faaliyetleri i\u00e7in gerekli olan arkeolojik denetimler ve k\u00fclt\u00fcrel varl\u0131k de\u011ferlendirme raporlar\u0131 d\u00fczenlenmi\u015f midir? Bu s\u00fcre\u00e7te K\u00fclt\u00fcr Varl\u0131klar\u0131 ve M\u00fczeler Genel M\u00fcd\u00fcrl\u00fc\u011f\u00fc veya ilgili b\u00f6lge m\u00fcze m\u00fcd\u00fcrl\u00fckleri s\u00fcrece dahil olmu\u015f mudur?4. &nbsp; &nbsp; &nbsp;\u0130lgili b\u00f6lgede 2010 y\u0131l\u0131nda yap\u0131lan kurtarma kaz\u0131lar\u0131nda elde edilen Arkaik D\u00f6nem buluntular\u0131na ra\u011fmen, neden yeni koruma \u00f6nlemleri geli\u015ftirilmemi\u015ftir?5. &nbsp; &nbsp; &nbsp;Kyme Antik Kenti \u00e7evresinde son be\u015f y\u0131l i\u00e7inde yap\u0131lan imar plan\u0131 de\u011fi\u015fiklikleri nelerdir? Bu de\u011fi\u015fiklikler Koruma Kurulu\u2019ndan onay alm\u0131\u015f m\u0131d\u0131r?6. &nbsp; &nbsp; &nbsp;Bakanl\u0131\u011f\u0131n\u0131z\u0131n Kyme Antik Kenti ve \u00e7evresinde artan sanayi bask\u0131s\u0131na kar\u015f\u0131 haz\u0131rlad\u0131\u011f\u0131 \u00f6zel bir koruma veya y\u00f6netim plan\u0131 bulunmakta m\u0131d\u0131r? Bu kapsamda bir UNESCO D\u00fcnya Miras\u0131 Adayl\u0131\u011f\u0131 planlanmakta m\u0131d\u0131r?7. &nbsp; &nbsp; &nbsp;Kyme Antik Kenti\u2019nde ve \u00e7evresinde y\u00fcr\u00fct\u00fclen koruma \u00e7al\u0131\u015fmalar\u0131nda, Bakanl\u0131\u011f\u0131n\u0131z taraf\u0131ndan son \u00fc\u00e7 y\u0131lda ayr\u0131lan \u00f6denek miktar\u0131 ve yap\u0131lan denetim say\u0131s\u0131 nedir?8. &nbsp; &nbsp; &nbsp;K\u00fclt\u00fcrel miras\u0131n korunmas\u0131 ve ka\u00e7ak yap\u0131la\u015fman\u0131n engellenmesi i\u00e7in yerel y\u00f6netimlerle ve di\u011fer kamu kurumlar\u0131yla koordineli bir eylem plan\u0131 olu\u015fturulmu\u015f mudur?<\/td><\/tr><\/tbody><\/table><\/figure>\n","protected":false},"excerpt":{"rendered":"<p>DEVA Partisi Genel Ba\u015fkan Yard\u0131mc\u0131s\u0131 ve Mersin Milletvekili Mehmet Emin Ekmen, \u0130zmir\u2019in Alia\u011fa il\u00e7esinde bulunan Kyme Antik Kenti, 1. derece arkeolojik sit alan\u0131 kapsam\u0131nda olmas\u0131na ra\u011fmen, son y\u0131llarda sanayi yat\u0131r\u0131mlar\u0131 nedeniyle ciddi tehditler alt\u0131na girmesini Meclis g\u00fcndemine ta\u015f\u0131d\u0131. Kamuoyuna yans\u0131yan haberlere g\u00f6re, HABA\u015e Demir \u00c7elik Sanayi ve Ticaret A.\u015e., Kyme Antik Kenti s\u0131n\u0131rlar\u0131 i\u00e7erisinde kalan [&hellip;]<\/p>\n","protected":false},"author":2,"featured_media":42644,"comment_status":"closed","ping_status":"closed","sticky":false,"template":"","format":"standard","meta":{"footnotes":""},"categories":[3],"tags":[],"class_list":["post-42643","post","type-post","status-publish","format-standard","has-post-thumbnail","hentry","category-manset"],"views":5,"_links":{"self":[{"href":"https:\/\/mersinkadingazetesi.com\/index.php?rest_route=\/wp\/v2\/posts\/42643"}],"collection":[{"href":"https:\/\/mersinkadingazetesi.com\/index.php?rest_route=\/wp\/v2\/posts"}],"about":[{"href":"https:\/\/mersinkadingazetesi.com\/index.php?rest_route=\/wp\/v2\/types\/post"}],"author":[{"embeddable":true,"href":"https:\/\/mersinkadingazetesi.com\/index.php?rest_route=\/wp\/v2\/users\/2"}],"replies":[{"embeddable":true,"href":"https:\/\/mersinkadingazetesi.com\/index.php?rest_route=%2Fwp%2Fv2%2Fcomments&post=42643"}],"version-history":[{"count":1,"href":"https:\/\/mersinkadingazetesi.com\/index.php?rest_route=\/wp\/v2\/posts\/42643\/revisions"}],"predecessor-version":[{"id":42645,"href":"https:\/\/mersinkadingazetesi.com\/index.php?rest_route=\/wp\/v2\/posts\/42643\/revisions\/42645"}],"wp:featuredmedia":[{"embeddable":true,"href":"https:\/\/mersinkadingazetesi.com\/index.php?rest_route=\/wp\/v2\/media\/42644"}],"wp:attachment":[{"href":"https:\/\/mersinkadingazetesi.com\/index.php?rest_route=%2Fwp%2Fv2%2Fmedia&parent=42643"}],"wp:term":[{"taxonomy":"category","embeddable":true,"href":"https:\/\/mersinkadingazetesi.com\/index.php?rest_route=%2Fwp%2Fv2%2Fcategories&post=42643"},{"taxonomy":"post_tag","embeddable":true,"href":"https:\/\/mersinkadingazetesi.com\/index.php?rest_route=%2Fwp%2Fv2%2Ftags&post=42643"}],"curies":[{"name":"wp","href":"https:\/\/api.w.org\/{rel}","templated":true}]}}