{"id":42646,"date":"2025-05-16T11:38:38","date_gmt":"2025-05-16T08:38:38","guid":{"rendered":"https:\/\/mersinkadingazetesi.com\/?p=42646"},"modified":"2025-05-16T11:38:38","modified_gmt":"2025-05-16T08:38:38","slug":"yenisehir-belediyesi-19-mayisi-genclerin-fikirleriyle-kutlayacak","status":"publish","type":"post","link":"https:\/\/mersinkadingazetesi.com\/?p=42646","title":{"rendered":"Yeni\u015fehir Belediyesi 19 May\u0131s\u2019\u0131 gen\u00e7lerin fikirleriyle kutlayacak"},"content":{"rendered":"\n<p>Yeni\u015fehir Belediyesi, 19 May\u0131s Atat\u00fcrk\u2019\u00fc Anma, Gen\u00e7lik ve Spor Bayram\u0131 kapsam\u0131nda gen\u00e7li\u011fe hitap eden \u00f6zel bir etkinlik program\u0131 haz\u0131rlad\u0131. \u201cS\u00f6z Gen\u00e7lerin!\u201d temas\u0131yla d\u00fczenlenecek etkinlik, 17 May\u0131s Cumartesi g\u00fcn\u00fc saat 14.30\u2019da Yeni\u015fehir Belediyesi Atat\u00fcrk K\u00fclt\u00fcr Merkezinde ger\u00e7ekle\u015ftirilecek.<\/p>\n\n\n\n<p>Etkinlikte gen\u00e7ler yaln\u0131zca izleyici de\u011fil, ayn\u0131 zamanda s\u00f6z sahibi olacak. Uluslararas\u0131 politik ekonomi, siyaset bilimi, teknoloji ve k\u00fclt\u00fcr alanlar\u0131nda i\u00e7erikler \u00fcreten 49W ekibi, \u201cGen\u00e7lik ve Gelecek\u201d ba\u015fl\u0131kl\u0131 s\u00f6yle\u015fiyle etkinli\u011fe konuk olacak. S\u00f6yle\u015fide gen\u00e7li\u011fin gelece\u011fe dair bak\u0131\u015f\u0131, g\u00fcncel meselelerle birlikte ele al\u0131nacak.<\/p>\n\n\n\n<p>Program\u0131n bir di\u011fer dikkat \u00e7eken b\u00f6l\u00fcm\u00fc ise m\u00fcnazara etkinli\u011fi olacak. Oxford ve Bo\u011fazi\u00e7i ba\u015fta olmak \u00fczere \u00e7e\u015fitli \u00fcniversitelerden ba\u015far\u0131l\u0131 m\u00fcnaz\u0131rlar\u0131n kat\u0131l\u0131m\u0131yla ger\u00e7ekle\u015ftirilecek m\u00fcnazarada, gen\u00e7ler g\u00fcncel konulara dair fikirlerini tart\u0131\u015facak. Kazanan ise seyircilerin oylar\u0131yla belirlenecek.<\/p>\n\n\n\n<p>Etkinli\u011fin son b\u00f6l\u00fcm\u00fcnde d\u00fczenlenecek olan bilgi yar\u0131\u015fmas\u0131 da gen\u00e7ler i\u00e7in hem e\u011fitici hem de \u00f6d\u00fcll\u00fc bir rekabet ortam\u0131 sunacak. G\u00fcn boyunca edinilen bilgiler do\u011frultusunda yap\u0131lacak yar\u0131\u015fmada, ilk 10\u2019a giren kat\u0131l\u0131mc\u0131lar tablet, kulakl\u0131k ve hediye \u00e7ekleriyle \u00f6d\u00fcllendirilecek.<\/p>\n\n\n\n<p><strong>\u201cGelin, 19 May\u0131s\u2019\u0131 co\u015fkuyla, gen\u00e7lik ruhuyla ve umutla kutlayal\u0131m.\u201d<\/strong><\/p>\n\n\n\n<p>Gen\u00e7ler ba\u015fta olmak \u00fczere t\u00fcm vatanda\u015flar\u0131 etkinli\u011fe davet eden Yeni\u015fehir Belediye Ba\u015fkan\u0131 Abdullah \u00d6zyi\u011fit, <strong>\u201c19 May\u0131s, T\u00fcrkiye Cumhuriyeti\u2019nin temellerinin at\u0131ld\u0131\u011f\u0131, gen\u00e7li\u011fe ve gelece\u011fe duyulan inanc\u0131n simgesi olan \u00e7ok \u00f6zel bir g\u00fcn. Bu anlaml\u0131 bayram\u0131, gen\u00e7lerimizin enerjisi ve d\u00fc\u015f\u00fcnceleriyle birlikte kutlamak istedik. Gen\u00e7lerimizin fikirlerini \u00f6zg\u00fcrce ifade edece\u011fi, konu\u015faca\u011f\u0131 ve tart\u0131\u015faca\u011f\u0131 bu programa t\u00fcm hem\u015fehrilerimizi bekliyoruz. Gelin, 19 May\u0131s\u2019\u0131 co\u015fkuyla, gen\u00e7lik ruhuyla ve umutla kutlayal\u0131m. Bu duygularla Ulu \u00d6nder Mustafa Kemal Atat\u00fcrk ve yol arkada\u015flar\u0131n\u0131, aziz \u015fehitlerimizi ve kahraman gazilerimizi sayg\u0131 ve minnetle an\u0131yoruz. 19 May\u0131s Atat\u00fcrk\u2019\u00fc Anma, Gen\u00e7lik ve Spor Bayram\u0131\u2019n\u0131z kutlu olsun.\u201d<\/strong><\/p>\n","protected":false},"excerpt":{"rendered":"<p>Yeni\u015fehir Belediyesi, 19 May\u0131s Atat\u00fcrk\u2019\u00fc Anma, Gen\u00e7lik ve Spor Bayram\u0131 kapsam\u0131nda gen\u00e7li\u011fe hitap eden \u00f6zel bir etkinlik program\u0131 haz\u0131rlad\u0131. \u201cS\u00f6z Gen\u00e7lerin!\u201d temas\u0131yla d\u00fczenlenecek etkinlik, 17 May\u0131s Cumartesi g\u00fcn\u00fc saat 14.30\u2019da Yeni\u015fehir Belediyesi Atat\u00fcrk K\u00fclt\u00fcr Merkezinde ger\u00e7ekle\u015ftirilecek. Etkinlikte gen\u00e7ler yaln\u0131zca izleyici de\u011fil, ayn\u0131 zamanda s\u00f6z sahibi olacak. Uluslararas\u0131 politik ekonomi, siyaset bilimi, teknoloji ve k\u00fclt\u00fcr alanlar\u0131nda [&hellip;]<\/p>\n","protected":false},"author":2,"featured_media":42647,"comment_status":"closed","ping_status":"closed","sticky":false,"template":"","format":"standard","meta":{"footnotes":""},"categories":[3],"tags":[],"class_list":["post-42646","post","type-post","status-publish","format-standard","has-post-thumbnail","hentry","category-manset"],"views":6,"_links":{"self":[{"href":"https:\/\/mersinkadingazetesi.com\/index.php?rest_route=\/wp\/v2\/posts\/42646"}],"collection":[{"href":"https:\/\/mersinkadingazetesi.com\/index.php?rest_route=\/wp\/v2\/posts"}],"about":[{"href":"https:\/\/mersinkadingazetesi.com\/index.php?rest_route=\/wp\/v2\/types\/post"}],"author":[{"embeddable":true,"href":"https:\/\/mersinkadingazetesi.com\/index.php?rest_route=\/wp\/v2\/users\/2"}],"replies":[{"embeddable":true,"href":"https:\/\/mersinkadingazetesi.com\/index.php?rest_route=%2Fwp%2Fv2%2Fcomments&post=42646"}],"version-history":[{"count":1,"href":"https:\/\/mersinkadingazetesi.com\/index.php?rest_route=\/wp\/v2\/posts\/42646\/revisions"}],"predecessor-version":[{"id":42648,"href":"https:\/\/mersinkadingazetesi.com\/index.php?rest_route=\/wp\/v2\/posts\/42646\/revisions\/42648"}],"wp:featuredmedia":[{"embeddable":true,"href":"https:\/\/mersinkadingazetesi.com\/index.php?rest_route=\/wp\/v2\/media\/42647"}],"wp:attachment":[{"href":"https:\/\/mersinkadingazetesi.com\/index.php?rest_route=%2Fwp%2Fv2%2Fmedia&parent=42646"}],"wp:term":[{"taxonomy":"category","embeddable":true,"href":"https:\/\/mersinkadingazetesi.com\/index.php?rest_route=%2Fwp%2Fv2%2Fcategories&post=42646"},{"taxonomy":"post_tag","embeddable":true,"href":"https:\/\/mersinkadingazetesi.com\/index.php?rest_route=%2Fwp%2Fv2%2Ftags&post=42646"}],"curies":[{"name":"wp","href":"https:\/\/api.w.org\/{rel}","templated":true}]}}