{"id":42652,"date":"2025-05-16T16:06:42","date_gmt":"2025-05-16T13:06:42","guid":{"rendered":"https:\/\/mersinkadingazetesi.com\/?p=42652"},"modified":"2025-05-16T16:06:42","modified_gmt":"2025-05-16T13:06:42","slug":"sevim-super-ligdeki-ilk-yilimizda-play-offa-kalmak-cok-degerli","status":"publish","type":"post","link":"https:\/\/mersinkadingazetesi.com\/?p=42652","title":{"rendered":"SEV\u0130M: &#8220;S\u00dcPER L\u0130G&#8217;DEK\u0130 \u0130LK YILIMIZDA PLAY-OFF&#8217;A KALMAK \u00c7OK DE\u011eERL\u0130&#8221;"},"content":{"rendered":"\n<p>S\u00fcper Lig&#8217;de ge\u00e7irdi\u011fi ilk y\u0131l\u0131nda ortaya koydu\u011fu ba\u015far\u0131l\u0131 performans ile basketbolseverlerin takdirini toplayan Mersin Spor Kul\u00fcb\u00fc Erkek (MSK) Basketbol Tak\u0131m\u0131, sezonun son ma\u00e7\u0131nda Dar\u00fc\u015f\u015fafaka Basketbol&#8217;u konuk ediyor. Lig&#8217;de 6. s\u0131rada yer alan Carettalar, bu ma\u00e7\u0131 da kazan\u0131p, play-off&#8217;a do\u011frudan kalmak istiyor.<\/p>\n\n\n\n<p><strong>Sevim: &#8220;S\u00fcper Lig&#8217;deki ilk y\u0131l\u0131m\u0131zda play-off&#8217;a kalmak \u00e7ok de\u011ferli&#8221;<\/strong><\/p>\n\n\n\n<p>Servet Tazeg\u00fcl Spor Salonu&#8217;nda ger\u00e7ekle\u015ftirilen antrenmanlarda oyuncular\u0131n morallerinin olduk\u00e7a y\u00fcksek oldu\u011fu g\u00f6zlemlenirken, Ba\u015fantren\u00f6r Can Sevim ise ama\u00e7lar\u0131n\u0131n 6. s\u0131radaki yerlerini korumak oldu\u011funu s\u00f6yledi. Galatasaray&#8217;\u0131n 1 ma\u00e7 eksi\u011fi oldu\u011funun alt\u0131n\u0131 \u00e7izen Sevim,&nbsp;<strong>&#8220;Sonu\u00e7 olarak Galatasaray&#8217;\u0131n bir ma\u00e7 eksi\u011fi var ama 6. s\u0131ray\u0131 \u015fu anda alm\u0131\u015f durumday\u0131z ve bunu b\u0131rakmak istemiyoruz. Evimizde oynayaca\u011f\u0131m\u0131z son ma\u00e7\u0131 da kazan\u0131p 6. s\u0131radaki yerimizi o g\u00fcn netle\u015ftirebilece\u011fimizi d\u00fc\u015f\u00fcn\u00fcyorum. Bu bizim a\u00e7\u0131m\u0131zdan da kul\u00fcb\u00fcm\u00fcz ve \u015fehrimiz a\u00e7\u0131s\u0131ndan da \u00e7ok \u00f6nemli&#8221;<\/strong>&nbsp;dedi.<\/p>\n\n\n\n<p>Lig&#8217;e 2025-2026 sezonunda Avrupa Kupalar\u0131&#8217;na kat\u0131lma hedefi ile ba\u015flad\u0131klar\u0131n\u0131 ve gelinen noktada bu hedefe \u00e7ok yak\u0131n olduklar\u0131n\u0131 s\u00f6yleyen Sevim,&nbsp;<strong>&#8220;Direkt play off&#8217;ta olmak, onu ilk y\u0131l\u0131m\u0131zda ba\u015far\u0131p bunu sa\u011flam\u0131\u015f olmak ve \u00fcst\u00fcne sezon ba\u015f\u0131ndan beri koydu\u011fumuz as\u0131l hedef olan Avrupa Kupalar\u0131&#8217;na kat\u0131lma hakk\u0131n\u0131 da alaca\u011f\u0131m\u0131z dereceyle kazanaca\u011f\u0131m\u0131z\u0131 d\u00fc\u015f\u00fcn\u00fcrsek, ger\u00e7ekten \u00e7ok de\u011ferli. Bunun bilincindeyiz. Bu ma\u00e7ta eminim ki bizi destekleyecek muhte\u015fem bir seyircimiz olacak. Onlarla beraber b\u00fct\u00fcnle\u015ferek bu ma\u00e7\u0131 da kazan\u0131p 6. s\u0131radan play-off&#8217;a girme hakk\u0131n\u0131 kazanaca\u011f\u0131z ve rakibimizi beklemeye ba\u015flayaca\u011f\u0131z&#8221;<\/strong>&nbsp;diye konu\u015ftu.<\/p>\n\n\n\n<p><strong>Oyuncular, taraftar\u0131n deste\u011fini arkas\u0131nda bekliyor<\/strong><\/p>\n\n\n\n<p>Performans\u0131 ve m\u00fccadelesi ile taraftarlar\u0131n sevgisini kazanan Kaptan Pako Cruz ise Dar\u00fc\u015f\u015fafaka Basketbol&#8217;un zorlu bir rakip oldu\u011funu belirterek,&nbsp;<strong>&#8220;Bu ma\u00e7 bizim i\u00e7in de onlar i\u00e7in de \u00e7ok \u00f6nemli. Onlar kendi hayatlar\u0131 i\u00e7in m\u00fccadele ediyorlar, biz ba\u015fka bir hedef i\u00e7in m\u00fccadele ediyoruz. Zor bir ma\u00e7 olaca\u011f\u0131n\u0131 biliyoruz. B\u00fct\u00fcn taraftarlar\u0131n salonu doldurup bizi destekleyeceklerine eminim&#8221;<\/strong>&nbsp;ifadelerini kulland\u0131.<\/p>\n","protected":false},"excerpt":{"rendered":"<p>S\u00fcper Lig&#8217;de ge\u00e7irdi\u011fi ilk y\u0131l\u0131nda ortaya koydu\u011fu ba\u015far\u0131l\u0131 performans ile basketbolseverlerin takdirini toplayan Mersin Spor Kul\u00fcb\u00fc Erkek (MSK) Basketbol Tak\u0131m\u0131, sezonun son ma\u00e7\u0131nda Dar\u00fc\u015f\u015fafaka Basketbol&#8217;u konuk ediyor. Lig&#8217;de 6. s\u0131rada yer alan Carettalar, bu ma\u00e7\u0131 da kazan\u0131p, play-off&#8217;a do\u011frudan kalmak istiyor. Sevim: &#8220;S\u00fcper Lig&#8217;deki ilk y\u0131l\u0131m\u0131zda play-off&#8217;a kalmak \u00e7ok de\u011ferli&#8221; Servet Tazeg\u00fcl Spor Salonu&#8217;nda ger\u00e7ekle\u015ftirilen [&hellip;]<\/p>\n","protected":false},"author":2,"featured_media":42653,"comment_status":"closed","ping_status":"closed","sticky":false,"template":"","format":"standard","meta":{"footnotes":""},"categories":[3],"tags":[],"class_list":["post-42652","post","type-post","status-publish","format-standard","has-post-thumbnail","hentry","category-manset"],"views":3,"_links":{"self":[{"href":"https:\/\/mersinkadingazetesi.com\/index.php?rest_route=\/wp\/v2\/posts\/42652"}],"collection":[{"href":"https:\/\/mersinkadingazetesi.com\/index.php?rest_route=\/wp\/v2\/posts"}],"about":[{"href":"https:\/\/mersinkadingazetesi.com\/index.php?rest_route=\/wp\/v2\/types\/post"}],"author":[{"embeddable":true,"href":"https:\/\/mersinkadingazetesi.com\/index.php?rest_route=\/wp\/v2\/users\/2"}],"replies":[{"embeddable":true,"href":"https:\/\/mersinkadingazetesi.com\/index.php?rest_route=%2Fwp%2Fv2%2Fcomments&post=42652"}],"version-history":[{"count":1,"href":"https:\/\/mersinkadingazetesi.com\/index.php?rest_route=\/wp\/v2\/posts\/42652\/revisions"}],"predecessor-version":[{"id":42654,"href":"https:\/\/mersinkadingazetesi.com\/index.php?rest_route=\/wp\/v2\/posts\/42652\/revisions\/42654"}],"wp:featuredmedia":[{"embeddable":true,"href":"https:\/\/mersinkadingazetesi.com\/index.php?rest_route=\/wp\/v2\/media\/42653"}],"wp:attachment":[{"href":"https:\/\/mersinkadingazetesi.com\/index.php?rest_route=%2Fwp%2Fv2%2Fmedia&parent=42652"}],"wp:term":[{"taxonomy":"category","embeddable":true,"href":"https:\/\/mersinkadingazetesi.com\/index.php?rest_route=%2Fwp%2Fv2%2Fcategories&post=42652"},{"taxonomy":"post_tag","embeddable":true,"href":"https:\/\/mersinkadingazetesi.com\/index.php?rest_route=%2Fwp%2Fv2%2Ftags&post=42652"}],"curies":[{"name":"wp","href":"https:\/\/api.w.org\/{rel}","templated":true}]}}