{"id":42658,"date":"2025-05-17T20:12:14","date_gmt":"2025-05-17T17:12:14","guid":{"rendered":"https:\/\/mersinkadingazetesi.com\/?p=42658"},"modified":"2025-05-17T20:12:15","modified_gmt":"2025-05-17T17:12:15","slug":"tarsusta-ozgur-cocuk-parki-acildi","status":"publish","type":"post","link":"https:\/\/mersinkadingazetesi.com\/?p=42658","title":{"rendered":"TARSUS\u2019TA \u201c\u00d6ZG\u00dcR \u00c7OCUK PARKI\u2019\u2019 A\u00c7ILDI"},"content":{"rendered":"\n<p>Tarsus Belediyesi, \u00e7ocuklara modern bir park ve yeni ya\u015fam alan\u0131 sunmak amac\u0131yla Fahrettin Pa\u015fa Mahallesi\u2019nde yap\u0131lan \u00d6zg\u00fcr \u00c7ocuk Park\u0131\u2019n\u0131n a\u00e7\u0131l\u0131\u015f\u0131n\u0131 d\u00fczenlenen t\u00f6renle hizmete a\u00e7t\u0131. A\u00e7\u0131l\u0131\u015f t\u00f6renine kat\u0131lan Tarsus Belediye Ba\u015fkan\u0131 Ali Bolta\u00e7, \u201cBiz g\u00f6reve gelirken e\u011fitimde, sa\u011fl\u0131kta, sporda, e\u011fitimde, sanatta her alanda f\u0131rsat e\u015fitli\u011fi yarataca\u011f\u0131z dedik. Atat\u00fcrk Mahallesi\u2019nde ki ya\u015fayan \u00e7ocu\u011fumuz hangi parka kavu\u015fuyorsa, Fahrettin Pa\u015fa Mahallesi\u2019nde ki \u00e7ocu\u011fumuz da ayn\u0131 kalitede parka kavu\u015facak dedik. Ben cebimden \u00e7\u0131kar\u0131p size bir \u015fey vermiyorum, tam tersine siz \u00e7al\u0131\u015f\u0131yorsunuz bu millete vergi veriyorsunuz. Bana 24 saat yetmez, sizleri mutlu k\u0131lmak i\u00e7in, e\u011fitimde f\u0131rsat e\u015fitli\u011fi yaratmak daha fazla \u00e7al\u0131\u015faca\u011f\u0131m.\u2019\u2019 dedi.<\/p>\n\n\n\n<p><br>Tarsus Belediyesi taraf\u0131ndan Fahrettin Pa\u015fa Mahallesi\u2019ne kazand\u0131r\u0131lan \u201c\u00d6zg\u00fcr \u00c7ocuk Park\u0131\u2019\u2019 a\u00e7\u0131l\u0131\u015f\u0131, yo\u011fun bir kat\u0131l\u0131mla ger\u00e7ekle\u015fti. Ba\u015fkan Ali Bolta\u00e7 \u00f6nc\u00fcl\u00fc\u011f\u00fcnde miniklere kazand\u0131r\u0131lan bu park, renkli oyun gruplar\u0131, g\u00fcvenli zemin kaplamas\u0131 ve ye\u015fil alanlar\u0131yla \u00e7ocuklara \u00e7e\u015fitli imkanlar sunuyor. A\u00e7\u0131l\u0131\u015f s\u0131ras\u0131nda d\u00fczenlenen bando g\u00f6sterisi, y\u00fcz boyama etkinlikleri ve hediye top da\u011f\u0131t\u0131m\u0131 ile \u00e7ocuklar doyas\u0131ya e\u011flenirken, aileler de bu yeni ya\u015fam alan\u0131n\u0131n mutlulu\u011funu ya\u015fad\u0131.<\/p>\n\n\n\n<p><strong>MUHTAR TANRIKULU: \u201cBELED\u0130YEC\u0130L\u0130\u011e\u0130N NE DEMEK OLDU\u011eUNU H\u0130ZMETLERLE ANIYORUZ\u201d<\/strong><\/p>\n\n\n\n<p>G\u00fcn\u00fcn anlam ve \u00f6nemine dair konu\u015fma yapan Fahrettin Pa\u015fa Mahalle Muhtar\u0131 Cumali Tanr\u0131kulu, \u201c\u00c7ocuklar, ba\u015fkan\u0131m\u0131z sizlere \u00e7ok g\u00fczel bir park yapt\u0131. Ba\u015fkan\u0131m\u0131za \u00e7ok te\u015fekk\u00fcr ediyorum. Belediyecili\u011fin ne demek oldu\u011funu hizmetlerle an\u0131yoruz.\u201d dedi. Ayr\u0131ca Tarsus Belediye Ba\u015fkan Yard\u0131mc\u0131s\u0131 \u015eerif Durmaz ise Fahrettin Pa\u015fa Mahallemize park\u0131n kazand\u0131r\u0131ld\u0131\u011f\u0131ndan dolay\u0131 Tarsus Belediye Ba\u015fkan\u0131m\u0131z Ali Bolta\u00e7\u2019a te\u015fekk\u00fcr etti.<\/p>\n\n\n\n<p><strong>\u201cBA\u015eKANIMIZ AL\u0130 BOLTA\u00c7\u2019A TE\u015eEKK\u00dcR ED\u0130YORUM\u201d<\/strong><br><br>Cumhuriyet Halk Partisi Tarsus \u0130l\u00e7e Ba\u015fkan\u0131 Selahattin \u015eahin ise park\u0131n hay\u0131rl\u0131 olmas\u0131n\u0131 dileyerek \u201cPark\u0131m\u0131z, \u00e7ocuklar\u0131m\u0131z\u0131n daha konforlu, daha etkili, daha bilgili ve becerili bir \u015fekilde topluma kazand\u0131r\u0131lmalar\u0131 amac\u0131yla yap\u0131lm\u0131\u015ft\u0131r. Umar\u0131m bu parkta oynayacak nesiller, bu topraklara faydal\u0131, bilgili, ahlakl\u0131 ve ad\u0131 gibi \u00f6zg\u00fcr bireyler olarak yeti\u015firler. De\u011ferli Belediye Ba\u015fkan\u0131m\u0131z Ali Bolta\u00e7\u2019a te\u015fekk\u00fcr ediyorum.\u201d diye ifade etti.<\/p>\n\n\n\n<p><br><strong>\u201cHER ALANDA FIRSAT E\u015e\u0130TL\u0130\u011e\u0130 YARATACA\u011eIZ\u201d<\/strong><\/p>\n\n\n\n<p>Kazand\u0131r\u0131lan park\u0131n g\u00fczel bir ya\u015fam alan\u0131na d\u00f6n\u00fc\u015ft\u00fc\u011f\u00fcn\u00fc ifade eden Ba\u015fkan Bolta\u00e7, \u201c\u00c7ocuklar\u0131m\u0131z\u0131n heyecan\u0131 beni de heyecanland\u0131r\u0131yor. Hepinizi \u00e7ok seviyorum. Sizler benim evlatlar\u0131ms\u0131n\u0131z.&nbsp; Biz bir projeyi yapt\u0131\u011f\u0131m\u0131zda birka\u00e7 \u015feye bak\u0131yoruz. S\u00fcrd\u00fcr\u00fclebilir bir projemi. Bu proje orada ya\u015fayanlara dokunuyor mu, sizlerin sorunu \u00e7\u00f6z\u00fcyor mu bunlar\u0131 d\u00fc\u015f\u00fcn\u00fcyoruz. Fahrettin Pa\u015fa Mahallesi\u2019nin zaten hali haz\u0131rda bir park\u0131 vard\u0131. Ama park i\u00e7ler ac\u0131s\u0131 haldeydi. Ama \u015fu anda \u00e7ocuklar\u0131m\u0131z\u0131n, gen\u00e7lerimizin vakit ge\u00e7irece\u011fi g\u00fczel bir ya\u015fam alan\u0131na d\u00f6n\u00fc\u015ft\u00fc.&nbsp; Biz g\u00f6reve gelirken e\u011fitimde, sa\u011fl\u0131kta, sporda, sanatta ve her alanda f\u0131rsat e\u015fitli\u011fi yarataca\u011f\u0131z dedik. Atat\u00fcrk Mahallesi\u2019nde ki ya\u015fayan \u00e7ocu\u011fumuz hangi parka kavu\u015fuyorsa, Fahrettin Pa\u015fa Mahallesi\u2019nde ki \u00e7ocu\u011fumuz da ayn\u0131 kalitede parka kavu\u015facak dedik. 31 Mart 2024\u2019de se\u00e7im bitti, benim i\u00e7in siyaset orada kald\u0131. Ben \u015fimdi siyaseti gen\u00e7lerin, b\u00fcy\u00fcklerimin ve k\u00fc\u00e7\u00fcklerimin g\u00f6nl\u00fcn\u00fc fethederek yap\u0131yorum.\u201d ifadelerini kulland\u0131.<\/p>\n\n\n\n<p><strong>\u201cMAL DA M\u00dcLKTE M\u0130LLET\u0130N, B\u0130Z K\u0130RACIYIZ\u201d<\/strong><\/p>\n\n\n\n<p>Tarsus i\u00e7in her daim \u00e7al\u0131\u015faca\u011f\u0131n\u0131 vurgulayan Ba\u015fkan Bolta\u00e7, \u201cMal da m\u00fclkte milletin, biz kirac\u0131y\u0131z. Ben cebimden \u00e7\u0131kar\u0131p size bir \u015fey vermiyorum, tam tersine siz \u00e7al\u0131\u015f\u0131yorsunuz bu millete vergi veriyorsunuz. Bana 24 saat yetmez, sizleri mutlu k\u0131lmak i\u00e7in, e\u011fitimde f\u0131rsat e\u015fitli\u011fi yaratmak daha fazla \u00e7al\u0131\u015faca\u011f\u0131m.\u201d dedi.<\/p>\n\n\n\n<p><strong>\u201cTELEFONUNUZA 153\u2019\u00dc KAYDED\u0130N\u201d<\/strong><\/p>\n\n\n\n<p>Alo T\u0130M 153 hatt\u0131ndan bahseden Ba\u015fkan Bolta\u00e7, \u201cTelefonunuza 153\u2019\u00fc kaydedin. Arad\u0131\u011f\u0131n\u0131z zaman bir belediye ba\u015fkan\u0131 ile g\u00f6r\u00fc\u015f\u00fcyorsunuz. Siz oray\u0131 arad\u0131\u011f\u0131n\u0131zda her pazartesi, sabah 9\u2019da ben o raporlar\u0131 okuyorum. Onlar\u0131n yap\u0131l\u0131p yap\u0131lmad\u0131\u011f\u0131n\u0131 teyit ediyorum. Mesela \u00e7\u00f6p kutusu al\u0131nmad\u0131, etraf pis olmu\u015f 153 ar\u0131yorsunuz, adresi veriyorsunuz arkada\u015flar geliyor. Ayr\u0131ca Emekli Evimizi a\u00e7t\u0131k. Oraya \u00fcye olup sizlere verilmi\u015f olan avantajlardan faydalan\u0131n.\u201d diye ifade etti.<br><br><strong>\u201cBU 5 YILI \u00c7OCUKLARIMIZ \u0130\u00c7\u0130N GE\u00c7\u0130R\u0130YORUM\u201d<\/strong><\/p>\n\n\n\n<p>2025 y\u0131l\u0131nda 12 park\u0131 yenilece\u011finin m\u00fcjdesini veren Ba\u015fkan Bolta\u00e7, \u201cGen\u00e7ler size bir s\u00fcrpriz daha yapaca\u011f\u0131z, Tarsu AVM\u2019nin yan\u0131na bilim temal\u0131 g\u00fczel bir park yap\u0131yorum.&nbsp; Ben bu 5 y\u0131l\u0131 \u00e7ocuklar\u0131m\u0131z i\u00e7in ge\u00e7iriyorum. Bu 5 y\u0131lda toplamda belli bir miktar b\u00fct\u00e7emizden pay ay\u0131raca\u011f\u0131z. Bu sene 12 tane park\u0131m\u0131z\u0131 revize ediyoruz. Her sene bu say\u0131 artarak devam edecek.\u201d \u015feklinde konu\u015ftu.<\/p>\n","protected":false},"excerpt":{"rendered":"<p>Tarsus Belediyesi, \u00e7ocuklara modern bir park ve yeni ya\u015fam alan\u0131 sunmak amac\u0131yla Fahrettin Pa\u015fa Mahallesi\u2019nde yap\u0131lan \u00d6zg\u00fcr \u00c7ocuk Park\u0131\u2019n\u0131n a\u00e7\u0131l\u0131\u015f\u0131n\u0131 d\u00fczenlenen t\u00f6renle hizmete a\u00e7t\u0131. A\u00e7\u0131l\u0131\u015f t\u00f6renine kat\u0131lan Tarsus Belediye Ba\u015fkan\u0131 Ali Bolta\u00e7, \u201cBiz g\u00f6reve gelirken e\u011fitimde, sa\u011fl\u0131kta, sporda, e\u011fitimde, sanatta her alanda f\u0131rsat e\u015fitli\u011fi yarataca\u011f\u0131z dedik. Atat\u00fcrk Mahallesi\u2019nde ki ya\u015fayan \u00e7ocu\u011fumuz hangi parka kavu\u015fuyorsa, Fahrettin [&hellip;]<\/p>\n","protected":false},"author":2,"featured_media":42659,"comment_status":"closed","ping_status":"closed","sticky":false,"template":"","format":"standard","meta":{"footnotes":""},"categories":[3,5],"tags":[],"class_list":["post-42658","post","type-post","status-publish","format-standard","has-post-thumbnail","hentry","category-manset","category-mersin"],"views":9,"_links":{"self":[{"href":"https:\/\/mersinkadingazetesi.com\/index.php?rest_route=\/wp\/v2\/posts\/42658"}],"collection":[{"href":"https:\/\/mersinkadingazetesi.com\/index.php?rest_route=\/wp\/v2\/posts"}],"about":[{"href":"https:\/\/mersinkadingazetesi.com\/index.php?rest_route=\/wp\/v2\/types\/post"}],"author":[{"embeddable":true,"href":"https:\/\/mersinkadingazetesi.com\/index.php?rest_route=\/wp\/v2\/users\/2"}],"replies":[{"embeddable":true,"href":"https:\/\/mersinkadingazetesi.com\/index.php?rest_route=%2Fwp%2Fv2%2Fcomments&post=42658"}],"version-history":[{"count":1,"href":"https:\/\/mersinkadingazetesi.com\/index.php?rest_route=\/wp\/v2\/posts\/42658\/revisions"}],"predecessor-version":[{"id":42660,"href":"https:\/\/mersinkadingazetesi.com\/index.php?rest_route=\/wp\/v2\/posts\/42658\/revisions\/42660"}],"wp:featuredmedia":[{"embeddable":true,"href":"https:\/\/mersinkadingazetesi.com\/index.php?rest_route=\/wp\/v2\/media\/42659"}],"wp:attachment":[{"href":"https:\/\/mersinkadingazetesi.com\/index.php?rest_route=%2Fwp%2Fv2%2Fmedia&parent=42658"}],"wp:term":[{"taxonomy":"category","embeddable":true,"href":"https:\/\/mersinkadingazetesi.com\/index.php?rest_route=%2Fwp%2Fv2%2Fcategories&post=42658"},{"taxonomy":"post_tag","embeddable":true,"href":"https:\/\/mersinkadingazetesi.com\/index.php?rest_route=%2Fwp%2Fv2%2Ftags&post=42658"}],"curies":[{"name":"wp","href":"https:\/\/api.w.org\/{rel}","templated":true}]}}