{"id":42661,"date":"2025-05-17T20:13:41","date_gmt":"2025-05-17T17:13:41","guid":{"rendered":"https:\/\/mersinkadingazetesi.com\/?p=42661"},"modified":"2025-05-17T20:13:42","modified_gmt":"2025-05-17T17:13:42","slug":"sanatci-dilek-kucukyilmazdan-ilk-kisisel-sergi","status":"publish","type":"post","link":"https:\/\/mersinkadingazetesi.com\/?p=42661","title":{"rendered":"Sanat\u00e7\u0131 Dilek K\u00fc\u00e7\u00fcky\u0131lmaz\u2019dan ilk ki\u015fisel sergi\u00a0"},"content":{"rendered":"\n<p>Sanat\u00e7\u0131 Dilek K\u00fc\u00e7\u00fcky\u0131lmaz, ilk ki\u015fisel sergisini Mersin Ticaret ve Sanayi Odas\u0131 (MTSO) Sanat Galerisi\u2019nde Mersinli sanatseverlerle bulu\u015fturdu. Grafik tasar\u0131m ve ya\u011fl\u0131 boya alan\u0131nda edindi\u011fi deneyimle \u00f6zg\u00fcn eserler ortaya koyan sanat\u00e7\u0131, sergisinde \u2018insan olmak\u2019 temas\u0131n\u0131 konu al\u0131yor.&nbsp;<\/p>\n\n\n\n<p><img decoding=\"async\" alt=\"\" src=\"https:\/\/www.mtso.org.tr\/etiketIcerikResimler\/9994dacb-77d5-4fb8-9dff-9dc93ca20d3d.JPG\">MTSO Sanat Galerisi\u2019nde ilk ki\u015fisel sergisini a\u00e7an Sanat\u00e7\u0131 Dilek K\u00fc\u00e7\u00fcky\u0131lmaz, yakla\u015f\u0131k 3 ayda haz\u0131rlad\u0131\u011f\u0131 25 eserden olu\u015fan sergisinde, kad\u0131n ve do\u011fa temalar\u0131n\u0131 postmodern tarzla ifade ediyor. Grafik ve ya\u011fl\u0131 boya tekniklerinde kendini geli\u015ftiren sanat\u00e7\u0131, sergisinde, insan olma, toplumsal cinsiyet rolleri ve bireysel \u00f6zg\u00fcrl\u00fc\u011fe dair vurgular yap\u0131yor. \u2018Sor-ma\u2019 isimli serginin a\u00e7\u0131l\u0131\u015f\u0131na; MTSO Genel Sekreteri Mahmut Ta\u015fhan, Sanat Galerisi Sorumlusu Seda \u015eahbaz&#8217;\u0131n yan\u0131 s\u0131ra Ressam Ahmet Ye\u015fil ve sanatseverler kat\u0131ld\u0131.&nbsp;<\/p>\n\n\n\n<p><strong>K\u00fc\u00e7\u00fcky\u0131lmaz; \u201cKad\u0131n, kad\u0131n olarak de\u011fil, \u00f6nce insan olarak g\u00f6r\u00fclmeli\u201d<\/strong><br>Sergi a\u00e7\u0131l\u0131\u015f\u0131nda konu\u015fan Sanat\u00e7\u0131 Dilek K\u00fc\u00e7\u00fcky\u0131lmaz, \u201cKad\u0131n, kad\u0131n olarak de\u011fil, \u00f6nce insan olarak g\u00f6r\u00fclmeli\u201d mesaj\u0131n\u0131 verdi. Kad\u0131nlar\u0131n toplumlarda her zaman esaret alt\u0131nda g\u00f6sterildi\u011fine dikkat \u00e7eken K\u00fc\u00e7\u00fcky\u0131lmaz, bu nedenle genel olarak t\u00fcm \u00e7al\u0131\u015fmalar\u0131nda insan olma kavram\u0131n\u0131 vurgulad\u0131\u011f\u0131n\u0131 kaydetti.&nbsp;<br>\u00d6zellikle ya\u011fl\u0131 boya \u00e7al\u0131\u015fmalar\u0131nda renklerin yo\u011funluk ve \u00f6zg\u00fcnl\u00fc\u011f\u00fcne dikkat \u00e7eken K\u00fc\u00e7\u00fcky\u0131lmaz, sanat\u0131n toplumdaki yeri ve \u00f6nemi hakk\u0131nda da g\u00f6r\u00fc\u015flerini payla\u015ft\u0131. G\u00fcn\u00fcm\u00fczde sanatsal faaliyetlere ilginin yetersiz oldu\u011funu belirten sanat\u00e7\u0131, \u201cGen\u00e7ler ve k\u0131zlar, bu alana ilgi g\u00f6steriyor ancak destek az. Sanat\u0131n yayg\u0131nla\u015fmas\u0131 ve geli\u015fmesi i\u00e7in daha fazla \u00e7al\u0131\u015fma yap\u0131lmal\u0131\u201d dedi.<br>Daha \u00f6nce bir\u00e7ok karma sergide yer ald\u0131\u011f\u0131n\u0131, ilk ki\u015fisel sergisini MTSO Sanat Galerisi\u2019nde a\u00e7mak istedi\u011fini kaydeden K\u00fc\u00e7\u00fcky\u0131lmaz, gelecek planlar\u0131 aras\u0131nda yeni sergiler ve projeler oldu\u011funu belirtti. K\u00fc\u00e7\u00fcky\u0131lmaz, ayr\u0131ca kendisini te\u015fvik eden Ressam Ahmet Ye\u015fil ile MTSO Meclis Ba\u015fkan\u0131 Hamit \u0130zol\u2019a da te\u015fekk\u00fcr etti.<\/p>\n\n\n\n<p>Sergi, 31 May\u0131s g\u00fcn\u00fcne kadar hafta i\u00e7i her g\u00fcn 08.30 &#8211; 17.30, Cumartesi g\u00fcn\u00fc ise 10.00 \u2013 17.00 saatleri aras\u0131nda ziyaret edilebilir.<\/p>\n","protected":false},"excerpt":{"rendered":"<p>Sanat\u00e7\u0131 Dilek K\u00fc\u00e7\u00fcky\u0131lmaz, ilk ki\u015fisel sergisini Mersin Ticaret ve Sanayi Odas\u0131 (MTSO) Sanat Galerisi\u2019nde Mersinli sanatseverlerle bulu\u015fturdu. Grafik tasar\u0131m ve ya\u011fl\u0131 boya alan\u0131nda edindi\u011fi deneyimle \u00f6zg\u00fcn eserler ortaya koyan sanat\u00e7\u0131, sergisinde \u2018insan olmak\u2019 temas\u0131n\u0131 konu al\u0131yor.&nbsp; MTSO Sanat Galerisi\u2019nde ilk ki\u015fisel sergisini a\u00e7an Sanat\u00e7\u0131 Dilek K\u00fc\u00e7\u00fcky\u0131lmaz, yakla\u015f\u0131k 3 ayda haz\u0131rlad\u0131\u011f\u0131 25 eserden olu\u015fan sergisinde, kad\u0131n [&hellip;]<\/p>\n","protected":false},"author":2,"featured_media":42662,"comment_status":"closed","ping_status":"closed","sticky":false,"template":"","format":"standard","meta":{"footnotes":""},"categories":[3],"tags":[],"class_list":["post-42661","post","type-post","status-publish","format-standard","has-post-thumbnail","hentry","category-manset"],"views":3,"_links":{"self":[{"href":"https:\/\/mersinkadingazetesi.com\/index.php?rest_route=\/wp\/v2\/posts\/42661"}],"collection":[{"href":"https:\/\/mersinkadingazetesi.com\/index.php?rest_route=\/wp\/v2\/posts"}],"about":[{"href":"https:\/\/mersinkadingazetesi.com\/index.php?rest_route=\/wp\/v2\/types\/post"}],"author":[{"embeddable":true,"href":"https:\/\/mersinkadingazetesi.com\/index.php?rest_route=\/wp\/v2\/users\/2"}],"replies":[{"embeddable":true,"href":"https:\/\/mersinkadingazetesi.com\/index.php?rest_route=%2Fwp%2Fv2%2Fcomments&post=42661"}],"version-history":[{"count":1,"href":"https:\/\/mersinkadingazetesi.com\/index.php?rest_route=\/wp\/v2\/posts\/42661\/revisions"}],"predecessor-version":[{"id":42663,"href":"https:\/\/mersinkadingazetesi.com\/index.php?rest_route=\/wp\/v2\/posts\/42661\/revisions\/42663"}],"wp:featuredmedia":[{"embeddable":true,"href":"https:\/\/mersinkadingazetesi.com\/index.php?rest_route=\/wp\/v2\/media\/42662"}],"wp:attachment":[{"href":"https:\/\/mersinkadingazetesi.com\/index.php?rest_route=%2Fwp%2Fv2%2Fmedia&parent=42661"}],"wp:term":[{"taxonomy":"category","embeddable":true,"href":"https:\/\/mersinkadingazetesi.com\/index.php?rest_route=%2Fwp%2Fv2%2Fcategories&post=42661"},{"taxonomy":"post_tag","embeddable":true,"href":"https:\/\/mersinkadingazetesi.com\/index.php?rest_route=%2Fwp%2Fv2%2Ftags&post=42661"}],"curies":[{"name":"wp","href":"https:\/\/api.w.org\/{rel}","templated":true}]}}