{"id":42667,"date":"2025-05-17T20:18:35","date_gmt":"2025-05-17T17:18:35","guid":{"rendered":"https:\/\/mersinkadingazetesi.com\/?p=42667"},"modified":"2025-05-17T20:18:35","modified_gmt":"2025-05-17T17:18:35","slug":"mersin-buyuksehir-belediye-meclisinin-mayis-ayi-olagan-toplantisi-2-birlesimi-gerceklesti","status":"publish","type":"post","link":"https:\/\/mersinkadingazetesi.com\/?p=42667","title":{"rendered":"MERS\u0130N B\u00dcY\u00dcK\u015eEH\u0130R BELED\u0130YE MECL\u0130S\u0130&#8217;N\u0130N MAYIS AYI OLA\u011eAN TOPLANTISI 2. B\u0130RLE\u015e\u0130M\u0130 GER\u00c7EKLE\u015eT\u0130"},"content":{"rendered":"\n<p>Mersin B\u00fcy\u00fck\u015fehir Belediye Meclisi&#8217;nin 2025 Y\u0131l\u0131 May\u0131s Ay\u0131 Ola\u011fan Toplant\u0131s\u0131 2. Birle\u015fimi, Mersin B\u00fcy\u00fck\u015fehir Belediye Meclis 1. Ba\u015fkan Vekili Ali Uyan ba\u015fkanl\u0131\u011f\u0131nda ger\u00e7ekle\u015ftirildi. Kongre ve Sergi Saray\u0131 \u00c7ok Ama\u00e7l\u0131 Salon&#8217;da d\u00fczenlenen Meclis Toplant\u0131s\u0131&#8217;nda Komisyonlara Havale Edilen 16 ve Birimlerden Gelen 2 madde olmak \u00fczere toplam 18 madde g\u00f6r\u00fc\u015f\u00fcld\u00fc.<\/p>\n\n\n\n<p><strong>Meclis 1. Ba\u015fkan Vekili Uyan, \u00f6zel g\u00fcnleri kutlad\u0131<\/strong><\/p>\n\n\n\n<p>Meclis 1. Ba\u015fkan Vekili Uyan,&nbsp;<strong><em>&#8216;Anneler G\u00fcn\u00fc&#8217;<\/em><\/strong>n\u00fc ve&nbsp;<strong><em>&#8217;14 May\u0131s D\u00fcnya \u00c7ift\u00e7iler G\u00fcn\u00fc&#8217;<\/em><\/strong>n\u00fc kutlad\u0131.&nbsp;<strong><em>&#8217;10-16 May\u0131s Engelliler Haftas\u0131&#8217;<\/em><\/strong>na ili\u015fkin de de\u011ferlendirmelerde bulunan Uyan,&nbsp;<strong>&#8220;Mersin B\u00fcy\u00fck\u015fehir Belediyemizin de bu fark\u0131ndal\u0131k haftas\u0131nda hem merkez il\u00e7elerimizde hem de di\u011fer il\u00e7elerimizde bir\u00e7ok etkinlikleri oldu. Ben de buradan t\u00fcm \u00f6zel gereksinimli bireylerin haftas\u0131n\u0131 kutlamak istiyorum&#8221;&nbsp;<\/strong>dedi.<\/p>\n\n\n\n<p><strong>Uyan, kad\u0131nlara ve \u00e7ocuklara y\u00f6nelik yap\u0131lan hizmetlerden s\u00f6z etti<\/strong><\/p>\n\n\n\n<p>Kad\u0131n ve Aile Hizmetleri Dairesi Ba\u015fkanl\u0131\u011f\u0131&#8217;n\u0131n \u00e7al\u0131\u015fmalar\u0131 hakk\u0131nda da Meclis \u00fcyelerine bilgilendirmede bulunan Uyan,&nbsp;<strong>&#8220;Aile, \u00e7ocuklar hepimiz i\u00e7in \u00e7ok \u00f6nemli. Mersin B\u00fcy\u00fck\u015fehir Belediyemiz de B\u00fcy\u00fck\u015fehir Belediye Ba\u015fkan\u0131m\u0131z Say\u0131n Vahap Se\u00e7er 2019&#8217;da g\u00f6reve gelmesinden hemen sonra belki de T\u00fcrkiye&#8217;de ilk olan Kad\u0131n ve Aile Hizmetleri Dairesi Ba\u015fkanl\u0131\u011f\u0131&#8217;n\u0131 kurdu. Ben buradan t\u00fcm Mersinimiz ad\u0131na Say\u0131n Ba\u015fkan\u0131m\u0131za bir kez daha te\u015fekk\u00fcr etmek istiyorum&#8221;&nbsp;<\/strong>dedi. Kad\u0131n ve Aile Hizmetleri Dairesi Ba\u015fkanl\u0131\u011f\u0131&#8217;n\u0131n Mersin&#8217;in 13 il\u00e7esinde de kad\u0131nlara ve \u00e7ocuklara y\u00f6nelik bir\u00e7ok de\u011ferli etkinlikleri oldu\u011funun alt\u0131n\u0131 \u00e7izen Uyan, bu \u00e7al\u0131\u015fmalar\u0131n hala devam etti\u011fini kaydetti. Uyan, kad\u0131nlara ve \u00e7ocuklara y\u00f6nelik yap\u0131lan t\u00fcm hizmetler i\u00e7in de B\u00fcy\u00fck\u015fehir Belediyesi&#8217;ne te\u015fekk\u00fcrlerini iletti.<\/p>\n\n\n\n<p><strong>Mersin B\u00fcy\u00fck\u015fehir,&nbsp;<em>&#8216;Avrupa Film Komisyonlar\u0131 A\u011f\u0131&#8217;<\/em>na \u00fcye oldu<\/strong><\/p>\n\n\n\n<p>Meclis Toplant\u0131s\u0131&#8217;nda, Komisyonlara Havale Edilen maddeler aras\u0131nda yer alan ve 2007 y\u0131l\u0131nda Br\u00fcksel&#8217;de kurulmu\u015f, Avrupa film end\u00fcstrisini ve k\u00fclt\u00fcr\u00fcn\u00fc desteklemeyi, te\u015fvik etmeyi ama\u00e7layan ve k\u00e2r amac\u0131 g\u00fctmeyen bir dernek olan&nbsp;<strong>&#8216;Avrupa Film Komisyonlar\u0131 A\u011f\u0131&#8217;<\/strong>na Mersin B\u00fcy\u00fck\u015fehir Belediyesi&#8217;nin \u00fcyeli\u011fi ile ilgili madde oy \u00e7oklu\u011fuyla kabul edildi.<\/p>\n","protected":false},"excerpt":{"rendered":"<p>Mersin B\u00fcy\u00fck\u015fehir Belediye Meclisi&#8217;nin 2025 Y\u0131l\u0131 May\u0131s Ay\u0131 Ola\u011fan Toplant\u0131s\u0131 2. Birle\u015fimi, Mersin B\u00fcy\u00fck\u015fehir Belediye Meclis 1. Ba\u015fkan Vekili Ali Uyan ba\u015fkanl\u0131\u011f\u0131nda ger\u00e7ekle\u015ftirildi. Kongre ve Sergi Saray\u0131 \u00c7ok Ama\u00e7l\u0131 Salon&#8217;da d\u00fczenlenen Meclis Toplant\u0131s\u0131&#8217;nda Komisyonlara Havale Edilen 16 ve Birimlerden Gelen 2 madde olmak \u00fczere toplam 18 madde g\u00f6r\u00fc\u015f\u00fcld\u00fc. Meclis 1. Ba\u015fkan Vekili Uyan, \u00f6zel g\u00fcnleri [&hellip;]<\/p>\n","protected":false},"author":2,"featured_media":42668,"comment_status":"closed","ping_status":"closed","sticky":false,"template":"","format":"standard","meta":{"footnotes":""},"categories":[3],"tags":[],"class_list":["post-42667","post","type-post","status-publish","format-standard","has-post-thumbnail","hentry","category-manset"],"views":3,"_links":{"self":[{"href":"https:\/\/mersinkadingazetesi.com\/index.php?rest_route=\/wp\/v2\/posts\/42667"}],"collection":[{"href":"https:\/\/mersinkadingazetesi.com\/index.php?rest_route=\/wp\/v2\/posts"}],"about":[{"href":"https:\/\/mersinkadingazetesi.com\/index.php?rest_route=\/wp\/v2\/types\/post"}],"author":[{"embeddable":true,"href":"https:\/\/mersinkadingazetesi.com\/index.php?rest_route=\/wp\/v2\/users\/2"}],"replies":[{"embeddable":true,"href":"https:\/\/mersinkadingazetesi.com\/index.php?rest_route=%2Fwp%2Fv2%2Fcomments&post=42667"}],"version-history":[{"count":1,"href":"https:\/\/mersinkadingazetesi.com\/index.php?rest_route=\/wp\/v2\/posts\/42667\/revisions"}],"predecessor-version":[{"id":42669,"href":"https:\/\/mersinkadingazetesi.com\/index.php?rest_route=\/wp\/v2\/posts\/42667\/revisions\/42669"}],"wp:featuredmedia":[{"embeddable":true,"href":"https:\/\/mersinkadingazetesi.com\/index.php?rest_route=\/wp\/v2\/media\/42668"}],"wp:attachment":[{"href":"https:\/\/mersinkadingazetesi.com\/index.php?rest_route=%2Fwp%2Fv2%2Fmedia&parent=42667"}],"wp:term":[{"taxonomy":"category","embeddable":true,"href":"https:\/\/mersinkadingazetesi.com\/index.php?rest_route=%2Fwp%2Fv2%2Fcategories&post=42667"},{"taxonomy":"post_tag","embeddable":true,"href":"https:\/\/mersinkadingazetesi.com\/index.php?rest_route=%2Fwp%2Fv2%2Ftags&post=42667"}],"curies":[{"name":"wp","href":"https:\/\/api.w.org\/{rel}","templated":true}]}}