{"id":42670,"date":"2025-05-17T20:19:38","date_gmt":"2025-05-17T17:19:38","guid":{"rendered":"https:\/\/mersinkadingazetesi.com\/?p=42670"},"modified":"2025-05-17T20:19:39","modified_gmt":"2025-05-17T17:19:39","slug":"meclis-1-baskan-vekili-uyan-tum-hizmetleri-halkimiz-icin-yapiyoruz","status":"publish","type":"post","link":"https:\/\/mersinkadingazetesi.com\/?p=42670","title":{"rendered":"MECL\u0130S 1. BA\u015eKAN VEK\u0130L\u0130 UYAN: &#8220;T\u00dcM H\u0130ZMETLER\u0130 HALKIMIZ \u0130\u00c7\u0130N YAPIYORUZ&#8221;"},"content":{"rendered":"\n<p>Mersin B\u00fcy\u00fck\u015fehir Belediyesi Mersin Su ve Kanalizasyon \u0130daresi (MESK\u0130) Genel M\u00fcd\u00fcrl\u00fc\u011f\u00fc&#8217;n\u00fcn May\u0131s Ay\u0131 Ola\u011fan Genel Kurulu&#8217;nun 2. Birle\u015fimi, Mersin B\u00fcy\u00fck\u015fehir Belediye Meclis 1. Ba\u015fkan Vekili Ali Uyan ba\u015fkanl\u0131\u011f\u0131nda ger\u00e7ekle\u015ftirildi. Kongre ve Sergi Saray\u0131 \u00c7ok Ama\u00e7l\u0131 Salon&#8217;da d\u00fczenlenen Genel Kurul&#8217;da toplam 2 madde g\u00f6r\u00fc\u015f\u00fcld\u00fc.<\/p>\n\n\n\n<p><strong>Meclis 1. Ba\u015fkan Vekili Uyan: &#8220;MESK\u0130&#8217;nin \u00e7al\u0131\u015fmalar\u0131 takdire \u015fayand\u0131r&#8221;<\/strong><\/p>\n\n\n\n<p>Meclis 1. Ba\u015fkan Vekili Ali Uyan, g\u00fcndem d\u0131\u015f\u0131 de\u011ferlendirmelerde MESK\u0130&#8217;nin, Mersin&#8217;in 13 il\u00e7esinin tamam\u0131nda vatanda\u015flar\u0131n ya\u015fam\u0131n\u0131 kolayla\u015ft\u0131r\u0131c\u0131 \u00e7al\u0131\u015fmalara imza att\u0131\u011f\u0131n\u0131 belirtti. Uyan;&nbsp;<strong>&#8220;MESK\u0130&#8217;nin \u00f6zellikle su, ar\u0131tma, kanalizasyon konusundaki hassasiyetleri, \u00e7al\u0131\u015fmalar\u0131 takdire \u015fayand\u0131r&#8221;<\/strong>&nbsp;dedi. MESK\u0130&#8217;nin kar amac\u0131 g\u00fctmeyen bir kurum oldu\u011funu belirten Uyan,&nbsp;<strong>&#8220;Mersin B\u00fcy\u00fck\u015fehir Belediyesi ve MESK\u0130 hi\u00e7bir \u00e7al\u0131\u015fmas\u0131nda kar amac\u0131 g\u00fctm\u00fcyor. T\u00fcm hizmetlerimizi halk\u0131m\u0131z i\u00e7in yap\u0131yoruz&#8221;&nbsp;<\/strong>&nbsp;ifadelerini kulland\u0131.<\/p>\n\n\n\n<p><strong>MESK\u0130 Genel M\u00fcd\u00fcr\u00fc Korkmaz: &#8220;MESK\u0130 22 Milyar TL&#8217;lik yat\u0131r\u0131m yapt\u0131&#8221;<\/strong><\/p>\n\n\n\n<p>Toplant\u0131da MESK\u0130&#8217;nin gelir b\u00fct\u00e7esi ger\u00e7ekle\u015fme rakamlar\u0131 ve bor\u00e7 sto\u011fu hakk\u0131nda bilgiler MESK\u0130 Genel M\u00fcd\u00fcr\u00fc \u0130rfan Korkmaz, 2024 y\u0131l\u0131 gelir ger\u00e7ekle\u015fme rakamlar\u0131n\u0131n 5,9 milyar TL oldu\u011funu belirtirken, k\u0131sa vadeli yabanc\u0131 kaynaklardaki borcun ise 5 milyar 5 milyon TL seviyesinde oldu\u011funu ve bunun 2025 y\u0131l\u0131 sonuna kadar \u00f6denmesi gereken bir bor\u00e7 oldu\u011funu ifade etti.<\/p>\n\n\n\n<p>Bor\u00e7 stokunun b\u00fct\u00e7eye oran\u0131yla ilgili bilgiler aktaran Korkmaz;&nbsp;<strong>&#8220;2019 y\u0131l\u0131nda kurumun 100 lira b\u00fct\u00e7esine kar\u015f\u0131l\u0131k 104 lira borcu vard\u0131. Bug\u00fcn, 2025&#8217;te b\u00fct\u00e7e b\u00fcy\u00fckl\u00fc\u011f\u00fcne g\u00f6re y\u00fczde 48 borcu olmu\u015f oluyor. Yani y\u00fczde 56&#8217;l\u0131k bir azal\u0131\u015f ger\u00e7ekle\u015fmi\u015f. Bu kadar yat\u0131r\u0131mlarla beraber i\u00e7 borcu tamamen \u00f6demi\u015f, devrald\u0131\u011f\u0131 d\u0131\u015f borcu da 66 milyon Euro&#8217;dan 19 milyon Euro&#8217;ya d\u00fc\u015f\u00fcrm\u00fc\u015f bir kurumdan bahsediyoruz. Bu kurum 22 milyar TL&#8217;lik bir yat\u0131r\u0131m yapm\u0131\u015f. \u015eimdi Hazine ve Maliye Bakanl\u0131\u011f\u0131&#8217;ndan bekledi\u011fimiz bir onay var. Say\u0131n Ba\u015fkan\u0131m\u0131z da her platformda bir\u00e7ok kere anlat\u0131yor. 84 milyon Euro&#8217;luk bir kredi paketimiz \u015fu anda Cumhurba\u015fkanl\u0131\u011f\u0131 Strateji ve B\u00fct\u00e7e Ba\u015fkanl\u0131\u011f\u0131 taraf\u0131ndan onaylanm\u0131\u015f durumda. MESK\u0130, bunun bor\u00e7lanmas\u0131na gidiyor. 3 y\u0131l \u00f6demesiz, 12 y\u0131l \u00f6demeli \u015fekilde; hi\u00e7bir p\u00fcr\u00fcz yok&#8221;<\/strong>&nbsp;\u015feklinde konu\u015ftu.&nbsp;<\/p>\n\n\n\n<p><strong>&#8220;Gece, g\u00fcnd\u00fcz demeden \u00e7al\u0131\u015fmaya devam edece\u011fiz&#8221;<\/strong><\/p>\n\n\n\n<p>Yasal bor\u00e7lanma hesaplama y\u00f6ntemine g\u00f6re MESK\u0130&#8217;nin 12,7 milyar TL&#8217;ye kadar bor\u00e7lanabilece\u011fine dikkat \u00e7eken Korkmaz:&nbsp;<strong>&#8220;Bu kurumun b\u00fct\u00e7esinin yar\u0131s\u0131 kadar ancak borcu var. Biz yat\u0131r\u0131mlar\u0131m\u0131za devam ediyoruz. Gece, g\u00fcnd\u00fcz demeden \u00e7al\u0131\u015fmaya devam edece\u011fiz&#8221;<\/strong>&nbsp;ifadelerini kulland\u0131.<\/p>\n\n\n\n<p>MESK\u0130 Genel Kurul Toplant\u0131s\u0131, ilgili maddelerin oy birli\u011fiyle kabul edilmesinin ard\u0131ndan sona erdi.<\/p>\n","protected":false},"excerpt":{"rendered":"<p>Mersin B\u00fcy\u00fck\u015fehir Belediyesi Mersin Su ve Kanalizasyon \u0130daresi (MESK\u0130) Genel M\u00fcd\u00fcrl\u00fc\u011f\u00fc&#8217;n\u00fcn May\u0131s Ay\u0131 Ola\u011fan Genel Kurulu&#8217;nun 2. Birle\u015fimi, Mersin B\u00fcy\u00fck\u015fehir Belediye Meclis 1. Ba\u015fkan Vekili Ali Uyan ba\u015fkanl\u0131\u011f\u0131nda ger\u00e7ekle\u015ftirildi. Kongre ve Sergi Saray\u0131 \u00c7ok Ama\u00e7l\u0131 Salon&#8217;da d\u00fczenlenen Genel Kurul&#8217;da toplam 2 madde g\u00f6r\u00fc\u015f\u00fcld\u00fc. Meclis 1. Ba\u015fkan Vekili Uyan: &#8220;MESK\u0130&#8217;nin \u00e7al\u0131\u015fmalar\u0131 takdire \u015fayand\u0131r&#8221; Meclis 1. Ba\u015fkan [&hellip;]<\/p>\n","protected":false},"author":2,"featured_media":42671,"comment_status":"closed","ping_status":"closed","sticky":false,"template":"","format":"standard","meta":{"footnotes":""},"categories":[3],"tags":[],"class_list":["post-42670","post","type-post","status-publish","format-standard","has-post-thumbnail","hentry","category-manset"],"views":4,"_links":{"self":[{"href":"https:\/\/mersinkadingazetesi.com\/index.php?rest_route=\/wp\/v2\/posts\/42670"}],"collection":[{"href":"https:\/\/mersinkadingazetesi.com\/index.php?rest_route=\/wp\/v2\/posts"}],"about":[{"href":"https:\/\/mersinkadingazetesi.com\/index.php?rest_route=\/wp\/v2\/types\/post"}],"author":[{"embeddable":true,"href":"https:\/\/mersinkadingazetesi.com\/index.php?rest_route=\/wp\/v2\/users\/2"}],"replies":[{"embeddable":true,"href":"https:\/\/mersinkadingazetesi.com\/index.php?rest_route=%2Fwp%2Fv2%2Fcomments&post=42670"}],"version-history":[{"count":1,"href":"https:\/\/mersinkadingazetesi.com\/index.php?rest_route=\/wp\/v2\/posts\/42670\/revisions"}],"predecessor-version":[{"id":42672,"href":"https:\/\/mersinkadingazetesi.com\/index.php?rest_route=\/wp\/v2\/posts\/42670\/revisions\/42672"}],"wp:featuredmedia":[{"embeddable":true,"href":"https:\/\/mersinkadingazetesi.com\/index.php?rest_route=\/wp\/v2\/media\/42671"}],"wp:attachment":[{"href":"https:\/\/mersinkadingazetesi.com\/index.php?rest_route=%2Fwp%2Fv2%2Fmedia&parent=42670"}],"wp:term":[{"taxonomy":"category","embeddable":true,"href":"https:\/\/mersinkadingazetesi.com\/index.php?rest_route=%2Fwp%2Fv2%2Fcategories&post=42670"},{"taxonomy":"post_tag","embeddable":true,"href":"https:\/\/mersinkadingazetesi.com\/index.php?rest_route=%2Fwp%2Fv2%2Ftags&post=42670"}],"curies":[{"name":"wp","href":"https:\/\/api.w.org\/{rel}","templated":true}]}}