{"id":42676,"date":"2025-05-17T20:21:52","date_gmt":"2025-05-17T17:21:52","guid":{"rendered":"https:\/\/mersinkadingazetesi.com\/?p=42676"},"modified":"2025-05-17T20:21:53","modified_gmt":"2025-05-17T17:21:53","slug":"mersin-buyuksehir-sevgi-varsa-engel-yok-demeyi-surduruyor","status":"publish","type":"post","link":"https:\/\/mersinkadingazetesi.com\/?p=42676","title":{"rendered":"MERS\u0130N B\u00dcY\u00dcK\u015eEH\u0130R,\u00a0&#8216;SEVG\u0130 VARSA ENGEL YOK&#8217;\u00a0DEMEY\u0130 S\u00dcRD\u00dcR\u00dcYOR"},"content":{"rendered":"\n<p>Mersin B\u00fcy\u00fck\u015fehir Belediyesi Sa\u011fl\u0131k \u0130\u015fleri Dairesi Ba\u015fkanl\u0131\u011f\u0131,&nbsp;<strong><em>&#8216;Sevgi Varsa Engel Yok&#8217;<\/em><\/strong>&nbsp;slogan\u0131yla bu y\u0131l&nbsp;<strong>&#8217;10-16 May\u0131s Engelliler Haftas\u0131&#8217;<\/strong>nda say\u0131s\u0131z etkinli\u011fe ev sahipli\u011fi yapt\u0131. Engelliler Haftas\u0131 etkinliklerinde bir\u00e7ok \u00f6zel gereksinimli bireyi bulu\u015fturan Mersin B\u00fcy\u00fck\u015fehir Belediyesi&#8217;nin, ortopedik engelli bireylerin kat\u0131l\u0131m\u0131 ile d\u00fczenledi\u011fi&nbsp;<strong>&#8216;Geleneksel 3. Bocce Turnuvas\u0131&#8217;<\/strong>&nbsp;renkli g\u00f6r\u00fcnt\u00fclere sahne oldu. E\u011flence ve rekabetin bir arada oldu\u011fu turnuvada, \u00f6zel gereksinimli bireyler ve ailelerinin mutluluklar\u0131 g\u00f6zlerinden okundu.Y\u00fczde 40 ve \u00fczeri ortopedik engeli olan \u00f6zel gereksinimli bireylerin kat\u0131l\u0131m sa\u011flad\u0131\u011f\u0131 turnuvada bu y\u0131l 24 sporcu yar\u0131\u015ft\u0131.<\/p>\n\n\n\n<p><strong>Bocce&#8217;de Engel Yok, E\u011flence \u00c7ok!<\/strong><\/p>\n\n\n\n<p>Mersin B\u00fcy\u00fck\u015fehir Belediyesi Sa\u011fl\u0131k \u0130\u015fleri Dairesi Ba\u015fkanl\u0131\u011f\u0131 organizasyonunda yap\u0131lan turnuvada hem Mersin B\u00fcy\u00fck\u015fehir Belediyesi&#8217;nin birimlerinden hizmet alan, hem de d\u0131\u015far\u0131dan kat\u0131l\u0131m sa\u011flayan \u00f6zel bireyler yar\u0131\u015ft\u0131. Aileler de \u00f6zel gereksinimli bireylerin heyecanlar\u0131na ortak oldu.&nbsp;<strong><em>&#8216;Bocce&#8217;de Engel Yok, E\u011flence \u00c7ok&#8217;&nbsp;<\/em><\/strong>diyerek d\u00fczenlenen&nbsp;<strong>&#8216;Geleneksel 3. Bocce Turnuvas\u0131&#8217;<\/strong>, Engelsiz Ya\u015fam Park\u0131&#8217;nda yer alan Bocce Sahas\u0131&#8217;nda ger\u00e7ekle\u015fti.<\/p>\n\n\n\n<p>Turnuva ile \u00f6zel gereksinimli bireylerin hem topluma daha \u00e7ok kar\u0131\u015f\u0131p sosyalle\u015fmeleri, hem de ya\u015fam kalitelerinin art\u0131r\u0131lmas\u0131yla ilgili fark\u0131ndal\u0131k olu\u015fturulmas\u0131 ama\u00e7land\u0131. Tatl\u0131 bir rekabetin ya\u015fand\u0131\u011f\u0131 turnuvada, renkli g\u00f6r\u00fcnt\u00fcler de ya\u015fand\u0131. \u00d6zel gereksinimli bireylerin sporla aktif hayata kat\u0131l\u0131mlar\u0131n\u0131 ve fiziksel geli\u015fimlerine destek sa\u011flamay\u0131 ama\u00e7layan Mersin B\u00fcy\u00fck\u015fehir, ger\u00e7ekle\u015ftirmi\u015f oldu\u011fu turnuva ile de onlar\u0131n sosyalle\u015fmesine katk\u0131da bulundu. Bocce sporu ile \u00f6zel gereksinimli bireyler keyifli ve dolu dolu bir g\u00fcn ge\u00e7irdi.<\/p>\n\n\n\n<p><strong>Gerbo\u011fa: &#8220;Bu y\u0131l bir\u00e7ok farkl\u0131 etkinlikle Engelliler Haftas\u0131&#8217;n\u0131 dolu dolu ge\u00e7irdik&#8221;<\/strong><\/p>\n\n\n\n<p>Sa\u011fl\u0131k \u0130\u015fleri Dairesi Ba\u015fkanl\u0131\u011f\u0131 Engelliler \u015eube M\u00fcd\u00fcr\u00fc Abdullah Gerbo\u011fa, Mersin B\u00fcy\u00fck\u015fehir olarak 10-16 May\u0131s Engelliler Haftas\u0131 boyunca bir\u00e7ok etkinlik d\u00fczenlediklerinden s\u00f6z ederek,<strong>&nbsp;&#8220;Bocce Turnuvas\u0131 da bunlardan biri. Bu turnuvay\u0131 bu y\u0131l 3. kez d\u00fczenliyoruz. Turnuvaya, y\u00fczde 40 ve \u00fczeri ortopedik engeli olan 24 \u00f6zel gereksinimli bireyimiz kat\u0131ld\u0131. Turnuvada tatl\u0131 bir rekabet ya\u015fand\u0131. Bu t\u00fcr etkinlikler onlar\u0131n hem sosyal hayatta var olmalar\u0131n\u0131 ortaya \u00e7\u0131kart\u0131yor, hem de onlar i\u00e7in g\u00fczel bir aktivite oluyor. Bu y\u0131l sadece Bocce Turnuvas\u0131 de\u011fil, bir\u00e7ok farkl\u0131 etkinlik yapt\u0131k ve Engelliler Haftas\u0131&#8217;n\u0131 dolu dolu ge\u00e7irdik&#8221;&nbsp;<\/strong>diye konu\u015ftu.<\/p>\n\n\n\n<p><strong>Kahraman: &#8220;G\u00fczel bir ortamda dostluk i\u00e7inde e\u011fleniyoruz&#8221;<\/strong><\/p>\n\n\n\n<p>T\u00fcrkiye Sakatlar Derne\u011fi Tarsus \u015eubesi 2. Ba\u015fkan\u0131 Fethi Kahraman, B\u00fcy\u00fck\u015fehir&#8217;in d\u00fczenledi\u011fi etkinlikler sayesinde e\u011flendiklerini vurgulayarak,&nbsp;<strong>&#8220;Burada oldu\u011fum i\u00e7in kendimi \u00e7ok iyi hissediyorum. Burada \u00e7ok g\u00fczel bir ortam var ve g\u00fczel arkada\u015fl\u0131klar edindik. Bu noktada Vahap Ba\u015fkan\u0131m\u0131za te\u015fekk\u00fcr ediyorum. B\u00f6yle g\u00fczel bir ortamda, dostluk i\u00e7inde e\u011fleniyoruz&#8221;&nbsp;<\/strong>dedi.<\/p>\n\n\n\n<p><strong>\u00d6zel gereksinimli bireyler, turnuvaya kat\u0131lman\u0131n heyecan\u0131n\u0131 ya\u015fad\u0131lar<\/strong><\/p>\n\n\n\n<p>B\u00fcy\u00fck\u015fehir Belediyesi&#8217;nin \u00f6zel gereksinimli bireyler i\u00e7in yapt\u0131\u011f\u0131 t\u00fcm etkinlikleri takdir etti\u011fini s\u00f6yleyen vatanda\u015flardan Hakan Sakinci,&nbsp;<strong>&#8220;Ba\u015fkan\u0131m\u0131z Vahap Se\u00e7er&#8217;in, \u00f6zel gereksinimli bireylere y\u00f6nelik yapt\u0131\u011f\u0131 b\u00fct\u00fcn etkinlikler ola\u011fan\u00fcst\u00fc d\u00fczeyde. \u00c7ok memnunuz. Bu turnuvaya ilk defa kat\u0131lsam da di\u011fer etkinliklere elimden geldi\u011fince kat\u0131lmaya \u00e7al\u0131\u015f\u0131yorum. \u00d6zel gereksinimli bireyler a\u00e7\u0131s\u0131ndan Mersin b\u00fcy\u00fck bir \u015fans&#8221;<\/strong>&nbsp;diye konu\u015ftu.<\/p>\n\n\n\n<p>Bocce Turnuvas\u0131&#8217;na kat\u0131lan \u00f6zel gereksinimli bireylerden Ahmet Ta\u015f&nbsp;<strong>&#8220;Burada \u00f6zel gereksinimli bireyler i\u00e7in fark\u0131ndal\u0131k yaratmaya \u00e7al\u0131\u015f\u0131yoruz. Bu t\u00fcr faaliyetler daha da geli\u015ftirilebilir ve daha \u00f6n saflarda durabiliriz. Gerek \u00e7al\u0131\u015fma hayat\u0131, gerek spor faaliyetleri olsun, bunlar\u0131n daha da geli\u015ftirilmesini diliyorum. Mersin bu konuda gayet iyi bir noktada. Biz sadece engelleri kald\u0131rmak istiyoruz. Her canl\u0131 bir engelli aday\u0131d\u0131r. Biz engelleri kafam\u0131zdan silmek ve sildirmek istiyoruz. Burada olma amac\u0131m\u0131z da bu zaten&#8221;&nbsp;<\/strong>dedi.<\/p>\n\n\n\n<p>\u00d6zel gereksinimli birey Ahmet Ta\u015f&#8217;\u0131n babas\u0131 Mehmet Ta\u015f ise, o\u011flunun kat\u0131labilece\u011fi etkinliklerin yap\u0131l\u0131yor olmas\u0131ndan dolay\u0131 mutlu oldu\u011funu belirterek,&nbsp;<strong>&#8220;Onlar mutlular, biz de mutluyuz&#8221;<\/strong>&nbsp;ifadelerini kulland\u0131.<\/p>\n\n\n\n<p>Turnuvaya kat\u0131lan \u00f6zel gereksinimli bireylerden Sevlim Karabay,&nbsp;<strong>&#8220;Bu turnuva, bizim de bir \u015feyleri yapabilece\u011fimizi ve ba\u015farabilece\u011fimizi g\u00f6steriyor. B\u00f6yle bir organizasyon yap\u0131ld\u0131\u011f\u0131 i\u00e7in \u00e7ok mutluyuz. Ben buraya her y\u0131l geliyor ve turnuvaya kat\u0131l\u0131yorum. \u00c7ok mutluyum&#8221;<\/strong>&nbsp;dedi.<\/p>\n","protected":false},"excerpt":{"rendered":"<p>Mersin B\u00fcy\u00fck\u015fehir Belediyesi Sa\u011fl\u0131k \u0130\u015fleri Dairesi Ba\u015fkanl\u0131\u011f\u0131,&nbsp;&#8216;Sevgi Varsa Engel Yok&#8217;&nbsp;slogan\u0131yla bu y\u0131l&nbsp;&#8217;10-16 May\u0131s Engelliler Haftas\u0131&#8217;nda say\u0131s\u0131z etkinli\u011fe ev sahipli\u011fi yapt\u0131. Engelliler Haftas\u0131 etkinliklerinde bir\u00e7ok \u00f6zel gereksinimli bireyi bulu\u015fturan Mersin B\u00fcy\u00fck\u015fehir Belediyesi&#8217;nin, ortopedik engelli bireylerin kat\u0131l\u0131m\u0131 ile d\u00fczenledi\u011fi&nbsp;&#8216;Geleneksel 3. Bocce Turnuvas\u0131&#8217;&nbsp;renkli g\u00f6r\u00fcnt\u00fclere sahne oldu. E\u011flence ve rekabetin bir arada oldu\u011fu turnuvada, \u00f6zel gereksinimli bireyler ve ailelerinin [&hellip;]<\/p>\n","protected":false},"author":2,"featured_media":42677,"comment_status":"closed","ping_status":"closed","sticky":false,"template":"","format":"standard","meta":{"footnotes":""},"categories":[3,10],"tags":[],"class_list":["post-42676","post","type-post","status-publish","format-standard","has-post-thumbnail","hentry","category-manset","category-spor"],"views":4,"_links":{"self":[{"href":"https:\/\/mersinkadingazetesi.com\/index.php?rest_route=\/wp\/v2\/posts\/42676"}],"collection":[{"href":"https:\/\/mersinkadingazetesi.com\/index.php?rest_route=\/wp\/v2\/posts"}],"about":[{"href":"https:\/\/mersinkadingazetesi.com\/index.php?rest_route=\/wp\/v2\/types\/post"}],"author":[{"embeddable":true,"href":"https:\/\/mersinkadingazetesi.com\/index.php?rest_route=\/wp\/v2\/users\/2"}],"replies":[{"embeddable":true,"href":"https:\/\/mersinkadingazetesi.com\/index.php?rest_route=%2Fwp%2Fv2%2Fcomments&post=42676"}],"version-history":[{"count":1,"href":"https:\/\/mersinkadingazetesi.com\/index.php?rest_route=\/wp\/v2\/posts\/42676\/revisions"}],"predecessor-version":[{"id":42678,"href":"https:\/\/mersinkadingazetesi.com\/index.php?rest_route=\/wp\/v2\/posts\/42676\/revisions\/42678"}],"wp:featuredmedia":[{"embeddable":true,"href":"https:\/\/mersinkadingazetesi.com\/index.php?rest_route=\/wp\/v2\/media\/42677"}],"wp:attachment":[{"href":"https:\/\/mersinkadingazetesi.com\/index.php?rest_route=%2Fwp%2Fv2%2Fmedia&parent=42676"}],"wp:term":[{"taxonomy":"category","embeddable":true,"href":"https:\/\/mersinkadingazetesi.com\/index.php?rest_route=%2Fwp%2Fv2%2Fcategories&post=42676"},{"taxonomy":"post_tag","embeddable":true,"href":"https:\/\/mersinkadingazetesi.com\/index.php?rest_route=%2Fwp%2Fv2%2Ftags&post=42676"}],"curies":[{"name":"wp","href":"https:\/\/api.w.org\/{rel}","templated":true}]}}