{"id":42682,"date":"2025-05-17T20:25:39","date_gmt":"2025-05-17T17:25:39","guid":{"rendered":"https:\/\/mersinkadingazetesi.com\/?p=42682"},"modified":"2025-05-17T20:25:40","modified_gmt":"2025-05-17T17:25:40","slug":"toroslarin-her-mahallesine-okuma-salonu-geliyor","status":"publish","type":"post","link":"https:\/\/mersinkadingazetesi.com\/?p=42682","title":{"rendered":"TOROSLAR&#8217;IN HER MAHALLES\u0130NE OKUMA SALONU GEL\u0130YOR"},"content":{"rendered":"\n<p>Toroslar Belediyesi, il\u00e7edeki \u00fc\u00e7\u00fcnc\u00fc okuma salonunu H\u00fcseyin Okan Merzeci Mahallesi&#8217;nde hizmete a\u00e7t\u0131. A\u00e7\u0131l\u0131\u015fta konu\u015fan Belediye Ba\u015fkan\u0131 Abdurrahman Y\u0131ld\u0131z, bu yap\u0131n\u0131n sadece bir e\u011fitim alan\u0131 de\u011fil, ayn\u0131 zamanda sosyal d\u00f6n\u00fc\u015f\u00fcm\u00fcn ve halkla dayan\u0131\u015fman\u0131n sembol\u00fc oldu\u011funu s\u00f6yledi. Y\u0131ld\u0131z, il\u00e7edeki t\u00fcm mahallelere okuma salonlar\u0131 kazand\u0131racaklar\u0131n\u0131 duyurdu.<\/p>\n\n\n\n<p>Toroslar Belediyesi, Akbelen ve Sel\u00e7uklar Mahallelerinin ard\u0131ndan H\u00fcseyin Okan Merzeci Mahallesi&#8217;nde de yeni bir okuma salonu a\u00e7t\u0131. A\u00e7\u0131l\u0131\u015f t\u00f6renine, Toroslar Belediye Ba\u015fkan\u0131 Abdurrahman Y\u0131ld\u0131z&#8217;\u0131n yan\u0131 s\u0131ra, CHP Mersin \u0130l Ba\u015fkan\u0131 Koral \u00d6m\u00fcr, Mersin B\u00fcy\u00fck\u015fehir Belediyesi Ba\u015fkanvekili Hamit Mert Avc\u0131, CHP Mersin Milletvekilleri Talat Din\u00e7er, G\u00fclcan K\u0131\u015f, Hasan Ufuk \u00c7ak\u0131r, belediye y\u00f6neticileri, mahalle muhtarlar\u0131, \u00e7ok say\u0131da vatanda\u015f, \u00e7ocuk ve gen\u00e7 kat\u0131ld\u0131.<\/p>\n\n\n\n<p>Toroslar Belediyesi sosyal belediyecilik anlay\u0131\u015f\u0131yla hizmetlerini s\u00fcrd\u00fcr\u00fcyor. Toroslar&#8217;da hizmete giren okuma salonlar\u0131, yaln\u0131zca ders \u00e7al\u0131\u015fmak ve kitap okumak i\u00e7in birer alan olman\u0131n \u00f6tesine ge\u00e7iyor. T\u00fcm ya\u015f gruplar\u0131na hitap eden bu merkezler, e\u011fitimde f\u0131rsat e\u015fitli\u011fini desteklerken, ayn\u0131 zamanda mahalle sakinlerini bulu\u015fturan sosyal merkezler haline geliyor.&nbsp;<\/p>\n\n\n\n<p><strong>&#8220;TOROSLAR 30 YILDA HALK HAK ETT\u0130\u011e\u0130 H\u0130ZMET\u0130 ALAMADI&#8221;<\/strong><\/p>\n\n\n\n<p>A\u00e7\u0131l\u0131\u015fta konu\u015fan Toroslar Belediye Ba\u015fkan\u0131 Abdurrahman Y\u0131ld\u0131z, &#8220;Toroslar Belediyesi 30 y\u0131ll\u0131k bir belediye ama maalesef 30 y\u0131ld\u0131r almas\u0131 gerekti\u011fi hizmeti bir t\u00fcrl\u00fc alamam\u0131\u015f. \u00c7ok ciddi bir potansiyeli, \u00e7ok g\u00fc\u00e7l\u00fc bir b\u00fct\u00e7esi, \u00e7ok g\u00fc\u00e7l\u00fc bir n\u00fcfusu olmas\u0131na ra\u011fmen maalesef almas\u0131 gereken hizmetleri bug\u00fcne kadar alamam\u0131\u015ft\u0131r. Asl\u0131nda bug\u00fcn a\u00e7\u0131l\u0131\u015f\u0131n\u0131 yapt\u0131\u011f\u0131m\u0131z okuma salonu, bir butik okuma salonudur. Birincisi, hakikaten okumak d\u00fcnyan\u0131n en g\u00fczel i\u015fi. Hangi mesle\u011fi se\u00e7erseniz se\u00e7in, \u00f6zellikle \u00e7ocuklara s\u00f6yl\u00fcyorum, isterseniz doktor olun, isterseniz berber olun, isterseniz tamirci olun ama hayat\u0131n\u0131z\u0131n her a\u015famas\u0131nda mutlaka kitap okuyun. Buraya hem ders \u00e7al\u0131\u015fmaya gelin hem de kitap okumaya gelin. Burada b\u00fct\u00fcn ya\u015f gruplar\u0131ndaki karde\u015flerimiz i\u00e7in, \u00e7ocuklar\u0131m\u0131z i\u00e7in kitaplar se\u00e7ti arkada\u015flar\u0131m\u0131z. T\u00fcrk\u00e7e \u00f6\u011fretmenimiz, matematik \u00f6\u011fretmenimiz ve fen bilgisi \u00f6\u011fretmenimiz okuma salonlar\u0131m\u0131zda mutlaka bulunacaklar. Ve e\u011fitimcilerimiz sizinle beraber derslerinizi yapacaklar, sizinle beraber kitap okuyacaklar&#8221; dedi.<\/p>\n\n\n\n<p>Y\u0131ld\u0131z, binan\u0131n ge\u00e7mi\u015fte kaderine terk edilmi\u015f bir yap\u0131 oldu\u011funu hat\u0131rlatarak, &#8220;T\u0131pk\u0131 Toroslar&#8217;daki bir\u00e7ok yer gibi buras\u0131 da \u00e7\u00fcr\u00fcmeye b\u0131rak\u0131lm\u0131\u015ft\u0131. Ama biz bu yap\u0131lar\u0131 yeniden halk\u0131n kullan\u0131m\u0131na a\u00e7mak i\u00e7in var g\u00fcc\u00fcm\u00fczle \u00e7al\u0131\u015f\u0131yoruz&#8221; diye konu\u015ftu.<\/p>\n\n\n\n<p><strong>&nbsp;&#8220;TOROSLAR&#8217;IN G\u00dcC\u00dc VAR, YETER K\u0130 DO\u011eRU KULLANILSIN&#8221;<\/strong><\/p>\n\n\n\n<p>Toroslar&#8217;\u0131n bundan sonra hak etti\u011fi de\u011fere kavu\u015faca\u011f\u0131n\u0131 ifade eden Y\u0131ld\u0131z, s\u00f6zlerini \u015f\u00f6yle s\u00fcrd\u00fcrd\u00fc:<\/p>\n\n\n\n<p>&#8220;Toroslar&#8217;\u0131n bunu yapacak paras\u0131 var, bunu yapacak b\u00fct\u00e7esi var, bunu yapacak g\u00fcc\u00fc var. Yeter ki elinde bulundurdu\u011fu de\u011ferleri, bug\u00fcne kadar oldu\u011fu \u015fekliyle, har vurup harman savurmas\u0131n ya da belediye ba\u015fkan\u0131n\u0131n yak\u0131n\u0131nda, yan\u0131nda bulunan, \u00f6n\u00fcnde, arkas\u0131nda bulunan arkada\u015flar\u0131n\u0131n ki\u015fisel menfaatleri i\u00e7in heba etmesin. Emin olun, Toroslar g\u00fc\u00e7l\u00fc bir il\u00e7e.&nbsp; 24 saat projeler \u00fcretiyoruz. Ger\u00e7ekten yak\u0131n zamanda \u00e7ok daha ciddi, Toroslar&#8217;a \u00e7ok daha de\u011fer katacak, Toroslar&#8217;a ekonomik olarak \u00e7ok daha g\u00fc\u00e7 katacak projelerimizi, \u00e7al\u0131\u015fmalar\u0131m\u0131z\u0131 belli bir noktaya getirdik. Hep beraber bu mutluluklarla yine b\u00f6yle t\u00f6renlerde payla\u015faca\u011f\u0131z.&#8221;<\/p>\n\n\n\n<p>Y\u0131ld\u0131z, il\u00e7enin k\u0131rsal mahalleler dahil t\u00fcm mahallelerinde okuma salonlar\u0131 a\u00e7acaklar\u0131n\u0131 duyurarak, &#8220;Bu sadece bir okuma salonu de\u011fil, Toroslar&#8217;da yeni bir d\u00f6nemin ba\u015flang\u0131c\u0131. Bize destek veren t\u00fcm hem\u015ferilerimize g\u00f6n\u00fclden te\u015fekk\u00fcr ediyorum&#8221; \u015feklinde konu\u015ftu.<\/p>\n\n\n\n<p><strong>19 MAYIS&#8217;TA ME\u015eALEL\u0130 Y\u00dcR\u00dcY\u00dc\u015eE HAZIRLIK<\/strong><\/p>\n\n\n\n<p>Y\u0131ld\u0131z, 19 May\u0131s Atat\u00fcrk&#8217;\u00fc Anma, Gen\u00e7lik ve Spor Bayram\u0131 etkinlikleri kapsam\u0131nda d\u00fczenleyecekleri programlara da de\u011findi. &#8220;D\u00fcn gen\u00e7lerle birlikte kentin en b\u00fcy\u00fck T\u00fcrk bayra\u011f\u0131n\u0131 boyad\u0131k. Renkleri solmu\u015f, yaz\u0131lar\u0131 silinmi\u015fti. Hep birlikte yeniledik. Bu dayan\u0131\u015fma ruhunu 19 May\u0131s&#8217;ta da s\u00fcrd\u00fcrece\u011fiz&#8221; dedi.<\/p>\n\n\n\n<p>19 May\u0131s etkinliklerinin 19 May\u0131s 2025 Pazartesi ak\u015fam\u0131 saat 19.30&#8217;da ba\u015flayaca\u011f\u0131n\u0131 ve \u00c7opurlu Mahallesi&#8217;nde ger\u00e7ekle\u015ftirilece\u011fini duyuran Y\u0131ld\u0131z, t\u00fcm halk\u0131 me\u015faleli y\u00fcr\u00fcy\u00fc\u015fe davet etti.<\/p>\n\n\n\n<p><strong>\u00d6M\u00dcR: &#8220;TOROSLAR&#8217;DA BU H\u0130ZMETLER\u0130 G\u00d6RMEK \u00c7OK G\u00dcZEL&#8221;<\/strong><\/p>\n\n\n\n<p>Daha sonra konu\u015fan CHP Mersin \u0130l Ba\u015fkan\u0131 Koral \u00d6m\u00fcr, &#8220;Toroslar&#8217;da bu hizmetleri g\u00f6rmek \u00e7ok g\u00fczel. Uzun zamand\u0131r \u00f6zledi\u011fimiz hizmetler bunlar. Abdurrahman Y\u0131ld\u0131z Ba\u015fkan\u0131m\u0131zla beraber \u00e7ok \u015fey de\u011fi\u015fti. Bunu hepimiz g\u00f6r\u00fcyoruz.\u00c7ok daha g\u00fczel hizmetler yapacaca\u011f\u0131z. \u00d6zellikle Toroslar&#8217;\u0131n yoksun kald\u0131\u011f\u0131 k\u00fclt\u00fcre, bilime, sanata daha \u00e7ok \u00f6nem verece\u011fiz. Sosyal belediyecili\u011fe daha \u00e7ok \u00f6nem verece\u011fiz. Hepinize hay\u0131rl\u0131 olmas\u0131n\u0131 ve Ba\u015fkan\u0131m\u0131za ba\u015far\u0131lar\u0131n\u0131n devam\u0131n\u0131 diliyorum&#8221; ifadelerini kulland\u0131.<\/p>\n\n\n\n<p><strong>\u00c7AKIR: &#8220;30 YILDA \u0130LK KEZ HERKES \u0130\u00c7\u0130N B\u0130R OKUMA SALONU A\u00c7ILDI&#8221;<\/strong><\/p>\n\n\n\n<p>Ard\u0131ndan konu\u015fan CHP Mersin Milletvekili Hasan Ufuk \u00c7ak\u0131r, Abdurrahman Y\u0131ld\u0131z&#8217;\u0131n Toroslar i\u00e7in bir \u015fans oldu\u011funu belirtti. \u00c7ak\u0131r, &#8221;Toroslar arad\u0131\u011f\u0131 cevheri buldu. Abdurrahman Y\u0131ld\u0131z, sizin kuru\u015funuza zarar getirmez. 30 y\u0131ll\u0131k belediyede ilk defa gen\u00e7lerin, \u00e7ocuklar\u0131n, emeklilerin ve kad\u0131nlar\u0131n gelip kitap okuyabilece\u011fi bir okuma salonu kazand\u0131r\u0131ld\u0131. Bizi birbirimize sahip \u00e7\u0131kmaya davet ediyorum&#8221; \u015feklinde konu\u015ftu.&nbsp;<\/p>\n\n\n\n<p><strong>D\u0130N\u00c7ER: &#8220;TOROSLAR&#8217;DA SOSYAL BELED\u0130YEC\u0130L\u0130K KAZANDI&#8221;<\/strong><\/p>\n\n\n\n<p>CHP Mersin Milletvekili Talat Din\u00e7er, Toroslar Belediyesi&#8217;nin Cumhuriyet Halk Partisi taraf\u0131ndan kazan\u0131lmas\u0131n\u0131n \u00f6nemine dikkat \u00e7ekti. Din\u00e7er, CHP&#8217;li Toroslar Belediye Ba\u015fkan\u0131 Abdurrahman Y\u0131ld\u0131z&#8217;\u0131n g\u00f6reve gelmesiyle birlikte il\u00e7ede sosyal belediyecilik anlay\u0131\u015f\u0131n\u0131n hayata ge\u00e7irilmeye ba\u015fland\u0131\u011f\u0131n\u0131 s\u00f6yledi.<\/p>\n\n\n\n<p>Toroslar&#8217;da a\u00e7\u0131lan \u00fc\u00e7 yeni okuma salonunu \u00f6rnek g\u00f6steren Din\u00e7er, &#8220;Bug\u00fcne kadar bu mahallelerde bir okuma salonu, bir k\u00fct\u00fcphane g\u00f6rmedik. Ama \u015fimdi emeklimize, gencimize, kad\u0131n\u0131m\u0131za hizmet edecek bu t\u00fcr sosyal alanlar olu\u015fturuluyor. Bu, CHP&#8217;nin sosyal belediyecilik anlay\u0131\u015f\u0131n\u0131n bir yans\u0131mas\u0131d\u0131r&#8221; diye konu\u015ftu.<\/p>\n\n\n\n<p><strong>KI\u015e: &#8221;TOROSLAR GELECE\u011eE UMUTLA BAKIYOR&#8221;<\/strong><\/p>\n\n\n\n<p>Toroslar Belediyesi&#8217;nin art\u0131k sadece altyap\u0131 ve klasik belediyecilik hizmetleriyle de\u011fil, toplumun farkl\u0131 kesimlerine dokunan sosyal projelerle an\u0131ld\u0131\u011f\u0131n\u0131 belirten CHP Mersin Milletvekili G\u00fclcan K\u0131\u015f ise, &#8220;\u00c7ocuklar\u0131, kad\u0131nlar\u0131, ya\u015fl\u0131lar\u0131, emeklileri, \u00e7ift\u00e7ileri, emek\u00e7ileri \u00f6nceleyen bir belediyecilik anlay\u0131\u015f\u0131 var art\u0131k. Abdurrahman Y\u0131ld\u0131z ba\u015fkan\u0131m\u0131z, bu anlay\u0131\u015f\u0131n g\u00fc\u00e7l\u00fc bir temsilcisi. A\u00e7\u0131lan okuma salonlar\u0131 da bunun g\u00f6stergesi. Bu hizmetler, sadece fiziki yat\u0131r\u0131mlar de\u011fil; Toroslar&#8217;\u0131n sosyal yap\u0131s\u0131n\u0131 d\u00f6n\u00fc\u015ft\u00fcren ad\u0131mlard\u0131r&#8221; ifadelerini kulland\u0131.<\/p>\n\n\n\n<p>K\u0131\u015f, Toroslar halk\u0131n\u0131n bu d\u00f6n\u00fc\u015f\u00fcme sahip \u00e7\u0131kmas\u0131n\u0131 isteyerek, &#8220;Toroslar art\u0131k gelece\u011fe umutla bakan bir il\u00e7e haline geliyor. Bu de\u011fi\u015fimde eme\u011fi ge\u00e7en herkese te\u015fekk\u00fcr ediyorum&#8221; \u015feklinde konu\u015ftu.<\/p>\n\n\n\n<p><strong>AVCI: &#8220;GEN\u00c7LER\u0130 \u0130LER\u0130YE TA\u015eIMANIN YOLU OKUMA SALONLARINDAN GE\u00c7ER&#8221;<\/strong><\/p>\n\n\n\n<p>Mersin B\u00fcy\u00fck\u015fehir Belediyesi Ba\u015fkanvekili Hamit Mert Avc\u0131 da, Ba\u015fkan Vahap Se\u00e7er&#8217;in programa kat\u0131lmak istedi\u011fini ancak yo\u011fun programlar\u0131 nedeniyle kat\u0131lamad\u0131\u011f\u0131n\u0131 belirterek, Ba\u015fkan Se\u00e7er&#8217;in selamlar\u0131n\u0131 iletti. Avc\u0131, &#8221;Do\u011fruyu yanl\u0131\u015ftan en dikkatli bir \u015fekilde ay\u0131rt etmemiz gereken g\u00fcnlerden ge\u00e7iyoruz. Bunun da en iyi yolu okuma salonlar\u0131 a\u00e7\u0131p gen\u00e7lerimizi ileriye do\u011fru sevk etmekten ge\u00e7er. Eme\u011fe ge\u00e7enlere te\u015fekk\u00fcr ediyorum&#8221; dedi.<\/p>\n\n\n\n<p><strong>&#8220;BA\u015eARILI B\u0130REYLER OLACAKLAR&#8221;<\/strong><\/p>\n\n\n\n<p>Ard\u0131ndan konu\u015fan H\u00fcseyin Okan Merzeci Mahalle Muhtar\u0131 Aziz Filiz ise &#8220;En az 30 y\u0131l\u0131m\u0131 spora ay\u0131rd\u0131m. \u015eansl\u0131 muhtarlardan birisiyim. Toroslar Belediyemizin yapt\u0131\u011f\u0131 sahalarda \u00e7ocuklar\u0131m\u0131z futbol ve basketbol kurslar\u0131na devam ediyor. Bu okuma salonunda da \u00e7ocuklar\u0131m\u0131z derslerine ve s\u0131navlar\u0131na \u00e7al\u0131\u015facak. Ba\u015far\u0131l\u0131 bireyler olacaklar. Mahallemize verilen desteklerden dolay\u0131 Ba\u015fkan\u0131m\u0131za te\u015fekk\u00fcr ediyorum&#8221; ifadelerini kulland\u0131.<\/p>\n\n\n\n<p>Okuma salonun a\u00e7\u0131l\u0131\u015f\u0131yla birlikte \u00e7ocuklar kitaplara kavu\u015fman\u0131n heyecan\u0131n\u0131 ya\u015farken, mahalle sakinleri de ilk kez b\u00f6yle bir alan\u0131n kendi mahallelerinde hayata ge\u00e7mesini memnuniyetle kar\u015f\u0131lad\u0131.<\/p>\n","protected":false},"excerpt":{"rendered":"<p>Toroslar Belediyesi, il\u00e7edeki \u00fc\u00e7\u00fcnc\u00fc okuma salonunu H\u00fcseyin Okan Merzeci Mahallesi&#8217;nde hizmete a\u00e7t\u0131. A\u00e7\u0131l\u0131\u015fta konu\u015fan Belediye Ba\u015fkan\u0131 Abdurrahman Y\u0131ld\u0131z, bu yap\u0131n\u0131n sadece bir e\u011fitim alan\u0131 de\u011fil, ayn\u0131 zamanda sosyal d\u00f6n\u00fc\u015f\u00fcm\u00fcn ve halkla dayan\u0131\u015fman\u0131n sembol\u00fc oldu\u011funu s\u00f6yledi. Y\u0131ld\u0131z, il\u00e7edeki t\u00fcm mahallelere okuma salonlar\u0131 kazand\u0131racaklar\u0131n\u0131 duyurdu. Toroslar Belediyesi, Akbelen ve Sel\u00e7uklar Mahallelerinin ard\u0131ndan H\u00fcseyin Okan Merzeci Mahallesi&#8217;nde de [&hellip;]<\/p>\n","protected":false},"author":2,"featured_media":42683,"comment_status":"closed","ping_status":"closed","sticky":false,"template":"","format":"standard","meta":{"footnotes":""},"categories":[3],"tags":[],"class_list":["post-42682","post","type-post","status-publish","format-standard","has-post-thumbnail","hentry","category-manset"],"views":3,"_links":{"self":[{"href":"https:\/\/mersinkadingazetesi.com\/index.php?rest_route=\/wp\/v2\/posts\/42682"}],"collection":[{"href":"https:\/\/mersinkadingazetesi.com\/index.php?rest_route=\/wp\/v2\/posts"}],"about":[{"href":"https:\/\/mersinkadingazetesi.com\/index.php?rest_route=\/wp\/v2\/types\/post"}],"author":[{"embeddable":true,"href":"https:\/\/mersinkadingazetesi.com\/index.php?rest_route=\/wp\/v2\/users\/2"}],"replies":[{"embeddable":true,"href":"https:\/\/mersinkadingazetesi.com\/index.php?rest_route=%2Fwp%2Fv2%2Fcomments&post=42682"}],"version-history":[{"count":1,"href":"https:\/\/mersinkadingazetesi.com\/index.php?rest_route=\/wp\/v2\/posts\/42682\/revisions"}],"predecessor-version":[{"id":42684,"href":"https:\/\/mersinkadingazetesi.com\/index.php?rest_route=\/wp\/v2\/posts\/42682\/revisions\/42684"}],"wp:featuredmedia":[{"embeddable":true,"href":"https:\/\/mersinkadingazetesi.com\/index.php?rest_route=\/wp\/v2\/media\/42683"}],"wp:attachment":[{"href":"https:\/\/mersinkadingazetesi.com\/index.php?rest_route=%2Fwp%2Fv2%2Fmedia&parent=42682"}],"wp:term":[{"taxonomy":"category","embeddable":true,"href":"https:\/\/mersinkadingazetesi.com\/index.php?rest_route=%2Fwp%2Fv2%2Fcategories&post=42682"},{"taxonomy":"post_tag","embeddable":true,"href":"https:\/\/mersinkadingazetesi.com\/index.php?rest_route=%2Fwp%2Fv2%2Ftags&post=42682"}],"curies":[{"name":"wp","href":"https:\/\/api.w.org\/{rel}","templated":true}]}}