{"id":42685,"date":"2025-05-17T20:27:21","date_gmt":"2025-05-17T17:27:21","guid":{"rendered":"https:\/\/mersinkadingazetesi.com\/?p=42685"},"modified":"2025-05-17T20:27:21","modified_gmt":"2025-05-17T17:27:21","slug":"bu-projenin-her-adiminda-tarih-doga-ve-kultur-var","status":"publish","type":"post","link":"https:\/\/mersinkadingazetesi.com\/?p=42685","title":{"rendered":"BU PROJE&#8217;N\u0130N HER ADIMINDA; TAR\u0130H, DO\u011eA VE K\u00dcLT\u00dcR VAR!"},"content":{"rendered":"\n<p>Mersin B\u00fcy\u00fck\u015fehir Belediyesi, tarihi ve k\u00fclt\u00fcrel mirasa sahip \u00e7\u0131kmay\u0131 s\u00fcrd\u00fcr\u00fcyor. Antik Kilikya co\u011frafyas\u0131n\u0131 kapsayan ve Tarsus&#8217;tan Ye\u015filovac\u0131k&#8217;a kadar uzanan yakla\u015f\u0131k 550 kilometrelik&nbsp;<strong>&#8216;Tarihi Kilikya Yolu Projesi&#8217;<\/strong>&nbsp;tamamland\u0131. Projenin lansman\u0131, Mersin B\u00fcy\u00fck\u015fehir Belediye Ba\u015fkan\u0131 Vahap Se\u00e7er&#8217;in de kat\u0131l\u0131m\u0131yla ger\u00e7ekle\u015ftirildi ve 550 kilometrelik Tarihi Kilikya Yolu, Lansman ile birlikte y\u00fcr\u00fcy\u00fc\u015fe a\u00e7\u0131lm\u0131\u015f oldu.<\/p>\n\n\n\n<p>Bu g\u00fczerg\u00e2hta y\u00fcr\u00fcyenler, antik yerle\u015fimlerin atmosferinde ge\u00e7mi\u015fi hissedecek, ta\u015f d\u00f6\u015feli kervan yollar\u0131nda tarihe do\u011fru bir yolculu\u011fa \u00e7\u0131kacak ve Y\u00f6r\u00fcklerin kadim g\u00f6\u00e7 yollar\u0131nda ilerleyecek. Ziyaret\u00e7iler bu sayede, binlerce y\u0131l\u0131n birikimini ta\u015f\u0131yan bu topraklarda ge\u00e7mi\u015f ile bug\u00fcn aras\u0131nda bir k\u00f6pr\u00fc kurmu\u015f olacak. Proje sayesinde Mersin&#8217;in binlerce y\u0131ll\u0131k k\u00fclt\u00fcrel miras\u0131 da ulusal ve uluslararas\u0131 d\u00fczeyde tan\u0131t\u0131lm\u0131\u015f olacak. Tarihi Kilikya Yolu, Mersin&#8217;in k\u00fclt\u00fcrel kimli\u011finin sembollerinden biri haline gelecek ve gelecek nesillere gururla aktar\u0131lacak bir de\u011fer olacak.<\/p>\n\n\n\n<p><strong>Proje; Mersin B\u00fcy\u00fck\u015fehir&#8217;in k\u00fclt\u00fcr ve turizm alan\u0131ndaki ta\u015f\u0131y\u0131c\u0131 s\u00fctunlar\u0131ndan bir tanesi oldu<\/strong><\/p>\n\n\n\n<p>Mersin B\u00fcy\u00fck\u015fehir Belediyesi K\u00fclt\u00fcr ve Sosyal \u0130\u015fler Dairesi Ba\u015fkanl\u0131\u011f\u0131 taraf\u0131ndan koordine edilen Tarihi Kilikya Yolu Projesi; Mersin Valili\u011fi, Kilikya Yolu Koruma ve Ya\u015fatma Derne\u011fi ile Mersin Zirve Da\u011fc\u0131l\u0131k \u0130htisas Spor Kul\u00fcb\u00fc&#8217;n\u00fcn destekleriyle hayata ge\u00e7irildi.<\/p>\n\n\n\n<p>38 etaptan olu\u015fan bu y\u00fcr\u00fcy\u00fc\u015f rotas\u0131na uluslararas\u0131 standartlarda y\u00f6nlendirme ve bilgilendirme tabelalar\u0131 yerle\u015ftirildi. G\u00fczerg\u00e2h;&nbsp;<strong><em>&#8216;\u0130pek Yolu&#8217;<\/em><\/strong>,&nbsp;<strong><em>&#8216;Toroslar&#8217;<\/em><\/strong>,&nbsp;<strong><em>&#8216;Olba&#8217;<\/em><\/strong>&nbsp;ve&nbsp;<strong><em>&#8216;Afrodit&#8217;<\/em><\/strong>&nbsp;etaplar\u0131 olarak 4 b\u00f6l\u00fcmde \u015fekillendi. Mersin&#8217;in s\u00fcrd\u00fcr\u00fclebilir kalk\u0131nma vizyonunun bir par\u00e7as\u0131 olan bu proje, Mersin B\u00fcy\u00fck\u015fehir&#8217;in k\u00fclt\u00fcr ve turizm alan\u0131ndaki ta\u015f\u0131y\u0131c\u0131 s\u00fctunlar\u0131ndan bir tanesi oldu. \u00c7ok boyutlu bir tan\u0131t\u0131m ve turizm hamlesi olan proje; k\u00fclt\u00fcrel, tarihi, do\u011fal ve sosyolojik katmanlar\u0131yla Mersin&#8217;in tan\u0131t\u0131m\u0131na ve yerel kalk\u0131nmas\u0131na hizmet edecek. Proje, sadece Mersin i\u00e7in de\u011fil, T\u00fcrkiye turizmi i\u00e7in de k\u0131ymetli bir uluslararas\u0131 altyap\u0131 yat\u0131r\u0131m\u0131 te\u015fkil ediyor.<\/p>\n\n\n\n<p><strong>Tarihin izleri bu proje ile gelece\u011fe ta\u015f\u0131n\u0131yor<\/strong><\/p>\n\n\n\n<p>Antik d\u00f6nemde Alanya&#8217;dan \u0130skenderun&#8217;a kadar uzanan b\u00f6lgenin ad\u0131 olan Kilikya, bug\u00fcn hayata ge\u00e7irilen proje sayesinde tarihin izlerini gelece\u011fe ta\u015f\u0131yacak. K\u00fclt\u00fcr, tarih, do\u011fa ve turizmi i\u00e7 i\u00e7e ge\u00e7iren kapsaml\u0131 bir destinasyon geli\u015ftirme modeli olan proje ile Mersin&#8217;in sosyal, k\u00fclt\u00fcrel ve do\u011fal miras\u0131n\u0131 do\u011fa ve spor turizmi arac\u0131l\u0131\u011f\u0131yla tan\u0131tmak, Do\u011fu Akdeniz&#8217;in zengin tarihini, do\u011fas\u0131n\u0131 ve k\u00fclt\u00fcrel \u00e7e\u015fitlili\u011fini g\u00f6r\u00fcn\u00fcr k\u0131lmak, hem yerel halk\u0131n hem de yurti\u00e7inden ve yurtd\u0131\u015f\u0131ndan gelen misafirlerin bu de\u011ferlerden faydalanmas\u0131n\u0131 sa\u011flamak ama\u00e7lan\u0131yor.<\/p>\n\n\n\n<p><strong>Ba\u015fkan Se\u00e7er:&nbsp;<\/strong><strong>&#8220;B\u00f6yle bir kentte y\u00f6netici olmaktan onur duyuyorum&#8221;<\/strong><\/p>\n\n\n\n<p>Yo\u011fun kat\u0131l\u0131mla, Mersin B\u00fcy\u00fck\u015fehir Belediyesi Kongre ve Sergi Meclis Salonu&#8217;nda,&nbsp;<strong><em>&#8216;Tarihe, Do\u011faya, K\u00fclt\u00fcre Y\u00fcr\u00fcyelim Arkada\u015flar&#8217;<\/em><\/strong>&nbsp;slogan\u0131yla d\u00fczenlenen A\u00e7\u0131l\u0131\u015f Lansman\u0131 Tarihi Kilikya Yolu Tan\u0131t\u0131m Filmi&#8217;nin g\u00f6sterimi ile ba\u015flad\u0131.&nbsp;Lansmanda konu\u015fan Ba\u015fkan Se\u00e7er; Mersin&#8217;in kadim tarihi, do\u011fal g\u00fczellikleri ve kozmopolit yap\u0131s\u0131yla \u00e7ok zengin bir kent oldu\u011funu ifade ederek, Mersin&#8217;in tan\u0131t\u0131m\u0131n\u0131n \u00f6nemli oldu\u011funa vurgu yapt\u0131. Mersin&#8217;in enerjisinin y\u00fcksek bir kent oldu\u011funu s\u00f6zlerine ekleyen Se\u00e7er,&nbsp;<strong>&#8220;B\u00f6yle bir kentte do\u011fmu\u015f olmaktan, ya\u015f\u0131yor olmaktan ve y\u00f6netici olmaktan ger\u00e7ekten \u00e7ok mutlu oluyorum ve \u00e7ok onur duyuyorum. \u0130yi ki b\u00f6yle bir halk\u0131n belediye ba\u015fkan\u0131 oldum&#8221;<\/strong>&nbsp;dedi.<\/p>\n\n\n\n<p><strong>&#8220;Mersin, 2019&#8217;dan sonra kat\u0131l\u0131mc\u0131 demokrasiyi \u00f6\u011frendi&#8221;<\/strong><\/p>\n\n\n\n<p>Mersin&#8217;in; Sel\u00e7uklu&#8217;dan Bizans&#8217;a; Asurlular&#8217;dan Hititlilere kadar \u00f6nemli tarihi ve k\u00fclt\u00fcrel mirasa sahip bir kent oldu\u011funu yineleyen Se\u00e7er, Tarihi Kilikya Yolu projesinin 5 y\u0131l \u00f6nce ba\u015flad\u0131\u011f\u0131n\u0131 s\u00f6yleyerek,&nbsp;<strong>&#8220;Bu bir ekip \u00e7al\u0131\u015fmas\u0131.&nbsp;<em>&#8216;Ben bilirim, ben en iyisini bilirim, benim dedi\u011fim do\u011frudur&#8217;<\/em>&nbsp;anlay\u0131\u015f\u0131 ile yap\u0131lmad\u0131. 2019&#8217;dan sonra Mersin&#8217;in en b\u00fcy\u00fck kazan\u0131m\u0131; kat\u0131l\u0131mc\u0131 demokrasiyi \u00f6\u011frenmesi oldu. \u00dcniversitelerden sivil toplum kurulu\u015flar\u0131na, sade vatanda\u015ftan en \u00fcst kademedeki y\u00f6neticiye kadar herkes bu kentin y\u00f6netimine dahil oldu. D\u0131\u015far\u0131dan gelenlerin&nbsp;<em>&#8216;bu kentin enerjisi ger\u00e7ekten \u00e7ok y\u00fcksek&#8217;<\/em>&nbsp;demesine neden olan en temel unsurlardan biri de bu&#8221;&nbsp;<\/strong>diye belirtti. Se\u00e7er, Mersin&#8217;de ya\u015fayan herkesin k\u00f6kleri farkl\u0131 bir kentten olsa da&nbsp;<strong><em>&#8216;Mersinliyim&#8217;<\/em><\/strong>demesi ve aidiyet geli\u015ftirmesi gerekti\u011fini s\u00f6yledi.<\/p>\n\n\n\n<p><strong>&#8220;Tarihi Kilikya Yolu Projesi ile Mersin&#8217;in; tarihini, k\u00fclt\u00fcr\u00fcn\u00fc ve do\u011fas\u0131n\u0131 vitrine getiriyoruz&#8221;<\/strong><\/p>\n\n\n\n<p>Se\u00e7er, Mersin&#8217;in en b\u00fcy\u00fck problemlerinden bir tanesinin&nbsp;<strong><em>&#8216;tan\u0131nmas\u0131&#8217;<\/em><\/strong>&nbsp;oldu\u011funu s\u00f6zlerine ekleyerek,&nbsp;<strong>&#8220;Tarihi Kilikya Yolu, \u015fehrin tan\u0131t\u0131m\u0131na en \u00f6nemli destek verecek \u00e7al\u0131\u015fmalardan bir tanesi. Tarihi Kilikya Yolu projesiyle; 10 binlerce y\u0131l \u00f6nce bu co\u011frafyada ya\u015fayan k\u00fclt\u00fcrleri, tarihi ve ayn\u0131 zamanda hala b\u00fct\u00fcn sald\u0131r\u0131lara ra\u011fmen kendini koruyan do\u011fay\u0131 tan\u0131tma imkan\u0131 sunuyor, bunu vitrine getiriyoruz. Siz bunlar\u0131 ba\u015farabilirseniz Mersin&#8217;i tan\u0131tabilir ve marka kent yapabilirsiniz&#8221;<\/strong>&nbsp;ifadelerini kulland\u0131.<\/p>\n\n\n\n<p><strong>&#8220;Bu sadece bir&nbsp;<em>&#8216;yol&#8217;<\/em>&nbsp;hikayesi de\u011fil, d\u00fcnya bar\u0131\u015f\u0131na katk\u0131 demektir&#8221;<\/strong><\/p>\n\n\n\n<p>Marka kent olman\u0131n; spordan, k\u00fclt\u00fcrden, sanattan, ekonomiden ve tan\u0131t\u0131mdan ge\u00e7ti\u011fine de\u011finen Se\u00e7er, Tarihi Kilikya Yolu projesinin sadece bir yoldan ibaret olmad\u0131\u011f\u0131n\u0131 belirtip, Mersin&#8217;in marka kent olmas\u0131 i\u00e7in bir\u00e7ok alanda kazan\u0131m\u0131 olan bir proje oldu\u011funa dikkat \u00e7ekti. Se\u00e7er,&nbsp;<strong>&#8220;Bu proje sadece bir yol hikayesi de\u011fil. D\u00fcnyan\u0131n neresinde olursa olsun Kilikya Yolu&#8217;nu duyan, gelip g\u00f6rmek ve y\u00fcr\u00fcmek isteyen bir ki\u015fi buraya aya\u011f\u0131n\u0131 bast\u0131\u011f\u0131 zaman her \u015feye katk\u0131 sunuyor. Mersin&#8217;i tan\u0131yor, para harc\u0131yor; ekonomisine ve sosyal bar\u0131\u015f\u0131na katk\u0131 sunuyor. Farkl\u0131 tabiattaki ve milliyetteki insanlar\u0131n \u00fclkemizi ziyareti, buray\u0131 tan\u0131mas\u0131, buray\u0131 takdir etmesi, bu topraklarda ya\u015fayan herkesle tan\u0131\u015fmas\u0131; t\u00fcm bu bilin\u00e7 d\u00fcnya bar\u0131\u015f\u0131na katk\u0131 demektir&#8221;<\/strong>&nbsp;dedi.<\/p>\n\n\n\n<p><strong>&#8220;Mersin B\u00fcy\u00fck\u015fehir, g\u00fc\u00e7l\u00fc finans tablosu olan ve kayna\u011f\u0131n\u0131 en ak\u0131lc\u0131 kullanan belediyedir&#8221;<\/strong><\/p>\n\n\n\n<p>Mersin&#8217;i tan\u0131tma noktas\u0131nda yapt\u0131klar\u0131 baz\u0131 \u00e7al\u0131\u015fmalara de\u011finen Se\u00e7er, kent merkezinde \u00f6nemli tarihi binalar\u0131 restore ettiklerini s\u00f6yledi. Se\u00e7er,&nbsp;<strong>&#8220;G\u00f6reve gelir gelmez ba\u015flad\u0131k ama maalesef b\u00fcrokraside i\u015fler h\u0131zl\u0131 y\u00fcr\u00fcm\u00fcyor. Tarihi alanlar oldu\u011fu zaman bir \u00e7ivi \u00e7akmak i\u00e7in 2 sene bekledi\u011finiz oluyor&#8221;<\/strong>&nbsp;diye belirtti ve&nbsp;<strong>&#8216;Mersin Tarihi Kent Merkezi Koruma Ve Canland\u0131rma Projesi&#8217;<\/strong>&nbsp;kapsam\u0131nda G\u00fclnar Oteli, Karamanc\u0131lar Kona\u011f\u0131, Ta\u015f Bina, Kasaplar \u00c7ar\u015f\u0131s\u0131, Ta\u015fhan, Antikhan ve y\u0131k\u0131mlar\u0131 tamamlanan K\u0131rm\u0131z\u0131 Lacivert ile \u00d6zel \u0130dare \u0130\u015fhan\u0131&#8217;n\u0131n yerlerine yap\u0131lacak olan Kent Meydan\u0131 Projesi \u00e7al\u0131\u015fmalar\u0131 anlatt\u0131. Se\u00e7er, t\u00fcm bu i\u015f ve i\u015flemlerin kaynak ve zaman ald\u0131\u011f\u0131n\u0131 belirterek,&nbsp;<strong>&#8220;Mersin B\u00fcy\u00fck\u015fehir Belediyesi muktedir bir belediyedir, g\u00fc\u00e7l\u00fc bir finans tablosu vard\u0131r, T\u00fcrkiye&#8217;nin en iyi geliri olan belediyelerden bir tanesidir ve bu kayna\u011f\u0131 en ak\u0131lc\u0131 \u015fekilde kullanan belediyelerin ba\u015f\u0131nda geliyor&#8221;<\/strong>&nbsp;ifadelerini kulland\u0131.<\/p>\n\n\n\n<p>Arkeolojik \u00e7al\u0131\u015fmalar\u0131nda s\u00fcrd\u00fc\u011f\u00fcn\u00fc ve bu \u00e7al\u0131\u015fmalar\u0131n de\u011ferli oldu\u011funu s\u00f6yleyen Se\u00e7er,&nbsp;<strong>&#8220;Bizim kurumumuzun sorumlulu\u011funda olmamas\u0131na ra\u011fmen, makul olan bir \u00e7ok \u00e7al\u0131\u015fmaya katk\u0131 sa\u011fl\u0131yoruz&#8221;<\/strong>&nbsp;dedi. Se\u00e7er, Uzuncabur\u00e7 &#8211; Arkeok\u00f6y \u00c7evre D\u00fczenleme Ve Meydan Projesi&#8217;nin de s\u00fcrd\u00fc\u011f\u00fcn\u00fc s\u00f6zlerine ekleyerek, Mersin&#8217;in turizm potansiyelini art\u0131rmaya y\u00f6nelik \u00e7al\u0131\u015fmalar\u0131 anlatt\u0131. Kentin k\u00fclt\u00fcrel ve do\u011fal miras\u0131n\u0131 \u00f6ne \u00e7\u0131karmay\u0131 hedefleyen projelere verdikleri \u00f6nemi vurgulayan Se\u00e7er, \u00fcniversitelerle yap\u0131lan ortak arkeoloji \u00e7al\u0131\u015fmalar\u0131n\u0131n bu \u00e7aban\u0131n bir par\u00e7as\u0131 oldu\u011funu belirtti. Teknolojiyi ve dijital mecralar\u0131 etkin kulland\u0131klar\u0131n\u0131 ifade eden Se\u00e7er, farkl\u0131 dillerde haz\u0131rlanm\u0131\u015f ill\u00fcstratif bir&nbsp;<strong><em>&#8216;Mersin Turizm Haritas\u0131&#8217;<\/em><\/strong>&nbsp;olu\u015fturduklar\u0131n\u0131, bu materyalin hem g\u00f6rsel hem anlat\u0131 yoluyla kenti tan\u0131tt\u0131\u011f\u0131n\u0131 ve belediyenin dijital platformlar\u0131ndan da eri\u015filebilir oldu\u011funu s\u00f6yledi.<\/p>\n\n\n\n<p><strong>&#8220;Avrupa&#8217;dan turlara gelen bisiklet\u00e7ilerin rotas\u0131nda neden Mersin olmas\u0131n?&#8221;<\/strong><\/p>\n\n\n\n<p>Konu\u015fmas\u0131nda, Mersin&#8217;i EuroVelo Avrupa Bisiklet A\u011f\u0131&#8217;n\u0131n rotalar\u0131na entegre etme hedeflerine de de\u011finen Se\u00e7er,&nbsp;&nbsp;Kilikya Yolu gibi projelerin, bu s\u00fcrece katk\u0131 sa\u011flayacak nitelikte oldu\u011funu belirtti. Se\u00e7er,&nbsp;<strong>&#8220;Avrupa&#8217;dan turlara gelen bisiklet\u00e7ilerin rotas\u0131nda neden Mersin olmas\u0131n? EuroVelo Avrupa Bisiklet A\u011f\u0131&#8217;na \u00fcye olduk say\u0131l\u0131r son 2.5 y\u0131ld\u0131r u\u011fra\u015f\u0131yoruz. \u00d6n\u00fcm\u00fczdeki g\u00fcnlerde de bunun tan\u0131t\u0131m\u0131n\u0131 yapar\u0131z, m\u00fcjdesini veririz&#8221;<\/strong>&nbsp;&nbsp;ifadelerine yer verdi.<\/p>\n\n\n\n<p><strong>&#8220;Mersin&#8217;i \u00f6zenilen noktaya getirece\u011fiz&#8221;<\/strong><\/p>\n\n\n\n<p>Se\u00e7er,<strong><em>&nbsp;&#8216;Uluslararas\u0131 Tarsus Festivali&#8217;<\/em><\/strong>,&nbsp;<strong><em>&#8216;Kleopatra Bisiklet Festivali&#8217;<\/em><\/strong>,&nbsp;<strong><em>&#8216;Tour of Mersin Uluslararas\u0131 Bisiklet Turu&#8217;<\/em><\/strong><em>,<strong>&nbsp;&#8216;Mersin Uluslararas\u0131 Edebiyat Festivali&#8217;&nbsp;<\/strong><\/em>gibi festivallerin \u00f6nemine dikkat \u00e7ekerek,&nbsp;<strong>&#8220;Mersin&#8217;e insanlar\u0131n gelmesine ara\u00e7 olacak, gerek\u00e7e olacak ne varsa Mersin B\u00fcy\u00fck\u015fehir Belediyesi olarak sizlerle beraber yap\u0131yoruz. Bizim d\u00f6nemimizde ad\u0131 konmu\u015f olan \u00e7al\u0131\u015fmalar, etkinlikler, festivaller ve yar\u0131\u015fmalar\u0131n tamam\u0131n\u0131 MEDEKA (Mersin&#8217;e De\u011fer Katanlar Kurulu) ile beraber yapt\u0131k. \u015eu an burada onlarca \u00fcyesi vard\u0131r, \u00e7ok g\u00fczel fikirler \u00e7\u0131k\u0131yor&#8221;&nbsp;<\/strong>s\u00f6zleriyle projelere katk\u0131 sunan herkese te\u015fekk\u00fcrlerini iletti.&nbsp;Mersinlilerle el ele vererek Mersin&#8217;de \u00e7ok daha g\u00fczel projelerin hayata ge\u00e7irilece\u011fini belirten Se\u00e7er,&nbsp;<strong>&#8220;Mersin halk\u0131 olarak, Mersin&#8217;e \u00e7ok ama \u00e7ok daha g\u00fczel de\u011ferler kataca\u011f\u0131z ve Mersin&#8217;i \u00f6zenilen noktaya getirece\u011fiz&#8221;&nbsp;<\/strong>dedi.<\/p>\n\n\n\n<p><strong>&#8220;Mersin&#8217;den t\u00fcm T\u00fcrkiye&#8217;ye bar\u0131\u015f g\u00fcvercinleri u\u00e7uraca\u011f\u0131z&#8221;<\/strong><\/p>\n\n\n\n<p>Birlik, beraberlik ve toplumsal dayan\u0131\u015fman\u0131n toplum refah\u0131 a\u00e7\u0131s\u0131ndan \u00f6nemli oldu\u011funun alt\u0131n\u0131 \u00e7izen Se\u00e7er, Mersin&#8217;in, farkl\u0131 kimliklerin bir arada karde\u015f\u00e7e ya\u015fad\u0131\u011f\u0131 bir T\u00fcrkiye modeli oldu\u011funu belirterek,&nbsp;<strong>&#8220;Birli\u011fin, beraberli\u011fin, karde\u015flik duygusunun, sevginin ve sayg\u0131n\u0131n olmad\u0131\u011f\u0131 hi\u00e7bir aile mutlu ve huzurlu olamaz. Mersin b\u00fcy\u00fck bir aile ise \u00f6nce birli\u011fi ve beraberli\u011fi sa\u011flayaca\u011f\u0131z. Bizim tek bir kimli\u011fimiz var o da; T\u00fcrkiye Cumhuriyeti Devleti kimli\u011fini ta\u015f\u0131yoruz. Bu vurguyu da yapmak istiyorum; Mersin&#8217;den t\u00fcm T\u00fcrkiye&#8217;ye bar\u0131\u015f g\u00fcvercinleri u\u00e7uraca\u011f\u0131z. Hep u\u00e7urduk, u\u00e7urmaya da devam edece\u011fiz&#8221;&nbsp;<\/strong>s\u00f6zlerine yer verdi.<\/p>\n\n\n\n<p><strong>&#8220;Mersin&#8217;deki birlik ve beraberlik havas\u0131n\u0131n t\u00fcm T\u00fcrkiye&#8217;de olaca\u011f\u0131na inan\u0131yorum&#8221;<\/strong><\/p>\n\n\n\n<p>Se\u00e7er, Mersin&#8217;deki birlik ve beraberlik havas\u0131n\u0131n T\u00fcrkiye&#8217;de de hakim olaca\u011f\u0131na inand\u0131\u011f\u0131n\u0131 s\u00f6yleyerek,&nbsp;<strong>&#8220;T\u00fcrkiye&#8217;nin izd\u00fc\u015f\u00fcm\u00fc dedi\u011fimiz Mersin&#8217;de insanlar huzur i\u00e7erisinde ya\u015f\u0131yorsa, ayr\u0131mc\u0131l\u0131k yok ise ve karde\u015f\u00e7e duygular hakim olmu\u015fsa neden T\u00fcrkiye&#8217;de olmas\u0131n? Elbette olacak. O g\u00fcnlerde yak\u0131nd\u0131r. Ben buna inan\u0131yorum&#8221;<\/strong>&nbsp;diye konu\u015ftu.<\/p>\n\n\n\n<p>Kilikya Yolu Projesi&#8217;ne katk\u0131 sa\u011flayan Mersin Valili\u011fi ba\u015fta olmak \u00fczere t\u00fcm kurumlara, akademisyenlere, g\u00f6n\u00fcll\u00fclere ve belediye \u00e7al\u0131\u015fanlar\u0131na te\u015fekk\u00fcr eden Se\u00e7er, Mersin&#8217;i turizmde marka kent yapma hedefiyle \u00e7al\u0131\u015fmalar\u0131 kararl\u0131l\u0131kla s\u00fcrd\u00fcreceklerini belirtti.<\/p>\n\n\n\n<p><strong>Prof. Dr. Durukan:<\/strong>&nbsp;<strong>&#8220;Kentin t\u00fcm zenginlikleri bu projeyle vitrine ta\u015f\u0131nacak&#8221;<\/strong><\/p>\n\n\n\n<p>Mersin \u00dcniversitesi Arkeoloji B\u00f6l\u00fcm\u00fc&#8217;nden ve Kilikya Yolu Koruma ve Ya\u015fatma Derne\u011fi Y\u00f6netim Kurulu \u00dcyesi Prof. Dr. Murat Durukan, yapt\u0131\u011f\u0131 sunumda Kilikya Yolu Projesi&#8217;nin \u00f6zelliklerini detayl\u0131ca aktard\u0131. Prof. Dr. Durukan Kilikya Yolu Projesi&#8217;nin bilim, sanat, k\u00fclt\u00fcr, turizm ve sporun i\u00e7 i\u00e7e ge\u00e7ti\u011fi kompleks bir proje oldu\u011funu ifade ederek, &#8220;<strong>Amac\u0131m\u0131z olabildi\u011fince \u00e7ok insan\u0131n Kilikya Yolu&#8217;nda y\u00fcr\u00fcmesini sa\u011flamak. Kilikya Yolu Projesi, k\u00fclt\u00fcrel miras\u0131n, do\u011fal zenginliklerin ve hatta yerel lezzetlerin tan\u0131t\u0131lmas\u0131na katk\u0131 sa\u011flayacak bir kataliz\u00f6rd\u00fcr&#8221;&nbsp;<\/strong>dedi.<\/p>\n\n\n\n<p>Prof. Dr. Durukan, proje ile kentin y\u00f6resel zenginliklerinin ziyaret\u00e7iler sayesinde reklam\u0131n\u0131n yap\u0131laca\u011f\u0131n\u0131 vurgulayarak,&nbsp;<strong>&#8220;Kentin t\u00fcm zenginlikleri bu projeyle vitrine ta\u015f\u0131nacak, b\u00fct\u00fcn k\u00fclt\u00fcrel ve do\u011fal mirastan yararlan\u0131larak hepsinin tan\u0131t\u0131m\u0131 yap\u0131lacak. Kilikya Yolu Projesi, Mersin&#8217;in evrensel de\u011ferlerini uluslararas\u0131 platformda tan\u0131tabilecek \u00f6nemli bir misyon \u00fcstlenmi\u015f durumdad\u0131r.<\/strong>&nbsp;<strong>Bu y\u00f6n\u00fcyle sadece Mersin i\u00e7in de\u011fil, T\u00fcrkiye turizmi i\u00e7in de b\u00fcy\u00fck f\u0131rsatlar bar\u0131nd\u0131rmaktad\u0131r&#8221;&nbsp;<\/strong>diye konu\u015ftu. Durukan, projede eme\u011fi ge\u00e7enlere ve Mersin B\u00fcy\u00fck\u015fehir Belediyesi b\u00fcrokratlar\u0131na te\u015fekk\u00fcrlerini iletirken, Ba\u015fkan Se\u00e7er&#8217;e de&nbsp;<strong>&#8220;Vizyoner liderlik \u00f6rne\u011fi g\u00f6sterip deste\u011finizi esirgemediniz. 5 y\u0131l \u00f6nce bizi dinlediniz<em>, &#8216;yola \u00e7\u0131k\u0131n&#8217;<\/em>&nbsp;dediniz ve biz \u015fimdi bu noktaday\u0131z. \u00dclkemize, memleketimize b\u00fcy\u00fck bir hizmet oldu&#8221;<\/strong>&nbsp;s\u00f6zleriyle te\u015fekk\u00fcr etti.<\/p>\n\n\n\n<p><a><\/a><strong>Demir: &#8220;Bug\u00fcn burada s\u0131radan bir y\u00fcr\u00fcy\u00fc\u015f yolu a\u00e7\u0131l\u0131\u015f\u0131 yapm\u0131yoruz&#8221;<\/strong><\/p>\n\n\n\n<p>Mersin Zirve Da\u011fc\u0131l\u0131k Spor Kul\u00fcb\u00fc ve Kilikya Yolu Koruma ve Ya\u015fatma Derne\u011fi Ba\u015fkan\u0131 Ali R\u0131za Demir ise 5 y\u0131ll\u0131k g\u00f6n\u00fcll\u00fc ve \u00f6zverili bir \u00e7al\u0131\u015fman\u0131n sonucunda kente kazand\u0131r\u0131lan projenin \u00f6nemine dikkat \u00e7ekti. Demir,&nbsp;<strong>&#8220;Bug\u00fcn burada; tarihi ve k\u00fclt\u00fcrel yollar\u0131n, ticaret yollar\u0131n\u0131n, g\u00fczellik ve a\u015fk yollar\u0131n\u0131n harmanlanarak bir araya getirildi\u011fi; farkl\u0131 k\u00fclt\u00fcrlerin ta\u015f\u0131nmas\u0131na vesile olan \u0130pek Yolu&#8217;nun, uzun g\u00f6\u00e7 yollar\u0131n\u0131n; bembeyaz kumu, turkuaz rengi denizi ile adeta mercan koylar\u0131n\u0131 and\u0131ran Afrodisias Yollar\u0131&#8217;n\u0131n bir araya getirildi\u011fi tarihi bir projenin a\u00e7\u0131l\u0131\u015f\u0131n\u0131 yap\u0131yoruz&#8221;&nbsp;<\/strong>dedi. Demir, \u00f6zellikle Se\u00e7er&#8217;in vizyoner deste\u011fiyle y\u00fcr\u00fct\u00fclen bu \u00e7al\u0131\u015fman\u0131n, Mersin&#8217;in tarihi, k\u00fclt\u00fcrel ve do\u011fal zenginliklerini hem yurt i\u00e7inde hem de uluslararas\u0131 alanda g\u00f6r\u00fcn\u00fcr k\u0131laca\u011f\u0131n\u0131 vurgulayarak,&nbsp;&nbsp;projeye katk\u0131 sunan t\u00fcm kurumlara, g\u00f6n\u00fcll\u00fclere ve kat\u0131l\u0131mc\u0131lara te\u015fekk\u00fcr etti.&nbsp;<a><\/a>Konu\u015fmalar\u0131n ard\u0131ndan toplu foto\u011fraf \u00e7ekimi oldu.&nbsp;&nbsp;Lansman, kokteyl ve m\u00fczik dinletisi ile devam etti.<\/p>\n\n\n\n<p><strong>G\u00fczergah ve etaplar hakk\u0131nda&#8230;<\/strong><\/p>\n\n\n\n<p>550 kilometrelik Tarihi Kilikya Yolu Tarsus&#8217;tan ba\u015fl\u0131yor. 55&nbsp;k\u00f6yden&nbsp;ge\u00e7en g\u00fczerg\u00e2h co\u011frafi \u00f6zelliklere g\u00f6re 4 ana etaba ayr\u0131ld\u0131. Bu 4 etap;&nbsp;<strong><em>&#8216;\u0130pek Yolu Etab\u0131\u2013Tarsus-G\u00fclek aras\u0131&#8217;<\/em><\/strong>,&nbsp;<strong><em>&#8216;Toroslar Etab\u0131\u2013G\u00fclek-G\u00f6kler Deresi aras\u0131&#8217;<\/em><\/strong>,&nbsp;<strong><em>&#8216;Olba Etab\u0131\u2013G\u00f6kler Deresi-Silifke aras\u0131&#8217;<\/em><\/strong>&nbsp;ile&nbsp;<strong><em>&#8216;Afrodit Etab\u0131\u2013Silifke-Kilikya Afrodisias (Ye\u015filovac\u0131k)&#8217;<\/em><\/strong>&nbsp;\u015feklinde belirlendi. 4 etap i\u00e7inde, uzunlu\u011fu 7-27 kilometre aras\u0131nda de\u011fi\u015fen 38 farkl\u0131 parkur ve 125 durak belirlendi. Kadim Kilikya Yolu&#8217;nu modern \u00e7a\u011f\u0131n imk\u00e2nlar\u0131yla bulu\u015fturmak i\u00e7in ciddi altyap\u0131 \u00e7al\u0131\u015fmalar\u0131 da ger\u00e7ekle\u015ftiren B\u00fcy\u00fck\u015fehir taraf\u0131ndan proje kapsam\u0131nda y\u00fcr\u00fct\u00fclen teknik ve dijital altyap\u0131 \u00e7al\u0131\u015fmalar\u0131 kapsam\u0131nda ise uluslararas\u0131 standartlarda Grande Randonn\u00e9e tarz\u0131 i\u015faretlemeler yap\u0131ld\u0131, y\u00f6nlendirme ve bilgilendirme tabelalar\u0131 yerle\u015ftirildi, tan\u0131t\u0131m ve yayg\u0131nla\u015ft\u0131rma i\u00e7in&nbsp;<strong>https:\/\/imsva91-ctp.trendmicro.com:443\/wis\/clicktime\/v1\/query?url=https%3a%2f%2fkilikyayolu.mersin.bel.tr&amp;umid=E071C29F-3557-4406-B2DE-A4093D5C6DBB&amp;auth=3b1925d1bc8738e93b0ed0c6e2bc564debba9efa-de84f258312115b430c337d180dea1693d2593a7<\/strong>&nbsp;web sitesi a\u00e7\u0131ld\u0131 ve dijital rotalar ile QR kodlar y\u00fcr\u00fcy\u00fc\u015f\u00e7\u00fclerin kullan\u0131m\u0131na sunuldu. Bu proje, fiziksel oldu\u011fu kadar dijital y\u00f6n\u00fcyle de \u00f6rnek bir destinasyon modeli olu\u015fturuyor.<\/p>\n","protected":false},"excerpt":{"rendered":"<p>Mersin B\u00fcy\u00fck\u015fehir Belediyesi, tarihi ve k\u00fclt\u00fcrel mirasa sahip \u00e7\u0131kmay\u0131 s\u00fcrd\u00fcr\u00fcyor. Antik Kilikya co\u011frafyas\u0131n\u0131 kapsayan ve Tarsus&#8217;tan Ye\u015filovac\u0131k&#8217;a kadar uzanan yakla\u015f\u0131k 550 kilometrelik&nbsp;&#8216;Tarihi Kilikya Yolu Projesi&#8217;&nbsp;tamamland\u0131. Projenin lansman\u0131, Mersin B\u00fcy\u00fck\u015fehir Belediye Ba\u015fkan\u0131 Vahap Se\u00e7er&#8217;in de kat\u0131l\u0131m\u0131yla ger\u00e7ekle\u015ftirildi ve 550 kilometrelik Tarihi Kilikya Yolu, Lansman ile birlikte y\u00fcr\u00fcy\u00fc\u015fe a\u00e7\u0131lm\u0131\u015f oldu. Bu g\u00fczerg\u00e2hta y\u00fcr\u00fcyenler, antik yerle\u015fimlerin atmosferinde ge\u00e7mi\u015fi [&hellip;]<\/p>\n","protected":false},"author":2,"featured_media":42686,"comment_status":"closed","ping_status":"closed","sticky":false,"template":"","format":"standard","meta":{"footnotes":""},"categories":[7,10],"tags":[],"class_list":["post-42685","post","type-post","status-publish","format-standard","has-post-thumbnail","hentry","category-dunya","category-spor"],"views":7,"_links":{"self":[{"href":"https:\/\/mersinkadingazetesi.com\/index.php?rest_route=\/wp\/v2\/posts\/42685"}],"collection":[{"href":"https:\/\/mersinkadingazetesi.com\/index.php?rest_route=\/wp\/v2\/posts"}],"about":[{"href":"https:\/\/mersinkadingazetesi.com\/index.php?rest_route=\/wp\/v2\/types\/post"}],"author":[{"embeddable":true,"href":"https:\/\/mersinkadingazetesi.com\/index.php?rest_route=\/wp\/v2\/users\/2"}],"replies":[{"embeddable":true,"href":"https:\/\/mersinkadingazetesi.com\/index.php?rest_route=%2Fwp%2Fv2%2Fcomments&post=42685"}],"version-history":[{"count":1,"href":"https:\/\/mersinkadingazetesi.com\/index.php?rest_route=\/wp\/v2\/posts\/42685\/revisions"}],"predecessor-version":[{"id":42687,"href":"https:\/\/mersinkadingazetesi.com\/index.php?rest_route=\/wp\/v2\/posts\/42685\/revisions\/42687"}],"wp:featuredmedia":[{"embeddable":true,"href":"https:\/\/mersinkadingazetesi.com\/index.php?rest_route=\/wp\/v2\/media\/42686"}],"wp:attachment":[{"href":"https:\/\/mersinkadingazetesi.com\/index.php?rest_route=%2Fwp%2Fv2%2Fmedia&parent=42685"}],"wp:term":[{"taxonomy":"category","embeddable":true,"href":"https:\/\/mersinkadingazetesi.com\/index.php?rest_route=%2Fwp%2Fv2%2Fcategories&post=42685"},{"taxonomy":"post_tag","embeddable":true,"href":"https:\/\/mersinkadingazetesi.com\/index.php?rest_route=%2Fwp%2Fv2%2Ftags&post=42685"}],"curies":[{"name":"wp","href":"https:\/\/api.w.org\/{rel}","templated":true}]}}