{"id":42691,"date":"2025-05-17T20:29:29","date_gmt":"2025-05-17T17:29:29","guid":{"rendered":"https:\/\/mersinkadingazetesi.com\/?p=42691"},"modified":"2025-05-17T20:29:29","modified_gmt":"2025-05-17T17:29:29","slug":"kiremithaneli-yurttaslar-baskan-secerden-duyduklari-memnuniyeti-anlatti","status":"publish","type":"post","link":"https:\/\/mersinkadingazetesi.com\/?p=42691","title":{"rendered":"K\u0130REM\u0130THANEL\u0130 YURTTA\u015eLAR, BA\u015eKAN SE\u00c7ER&#8217;DEN DUYDUKLARI MEMNUN\u0130YET\u0130 ANLATTI"},"content":{"rendered":"\n<p>Halk\u00e7\u0131 bir anlay\u0131\u015fla, halka dokunan hizmetler \u00fcreten ve s\u0131k s\u0131k yurtta\u015flarla bir araya gelerek pazar ziyaretleri yapan Mersin B\u00fcy\u00fck\u015fehir Belediye Ba\u015fkan\u0131 Vahap Se\u00e7er, bu kez de Akdeniz \u0130l\u00e7esi Kiremithane Mahallesi Pazar Yeri&#8217;ni ziyaret etti.<\/p>\n\n\n\n<p>Pazar ziyaretinde Ba\u015fkan Se\u00e7er&#8217;e; Cumhuriyet Halk Partisi (CHP) Akdeniz \u0130l\u00e7e Ba\u015fkan\u0131 Semih Palamut, Mersin Pazarc\u0131lar Odas\u0131 Ba\u015fkan\u0131 Abd\u00fclhalim Batur, CHP Mersin \u0130l Gen\u00e7lik Kollar\u0131 Ba\u015fkan\u0131 Okan Kaya, Kiremithane Mahalle Muhtar\u0131 Do\u011fan Bilyeli, Meclis \u00fcyeleri ve Mersin B\u00fcy\u00fck\u015fehir Belediyesi ile MESK\u0130 b\u00fcrokratlar\u0131 e\u015flik etti.<\/p>\n\n\n\n<p><strong>Se\u00e7er&#8217;den;&nbsp;<em>&#8216;Se\u00e7imler i\u00e7in de\u011fil, halk i\u00e7in hizmet&#8217;<\/em>&nbsp;vurgusu<\/strong><\/p>\n\n\n\n<p>Ba\u015fkan Se\u00e7er pazar yeri giri\u015finde \u00e7i\u00e7eklerle ve pazarc\u0131 esnaf\u0131 ile vatanda\u015flar\u0131n co\u015fkusu ile kar\u015f\u0131land\u0131. Pazarc\u0131 esnaf\u0131na;<strong>&nbsp;&#8220;Hay\u0131rl\u0131 i\u015fler&#8221;<\/strong>&nbsp;dileyen Se\u00e7er, yurtta\u015flar\u0131n da taleplerini tek tek dinledi ve b\u00fcrokratlara not ald\u0131rd\u0131. Se\u00e7er&#8217;e,&nbsp;<strong>&#8220;Sizden \u00e7ok memnunuz. Sa\u011fl\u0131kl\u0131 g\u00fcnler, iyi i\u015fler&#8221;<\/strong>&nbsp;\u015feklinde g\u00fczel dileklerde bulunan yurtta\u015flar, \u00fclkede ya\u015fanan ekonomik kriz ve hayat pahal\u0131l\u0131\u011f\u0131 hakk\u0131nda da s\u0131k\u0131nt\u0131lar\u0131n\u0131 dile getirdi. Yurtta\u015flar,&nbsp;<strong>&#8220;Nas\u0131l ge\u00e7inece\u011fiz? Pazar\u0131 geziyoruz hi\u00e7bir \u015fey alam\u0131yoruz&#8221;<\/strong>&nbsp;dediler. Ba\u015fkan Se\u00e7er&#8217;e;&nbsp;<strong>&#8220;\u0130yi ki vars\u0131n\u0131z&#8221;<\/strong>&nbsp;diyerek, sa\u011fl\u0131kl\u0131 ve g\u00fczel \u00f6m\u00fcrler de dileyen yurtta\u015flar, hizmetlerden duyduklar\u0131 memnuniyeti ifade edip, Se\u00e7er&#8217;i alk\u0131\u015flad\u0131lar. Yurtta\u015flar ayr\u0131ca,&nbsp;<strong>&#8220;Ba\u015fkan\u0131m yar\u0131n se\u00e7im var gibi \u00e7al\u0131\u015f\u0131yorsun. Seni tebrik ederim&#8221;<\/strong>&nbsp;dedi. Se\u00e7er de se\u00e7im i\u00e7in de\u011fil halk i\u00e7in \u00e7al\u0131\u015ft\u0131\u011f\u0131n\u0131 vurgulad\u0131.<\/p>\n\n\n\n<p><strong>Mersin halk\u0131 Ba\u015fkan&#8217;\u0131n\u0131n yan\u0131nda<\/strong><\/p>\n\n\n\n<p>Se\u00e7er&#8217;i kar\u015f\u0131lar\u0131nda g\u00f6rmekten duygular\u0131 mutlulu\u011fu ifade eden yurtta\u015flar, Se\u00e7er&#8217;e olan sevgilerini g\u00f6sterdiler. Yurtta\u015flar;&nbsp;<strong>&#8220;B\u00fct\u00fcn yapt\u0131\u011f\u0131n\u0131z hizmetlerden ve sizin gibi ba\u015fkanlardan \u00e7ok memnunuz. Seni \u00e7ok seviyoruz. Ba\u015fkan\u0131m her zaman yan\u0131nday\u0131z&#8221;<\/strong>&nbsp;s\u00f6zlerini kullanarak, Se\u00e7er&#8217;in hep halk\u0131n i\u00e7inde olmas\u0131ndan dolay\u0131 duyduklar\u0131 mutlulu\u011fu anlatt\u0131lar.<\/p>\n\n\n\n<p>Ziyarette pazarc\u0131 esnaf\u0131 taraf\u0131ndan Ba\u015fkan Se\u00e7er&#8217;e ikramlar da yap\u0131ld\u0131. Ziyarette ayr\u0131ca; B\u00fcy\u00fck\u015fehir personeli taraf\u0131ndan vatanda\u015flara pazar \u00e7antas\u0131, mutfak \u00f6nl\u00fc\u011f\u00fc ve B\u00fcy\u00fck\u015fehir&#8217;in hizmetlerinin yaz\u0131l\u0131 oldu\u011fu bro\u015f\u00fcr ile \u00e7ocuklara da oyuncak da\u011f\u0131t\u0131m\u0131 yap\u0131ld\u0131.<\/p>\n\n\n\n<p><strong>Se\u00e7er, Silifke Caddesi&#8217;nde esnaf ziyareti yapt\u0131<\/strong><\/p>\n\n\n\n<p>Pazar ziyareti sonras\u0131nda Silifke Caddesi esnaf\u0131n\u0131 da ziyaret eden ve al\u0131\u015fveri\u015f yapan yurtta\u015flarla sohbet edip, taleplerini dinleyen Se\u00e7er, yurtta\u015flardan gelen talepleri not ald\u0131rmas\u0131n\u0131n ayn\u0131 s\u0131ra; b\u00fct\u00fcn talepleri ALO 185 ve Teksin \u00fczerinden B\u00fcy\u00fck\u015fehir&#8217;e iletebileceklerini de ifade etti.<\/p>\n\n\n\n<p><strong>Se\u00e7er, Tarihi Hadra Hamam\u0131&#8217;n\u0131 gezdi, Kiremithane Mahalle Muhtarl\u0131\u011f\u0131&#8217;n\u0131 ziyaret etti<\/strong><\/p>\n\n\n\n<p>Se\u00e7er daha sonras\u0131nda Hadra Hamam\u0131 i\u00e7erisinde yer alan Kiremithane Mahalle Muhtarl\u0131\u011f\u0131&#8217;n\u0131 ziyaret etti. Muhtar Bilyeli ve Kiremithane mahalle halk\u0131 ile bir araya gelen Se\u00e7er&#8217;e mahalleliler;&nbsp;<strong>&#8220;Sizler i\u00e7in bir tane k\u00f6t\u00fc s\u00f6z s\u00f6yleyen duymad\u0131k, zaten s\u00f6yletmeyiz de. Sizden \u00e7ok memnunuz&#8221;<\/strong>&nbsp;dediler. Mahalle halk\u0131 ve Muhtar Bilyeli, B\u00fcy\u00fck\u015fehir&#8217;in \u00e7al\u0131\u015fmalar\u0131 i\u00e7in de Se\u00e7er&#8217;e ve b\u00fcrokratlara te\u015fekk\u00fcr etti. \u0130yi bir kent idarecisinin Se\u00e7er gibi olmas\u0131 gerekti\u011finin de vurgusunu yapan mahalle halk\u0131;&nbsp;<strong>&#8220;Herkes seni \u00f6rnek als\u0131n&#8221;<\/strong>&nbsp;diyerek, B\u00fcy\u00fck\u015fehir&#8217;in hizmetleri i\u00e7in te\u015fekk\u00fcr etti.<\/p>\n\n\n\n<p>Muhtarl\u0131k ziyaretinde Kiremithane Mahallesi sakinlerinden Cemil Sonerler de Se\u00e7er i\u00e7in T\u00fcrk Sanat M\u00fczi\u011fi bir par\u00e7a seslendirdi. Se\u00e7er son olarak ise Tarihi Hadra Hamam\u0131&#8217;n\u0131 gezdi, muhtardan yap\u0131 hakk\u0131nda bilgiler ald\u0131.<\/p>\n","protected":false},"excerpt":{"rendered":"<p>Halk\u00e7\u0131 bir anlay\u0131\u015fla, halka dokunan hizmetler \u00fcreten ve s\u0131k s\u0131k yurtta\u015flarla bir araya gelerek pazar ziyaretleri yapan Mersin B\u00fcy\u00fck\u015fehir Belediye Ba\u015fkan\u0131 Vahap Se\u00e7er, bu kez de Akdeniz \u0130l\u00e7esi Kiremithane Mahallesi Pazar Yeri&#8217;ni ziyaret etti. Pazar ziyaretinde Ba\u015fkan Se\u00e7er&#8217;e; Cumhuriyet Halk Partisi (CHP) Akdeniz \u0130l\u00e7e Ba\u015fkan\u0131 Semih Palamut, Mersin Pazarc\u0131lar Odas\u0131 Ba\u015fkan\u0131 Abd\u00fclhalim Batur, CHP Mersin [&hellip;]<\/p>\n","protected":false},"author":2,"featured_media":42692,"comment_status":"closed","ping_status":"closed","sticky":false,"template":"","format":"standard","meta":{"footnotes":""},"categories":[3],"tags":[],"class_list":["post-42691","post","type-post","status-publish","format-standard","has-post-thumbnail","hentry","category-manset"],"views":3,"_links":{"self":[{"href":"https:\/\/mersinkadingazetesi.com\/index.php?rest_route=\/wp\/v2\/posts\/42691"}],"collection":[{"href":"https:\/\/mersinkadingazetesi.com\/index.php?rest_route=\/wp\/v2\/posts"}],"about":[{"href":"https:\/\/mersinkadingazetesi.com\/index.php?rest_route=\/wp\/v2\/types\/post"}],"author":[{"embeddable":true,"href":"https:\/\/mersinkadingazetesi.com\/index.php?rest_route=\/wp\/v2\/users\/2"}],"replies":[{"embeddable":true,"href":"https:\/\/mersinkadingazetesi.com\/index.php?rest_route=%2Fwp%2Fv2%2Fcomments&post=42691"}],"version-history":[{"count":1,"href":"https:\/\/mersinkadingazetesi.com\/index.php?rest_route=\/wp\/v2\/posts\/42691\/revisions"}],"predecessor-version":[{"id":42693,"href":"https:\/\/mersinkadingazetesi.com\/index.php?rest_route=\/wp\/v2\/posts\/42691\/revisions\/42693"}],"wp:featuredmedia":[{"embeddable":true,"href":"https:\/\/mersinkadingazetesi.com\/index.php?rest_route=\/wp\/v2\/media\/42692"}],"wp:attachment":[{"href":"https:\/\/mersinkadingazetesi.com\/index.php?rest_route=%2Fwp%2Fv2%2Fmedia&parent=42691"}],"wp:term":[{"taxonomy":"category","embeddable":true,"href":"https:\/\/mersinkadingazetesi.com\/index.php?rest_route=%2Fwp%2Fv2%2Fcategories&post=42691"},{"taxonomy":"post_tag","embeddable":true,"href":"https:\/\/mersinkadingazetesi.com\/index.php?rest_route=%2Fwp%2Fv2%2Ftags&post=42691"}],"curies":[{"name":"wp","href":"https:\/\/api.w.org\/{rel}","templated":true}]}}