{"id":42695,"date":"2025-05-18T10:52:22","date_gmt":"2025-05-18T07:52:22","guid":{"rendered":"https:\/\/mersinkadingazetesi.com\/?p=42695"},"modified":"2025-05-18T10:52:22","modified_gmt":"2025-05-18T07:52:22","slug":"dulger-bu-etkinlikler-ozguvenlerinin-artmasina-yardimci-oluyor","status":"publish","type":"post","link":"https:\/\/mersinkadingazetesi.com\/?p=42695","title":{"rendered":"D\u00fclger: &#8220;Bu etkinlikler, \u00f6zg\u00fcvenlerinin artmas\u0131na yard\u0131mc\u0131 oluyor&#8221;\u00a0"},"content":{"rendered":"\n<p>Mersin B\u00fcy\u00fck\u015fehir Belediyesi,&nbsp;<strong>&#8217;10-16 May\u0131s Engelliler Haftas\u0131&#8217;<\/strong>&nbsp;kapsam\u0131nda \u00f6zel gereksinimli bireyler i\u00e7in anlaml\u0131 bir etkinlik daha d\u00fczenledi. Sa\u011fl\u0131k \u0130\u015fleri Dairesi Ba\u015fkanl\u0131\u011f\u0131 koordinesinde d\u00fczenlenen&nbsp;<strong>&#8216;U\u00e7urtma At\u00f6lyesi&#8217;<\/strong>, \u00f6zel gereksinimli bireyler ve ailelerinin kat\u0131l\u0131m\u0131yla sahilde yer alan B\u00fcy\u00fck\u015fehir Belediyesi Etkinlik ve Sanat Merkezi&#8217;nde ger\u00e7ekle\u015ftirildi.<\/p>\n\n\n\n<p><strong>Rengarenk u\u00e7urtmalar g\u00f6ky\u00fcz\u00fcn\u00fc s\u00fcsledi<\/strong><\/p>\n\n\n\n<p>B\u00fcy\u00fck\u015fehir Belediyesi, toplumun her kesimini kapsayan sosyal etkinlikleriyle bireylerin sosyal ya\u015fama aktif kat\u0131l\u0131m\u0131n\u0131 desteklemeye devam ediyor. Engelliler Haftas\u0131 kapsam\u0131nda d\u00fczenlenen etkinlikler ise, \u00f6zel bireylerin toplumsal ya\u015fama daha g\u00fc\u00e7l\u00fc \u015fekilde kat\u0131lmalar\u0131na katk\u0131 sunuyor. Bunlardan birisi olan u\u00e7urtma etkinli\u011finde de \u00f6zel gereksinimli bireyler ve aileleri bir araya gelerek, u\u00e7urtmalar\u0131n\u0131 kendi elleriyle s\u00fcsledi. Renkli g\u00f6r\u00fcnt\u00fclere sahne olan at\u00f6lye, kat\u0131l\u0131mc\u0131lar\u0131n hem el becerilerini geli\u015ftirmesine hem de keyifli vakit ge\u00e7irmesine olanak sa\u011flad\u0131. At\u00f6lye sonunda \u00e7ocuklar ve aileler, u\u00e7urtmalar\u0131n\u0131 sahilde g\u00fczel havada \u00f6zg\u00fcrce g\u00f6ky\u00fcz\u00fcyle bulu\u015fturdu.<\/p>\n\n\n\n<p><strong>D\u00fclger: &#8220;Bu etkinlikler, \u00f6zg\u00fcvenlerinin artmas\u0131na yard\u0131mc\u0131 oluyor&#8221;&nbsp;<\/strong><\/p>\n\n\n\n<p>Sa\u011fl\u0131k \u0130\u015fleri Dairesi&#8217;ne ba\u011fl\u0131 Mola Evi Sorumlusu Psikolog Ezgi D\u00fclger, Engelliler Haftas\u0131 kapsam\u0131nda hem fark\u0131ndal\u0131klar\u0131 art\u0131rmak, hem de \u00f6zel gereksinimli bireyleri sosyal hayata adapte etmek ama\u00e7l\u0131 bir\u00e7ok etkinlik yapt\u0131klar\u0131n\u0131 anlatarak,<strong>&nbsp;&#8220;Bug\u00fcn de&nbsp;<em>&#8216;U\u00e7urtma At\u00f6lyesi&#8217;<\/em>&nbsp;yapt\u0131k. U\u00e7urtmalar\u0131m\u0131z\u0131 s\u00fcsledik, \u00fczerine isimlerini yazd\u0131k ve u\u00e7urduk. \u00c7ok mutlu oldular. Aileler de onlarla beraber \u00e7ok mutlu oluyorlar. Bu etkinlikler onlar\u0131n hem kendilerini iyi hissetmelerini sa\u011fl\u0131yor, hem de \u00f6zg\u00fcvenlerinin artmas\u0131na yard\u0131mc\u0131 oluyor&#8221;&nbsp;<\/strong>dedi.<\/p>\n\n\n\n<p><strong>Etkinlikte hem \u00f6zel bireyler, hem de aileleri e\u011flendi<\/strong><\/p>\n\n\n\n<p>\u00d6zel bireylerden Abdullah \u00d6zdemir,&nbsp;<strong>&#8220;Bug\u00fcn sahile geldim. U\u00e7urtma u\u00e7uruyorum. \u00c7ok e\u011flenceli. U\u00e7urtmam\u0131 da s\u00fcsledim. G\u00f6ky\u00fcz\u00fcne u\u00e7urdum&#8221;&nbsp;<\/strong>diye konu\u015ftu.<\/p>\n\n\n\n<p>Alibaba D\u00f6nmez,&nbsp;<strong>&#8220;U\u00e7urtma u\u00e7urdum. Buras\u0131 \u00e7ok g\u00fczel. Sahil \u00e7ok g\u00fczel. U\u00e7urtmam g\u00f6ky\u00fcz\u00fcne ula\u015ft\u0131. O y\u00fczden \u00e7ok mutluyum&#8221;&nbsp;<\/strong>derken,minik Zelal Y\u0131lmaz,&nbsp;<strong>&#8220;U\u00e7urtma yapt\u0131k. S\u00fcsledim, \u00e7ok g\u00fczeldi&#8221;&nbsp;<\/strong>ifadelerine yer verdi.&nbsp;<\/p>\n\n\n\n<p>Esra \u0130\u015f\u00e7eviren,&nbsp;<strong>&#8220;\u00c7ok g\u00fczel ge\u00e7ti. U\u00e7urtma u\u00e7uruyoruz. U\u00e7urtmalar\u0131m\u0131z\u0131 s\u00fcsledik. \u00c7\u0131kartmalar yap\u0131\u015ft\u0131rd\u0131k. G\u00f6klere do\u011fru u\u00e7urdum. \u00c7ok g\u00fczel bir g\u00fcnd\u00fc&#8221;<\/strong>&nbsp;dedi.<\/p>\n\n\n\n<p>Velilerden G\u00fclizar \u00d6zdemir, B\u00fcy\u00fck\u015fehir&#8217;in etkinliklerinden \u00e7ok memnun oldu\u011funu belirterek,&nbsp;<strong>&#8220;Ba\u015fkan\u0131m\u0131z Vahap Se\u00e7er&#8217;e \u00e7ok te\u015fekk\u00fcr ederim. \u00c7ocuklar\u0131m\u0131z \u00e7ok e\u011fleniyor, onlar\u0131n sayesinde biz de e\u011fleniyoruz. Normalde farkl\u0131 yerlere \u00e7ocuklar\u0131 \u00e7ok g\u00f6t\u00fcremiyoruz. Hep beraber topluca e\u011flenmi\u015f oluyoruz. \u00c7ok g\u00fczel bir u\u00e7urtma etkinli\u011fimiz oldu. E\u011flendiler, oynad\u0131lar. B\u00fct\u00fcn etkinliklere kat\u0131ld\u0131k. Hepsi \u00e7ok g\u00fczel ge\u00e7ti&#8221;&nbsp;<\/strong>diye konu\u015ftu.<\/p>\n\n\n\n<p>Zehra \u0130\u015f\u00e7eviren de k\u0131z\u0131n\u0131n ilk kez u\u00e7urtma u\u00e7urdu\u011funu s\u00f6yleyerek,&nbsp;<strong>&#8220;G\u00fczel, e\u011flenceli ge\u00e7ti. \u00c7ocuklar sevindi. Esra ilk kez u\u00e7urtma u\u00e7uruyor. Engelleri a\u015fan bu etkinliklerden \u00e7ok memnun oluyoruz&#8221;&nbsp;<\/strong>ifadelerine yer verdi.<\/p>\n","protected":false},"excerpt":{"rendered":"<p>Mersin B\u00fcy\u00fck\u015fehir Belediyesi,&nbsp;&#8217;10-16 May\u0131s Engelliler Haftas\u0131&#8217;&nbsp;kapsam\u0131nda \u00f6zel gereksinimli bireyler i\u00e7in anlaml\u0131 bir etkinlik daha d\u00fczenledi. Sa\u011fl\u0131k \u0130\u015fleri Dairesi Ba\u015fkanl\u0131\u011f\u0131 koordinesinde d\u00fczenlenen&nbsp;&#8216;U\u00e7urtma At\u00f6lyesi&#8217;, \u00f6zel gereksinimli bireyler ve ailelerinin kat\u0131l\u0131m\u0131yla sahilde yer alan B\u00fcy\u00fck\u015fehir Belediyesi Etkinlik ve Sanat Merkezi&#8217;nde ger\u00e7ekle\u015ftirildi. Rengarenk u\u00e7urtmalar g\u00f6ky\u00fcz\u00fcn\u00fc s\u00fcsledi B\u00fcy\u00fck\u015fehir Belediyesi, toplumun her kesimini kapsayan sosyal etkinlikleriyle bireylerin sosyal ya\u015fama aktif kat\u0131l\u0131m\u0131n\u0131 [&hellip;]<\/p>\n","protected":false},"author":2,"featured_media":42696,"comment_status":"closed","ping_status":"closed","sticky":false,"template":"","format":"standard","meta":{"footnotes":""},"categories":[3],"tags":[],"class_list":["post-42695","post","type-post","status-publish","format-standard","has-post-thumbnail","hentry","category-manset"],"views":3,"_links":{"self":[{"href":"https:\/\/mersinkadingazetesi.com\/index.php?rest_route=\/wp\/v2\/posts\/42695"}],"collection":[{"href":"https:\/\/mersinkadingazetesi.com\/index.php?rest_route=\/wp\/v2\/posts"}],"about":[{"href":"https:\/\/mersinkadingazetesi.com\/index.php?rest_route=\/wp\/v2\/types\/post"}],"author":[{"embeddable":true,"href":"https:\/\/mersinkadingazetesi.com\/index.php?rest_route=\/wp\/v2\/users\/2"}],"replies":[{"embeddable":true,"href":"https:\/\/mersinkadingazetesi.com\/index.php?rest_route=%2Fwp%2Fv2%2Fcomments&post=42695"}],"version-history":[{"count":1,"href":"https:\/\/mersinkadingazetesi.com\/index.php?rest_route=\/wp\/v2\/posts\/42695\/revisions"}],"predecessor-version":[{"id":42697,"href":"https:\/\/mersinkadingazetesi.com\/index.php?rest_route=\/wp\/v2\/posts\/42695\/revisions\/42697"}],"wp:featuredmedia":[{"embeddable":true,"href":"https:\/\/mersinkadingazetesi.com\/index.php?rest_route=\/wp\/v2\/media\/42696"}],"wp:attachment":[{"href":"https:\/\/mersinkadingazetesi.com\/index.php?rest_route=%2Fwp%2Fv2%2Fmedia&parent=42695"}],"wp:term":[{"taxonomy":"category","embeddable":true,"href":"https:\/\/mersinkadingazetesi.com\/index.php?rest_route=%2Fwp%2Fv2%2Fcategories&post=42695"},{"taxonomy":"post_tag","embeddable":true,"href":"https:\/\/mersinkadingazetesi.com\/index.php?rest_route=%2Fwp%2Fv2%2Ftags&post=42695"}],"curies":[{"name":"wp","href":"https:\/\/api.w.org\/{rel}","templated":true}]}}