{"id":42698,"date":"2025-05-18T10:53:22","date_gmt":"2025-05-18T07:53:22","guid":{"rendered":"https:\/\/mersinkadingazetesi.com\/?p=42698"},"modified":"2025-05-18T10:53:22","modified_gmt":"2025-05-18T07:53:22","slug":"mezitli-belediye-baskani-ahmet-serkan-tuncerden-19-mayis-kutlama-mesaji","status":"publish","type":"post","link":"https:\/\/mersinkadingazetesi.com\/?p=42698","title":{"rendered":"MEZ\u0130TL\u0130 BELED\u0130YE BA\u015eKANI AHMET SERKAN TUNCER&#8217;DEN 19 MAYIS KUTLAMA MESAJI"},"content":{"rendered":"\n<p>Mezitli Belediye Ba\u015fkan\u0131 Ahmet Serkan Tuncer, 19 May\u0131s Atat\u00fcrk&#8217;\u00fc Anma, Gen\u00e7lik ve Spor Bayram\u0131 dolay\u0131s\u0131yla bir kutlama mesaj\u0131 yay\u0131nlad\u0131. Ba\u015fkan Tuncer mesaj\u0131nda, 19 May\u0131s 1919&#8217;un ba\u011f\u0131ms\u0131zl\u0131k ve egemenlik m\u00fccadelesinin ilk ad\u0131m\u0131 oldu\u011funu vurgulayarak \u015funlar\u0131 s\u00f6yledi:<\/p>\n\n\n\n<p>&#8220;De\u011ferli Mezitli Ailem, Sevgili Gen\u00e7ler;<\/p>\n\n\n\n<p>Gazi Mustafa Kemal Atat\u00fcrk&#8217;\u00fcn &#8216;Tam ba\u011f\u0131ms\u0131z T\u00fcrkiye&#8217; hedefiyle Samsun&#8217;a \u00e7\u0131karak yakt\u0131\u011f\u0131 kurtulu\u015f me\u015falesinin 106. y\u0131l d\u00f6n\u00fcm\u00fcn\u00fc gurur ve co\u015fkuyla kutluyoruz. 19 May\u0131s; \u00f6zg\u00fcrl\u00fc\u011fe, demokrasiye ve Cumhuriyetimize uzanan b\u00fcy\u00fck y\u00fcr\u00fcy\u00fc\u015f\u00fcn ba\u015flang\u0131c\u0131, milletimizin dirili\u015finin simgesidir.<\/p>\n\n\n\n<p>Bu anlaml\u0131 g\u00fcnde, bizler de Kuvay\u0131milliye&#8217;nin evlatlar\u0131 ve Mustafa Kemal&#8217;in izinden gidenler olarak, Mezitli&#8217;de milli haf\u0131zam\u0131z\u0131 canl\u0131 tutmaya devam edece\u011fiz. 19 May\u0131s Atat\u00fcrk&#8217;\u00fc Anma, Gen\u00e7lik ve Spor Bayram\u0131m\u0131z da d\u00e2hil olmak \u00fczere t\u00fcm milli de\u011ferlerimizi kararl\u0131l\u0131kla sahiplenip, g\u00fczel yar\u0131nlar\u0131 gen\u00e7lerimizle birlikte in\u015fa edece\u011fiz.<\/p>\n\n\n\n<p>Bu vesileyle ba\u015fta B\u00fcy\u00fck \u00d6nderimiz Gazi Mustafa Kemal Atat\u00fcrk olmak \u00fczere, vatan u\u011fruna can veren t\u00fcm kahramanlar\u0131m\u0131z\u0131 rahmet, minnet ve sayg\u0131yla an\u0131yor; 19 May\u0131s Atat\u00fcrk&#8217;\u00fc Anma, Gen\u00e7lik ve Spor Bayram\u0131m\u0131z\u0131 en i\u00e7ten dileklerimle kutluyorum. Milli birlik ve beraberli\u011fimiz daim olsun.&#8221;<\/p>\n","protected":false},"excerpt":{"rendered":"<p>Mezitli Belediye Ba\u015fkan\u0131 Ahmet Serkan Tuncer, 19 May\u0131s Atat\u00fcrk&#8217;\u00fc Anma, Gen\u00e7lik ve Spor Bayram\u0131 dolay\u0131s\u0131yla bir kutlama mesaj\u0131 yay\u0131nlad\u0131. Ba\u015fkan Tuncer mesaj\u0131nda, 19 May\u0131s 1919&#8217;un ba\u011f\u0131ms\u0131zl\u0131k ve egemenlik m\u00fccadelesinin ilk ad\u0131m\u0131 oldu\u011funu vurgulayarak \u015funlar\u0131 s\u00f6yledi: &#8220;De\u011ferli Mezitli Ailem, Sevgili Gen\u00e7ler; Gazi Mustafa Kemal Atat\u00fcrk&#8217;\u00fcn &#8216;Tam ba\u011f\u0131ms\u0131z T\u00fcrkiye&#8217; hedefiyle Samsun&#8217;a \u00e7\u0131karak yakt\u0131\u011f\u0131 kurtulu\u015f me\u015falesinin 106. y\u0131l [&hellip;]<\/p>\n","protected":false},"author":2,"featured_media":42699,"comment_status":"closed","ping_status":"closed","sticky":false,"template":"","format":"standard","meta":{"footnotes":""},"categories":[3],"tags":[],"class_list":["post-42698","post","type-post","status-publish","format-standard","has-post-thumbnail","hentry","category-manset"],"views":1,"_links":{"self":[{"href":"https:\/\/mersinkadingazetesi.com\/index.php?rest_route=\/wp\/v2\/posts\/42698"}],"collection":[{"href":"https:\/\/mersinkadingazetesi.com\/index.php?rest_route=\/wp\/v2\/posts"}],"about":[{"href":"https:\/\/mersinkadingazetesi.com\/index.php?rest_route=\/wp\/v2\/types\/post"}],"author":[{"embeddable":true,"href":"https:\/\/mersinkadingazetesi.com\/index.php?rest_route=\/wp\/v2\/users\/2"}],"replies":[{"embeddable":true,"href":"https:\/\/mersinkadingazetesi.com\/index.php?rest_route=%2Fwp%2Fv2%2Fcomments&post=42698"}],"version-history":[{"count":1,"href":"https:\/\/mersinkadingazetesi.com\/index.php?rest_route=\/wp\/v2\/posts\/42698\/revisions"}],"predecessor-version":[{"id":42700,"href":"https:\/\/mersinkadingazetesi.com\/index.php?rest_route=\/wp\/v2\/posts\/42698\/revisions\/42700"}],"wp:featuredmedia":[{"embeddable":true,"href":"https:\/\/mersinkadingazetesi.com\/index.php?rest_route=\/wp\/v2\/media\/42699"}],"wp:attachment":[{"href":"https:\/\/mersinkadingazetesi.com\/index.php?rest_route=%2Fwp%2Fv2%2Fmedia&parent=42698"}],"wp:term":[{"taxonomy":"category","embeddable":true,"href":"https:\/\/mersinkadingazetesi.com\/index.php?rest_route=%2Fwp%2Fv2%2Fcategories&post=42698"},{"taxonomy":"post_tag","embeddable":true,"href":"https:\/\/mersinkadingazetesi.com\/index.php?rest_route=%2Fwp%2Fv2%2Ftags&post=42698"}],"curies":[{"name":"wp","href":"https:\/\/api.w.org\/{rel}","templated":true}]}}