{"id":42701,"date":"2025-05-18T11:50:31","date_gmt":"2025-05-18T08:50:31","guid":{"rendered":"https:\/\/mersinkadingazetesi.com\/?p=42701"},"modified":"2025-05-18T11:50:31","modified_gmt":"2025-05-18T08:50:31","slug":"toroslar-belediye-baskani-abdurrahman-yildizdan-19-mayis-mesaji","status":"publish","type":"post","link":"https:\/\/mersinkadingazetesi.com\/?p=42701","title":{"rendered":"TOROSLAR BELED\u0130YE BA\u015eKANI ABDURRAHMAN YILDIZ&#8217;DAN 19 MAYIS MESAJI"},"content":{"rendered":"\n<p>Toroslar Belediye Ba\u015fkan\u0131 Abdurrahman Y\u0131ld\u0131z, 19 May\u0131s Atat\u00fcrk&#8217;\u00fc Anma, Gen\u00e7lik ve Spor Bayram\u0131&#8217;n\u0131n 106&#8217;\u0131nc\u0131 y\u0131l d\u00f6n\u00fcm\u00fc dolay\u0131s\u0131yla bir kutlama mesaj\u0131 yay\u0131mlad\u0131. Y\u0131ld\u0131z, &#8220;Atat\u00fcrk&#8217;\u00fcn bu anlaml\u0131 g\u00fcn\u00fc gen\u00e7li\u011fe emanet etmesi, gelece\u011fe olan inanc\u0131n\u0131n en g\u00fczel g\u00f6stergesidir. Bizler de bu emanete sahip \u00e7\u0131kmak, Cumhuriyetimizi demokrasiyle ta\u00e7land\u0131rmak ve gen\u00e7lerimize ayd\u0131nl\u0131k bir gelecek sunmak i\u00e7in var g\u00fcc\u00fcm\u00fczle \u00e7al\u0131\u015f\u0131yoruz&#8221; dedi.<\/p>\n\n\n\n<p>Ba\u015fkan Y\u0131ld\u0131z, mesaj\u0131nda \u015fu ifadelere yer verdi:<\/p>\n\n\n\n<p>&#8220;De\u011ferli Hem\u015fehrilerim, K\u0131ymetli gen\u00e7ler,<\/p>\n\n\n\n<p>19 May\u0131s 1919, milletimizin ba\u011f\u0131ms\u0131zl\u0131k yolunda att\u0131\u011f\u0131 en b\u00fcy\u00fck ad\u0131m\u0131n tarihidir. Gazi Mustafa Kemal Atat\u00fcrk&#8217;\u00fcn Samsun&#8217;a \u00e7\u0131karak ba\u015flatt\u0131\u011f\u0131 Kurtulu\u015f M\u00fccadelesi, ayn\u0131 zamanda halk\u0131n iradesine dayanan \u00e7a\u011fda\u015f bir Cumhuriyet&#8217;in m\u00fcjdecisidir.&nbsp;Atat\u00fcrk&#8217;\u00fcn bu anlaml\u0131 g\u00fcn\u00fc gen\u00e7li\u011fe emanet etmesi, gelece\u011fe olan inanc\u0131n\u0131n en g\u00fczel g\u00f6stergesidir. Bizler de bu emanete sahip \u00e7\u0131kmak, Cumhuriyetimizi demokrasiyle ta\u00e7land\u0131rmak ve gen\u00e7lerimize ayd\u0131nl\u0131k bir gelecek sunmak i\u00e7in var g\u00fcc\u00fcm\u00fczle \u00e7al\u0131\u015f\u0131yoruz. Atat\u00fcrk&#8217;\u00fcn &#8220;B\u00fct\u00fcn \u00fcmidim gen\u00e7liktedir&#8221; s\u00f6z\u00fcyle bizlere emanet etti\u011fi g\u00fcveni, daha ayd\u0131nl\u0131k bir gelece\u011fe ta\u015f\u0131makta kararl\u0131y\u0131z.&nbsp;Her bir gencimizin y\u00fcre\u011finde ta\u015f\u0131d\u0131\u011f\u0131 umut, bizlerin yolunu ayd\u0131nlat\u0131yor. Gen\u00e7lerin kararl\u0131l\u0131\u011f\u0131, azmi ve vizyonu, \u00fclkemizi daha da ileriye ta\u015f\u0131yacakt\u0131r. Bu yolda, gen\u00e7lerle omuz omuza y\u00fcr\u00fcmek, en b\u00fcy\u00fck gururumuzdur.&nbsp;Bug\u00fcn, Toroslar&#8217;da ve T\u00fcrkiye&#8217;nin d\u00f6rt bir yan\u0131nda; gen\u00e7lerin hayallerini b\u00fcy\u00fctebildi\u011fi, f\u0131rsat e\u015fitli\u011finin sa\u011fland\u0131\u011f\u0131, adil, \u00f6zg\u00fcr ve mutlu bir \u00fclke i\u00e7in birlikte m\u00fccadele ediyoruz. Bu m\u00fccadelede en b\u00fcy\u00fck g\u00fcc\u00fcm\u00fcz, gen\u00e7li\u011fin enerjisi ve Atat\u00fcrk&#8217;\u00fcn g\u00f6sterdi\u011fi yoldur.&nbsp;19 May\u0131s&nbsp;Atat\u00fcrk&#8217;\u00fc&nbsp;Anma, Gen\u00e7lik ve Spor Bayram\u0131m\u0131z kutlu olsun. Gazi Mustafa Kemal&nbsp;Atat\u00fcrk&#8217;\u00fc&nbsp;ve silah arkada\u015flar\u0131n\u0131 sayg\u0131, minnet ve rahmetle an\u0131yorum.&#8221;<\/p>\n","protected":false},"excerpt":{"rendered":"<p>Toroslar Belediye Ba\u015fkan\u0131 Abdurrahman Y\u0131ld\u0131z, 19 May\u0131s Atat\u00fcrk&#8217;\u00fc Anma, Gen\u00e7lik ve Spor Bayram\u0131&#8217;n\u0131n 106&#8217;\u0131nc\u0131 y\u0131l d\u00f6n\u00fcm\u00fc dolay\u0131s\u0131yla bir kutlama mesaj\u0131 yay\u0131mlad\u0131. Y\u0131ld\u0131z, &#8220;Atat\u00fcrk&#8217;\u00fcn bu anlaml\u0131 g\u00fcn\u00fc gen\u00e7li\u011fe emanet etmesi, gelece\u011fe olan inanc\u0131n\u0131n en g\u00fczel g\u00f6stergesidir. Bizler de bu emanete sahip \u00e7\u0131kmak, Cumhuriyetimizi demokrasiyle ta\u00e7land\u0131rmak ve gen\u00e7lerimize ayd\u0131nl\u0131k bir gelecek sunmak i\u00e7in var g\u00fcc\u00fcm\u00fczle \u00e7al\u0131\u015f\u0131yoruz&#8221; dedi. [&hellip;]<\/p>\n","protected":false},"author":2,"featured_media":42702,"comment_status":"closed","ping_status":"closed","sticky":false,"template":"","format":"standard","meta":{"footnotes":""},"categories":[3],"tags":[],"class_list":["post-42701","post","type-post","status-publish","format-standard","has-post-thumbnail","hentry","category-manset"],"views":1,"_links":{"self":[{"href":"https:\/\/mersinkadingazetesi.com\/index.php?rest_route=\/wp\/v2\/posts\/42701"}],"collection":[{"href":"https:\/\/mersinkadingazetesi.com\/index.php?rest_route=\/wp\/v2\/posts"}],"about":[{"href":"https:\/\/mersinkadingazetesi.com\/index.php?rest_route=\/wp\/v2\/types\/post"}],"author":[{"embeddable":true,"href":"https:\/\/mersinkadingazetesi.com\/index.php?rest_route=\/wp\/v2\/users\/2"}],"replies":[{"embeddable":true,"href":"https:\/\/mersinkadingazetesi.com\/index.php?rest_route=%2Fwp%2Fv2%2Fcomments&post=42701"}],"version-history":[{"count":1,"href":"https:\/\/mersinkadingazetesi.com\/index.php?rest_route=\/wp\/v2\/posts\/42701\/revisions"}],"predecessor-version":[{"id":42703,"href":"https:\/\/mersinkadingazetesi.com\/index.php?rest_route=\/wp\/v2\/posts\/42701\/revisions\/42703"}],"wp:featuredmedia":[{"embeddable":true,"href":"https:\/\/mersinkadingazetesi.com\/index.php?rest_route=\/wp\/v2\/media\/42702"}],"wp:attachment":[{"href":"https:\/\/mersinkadingazetesi.com\/index.php?rest_route=%2Fwp%2Fv2%2Fmedia&parent=42701"}],"wp:term":[{"taxonomy":"category","embeddable":true,"href":"https:\/\/mersinkadingazetesi.com\/index.php?rest_route=%2Fwp%2Fv2%2Fcategories&post=42701"},{"taxonomy":"post_tag","embeddable":true,"href":"https:\/\/mersinkadingazetesi.com\/index.php?rest_route=%2Fwp%2Fv2%2Ftags&post=42701"}],"curies":[{"name":"wp","href":"https:\/\/api.w.org\/{rel}","templated":true}]}}