{"id":42704,"date":"2025-05-18T11:52:32","date_gmt":"2025-05-18T08:52:32","guid":{"rendered":"https:\/\/mersinkadingazetesi.com\/?p=42704"},"modified":"2025-05-18T11:52:33","modified_gmt":"2025-05-18T08:52:33","slug":"asik-mahzuni-serif-mersin-cemevinde-anildi","status":"publish","type":"post","link":"https:\/\/mersinkadingazetesi.com\/?p=42704","title":{"rendered":"A\u015f\u0131k Mahzuni \u015eerif, Mersin Cemevi&#8217;nde An\u0131ld\u0131"},"content":{"rendered":"\n<p>A\u015f\u0131k Mahzuni \u015eerif&#8217;in Hakka y\u00fcr\u00fcy\u00fc\u015f\u00fcn\u00fcn 23. y\u0131l\u0131nda Mersin Cemevi anma program\u0131 d\u00fczenledi.<\/p>\n\n\n\n<p>Anma program\u0131 Mersin Cemevi \u0130nan\u00e7 Kurulu Ba\u015fkan\u0131 Erdo\u011fan Sevin Dede&#8217;nin okudu\u011fu gulbang ile ba\u015flad\u0131.<\/p>\n\n\n\n<p>Mersin Cemevi Ba\u015fkan\u0131 Pir Hasan K\u0131lavuz,&nbsp;&#8220;Anma program\u0131nda eme\u011fi ge\u00e7en ve katk\u0131s\u0131 olan t\u00fcm canlar\u0131m\u0131za te\u015fekk\u00fcr ederim.10 y\u0131l \u00f6nce etkinliklerimizi ve k\u00fclt\u00fcrel gecelerimizi ger\u00e7ekle\u015ftirebilece\u011fimiz Cem salonunu yapma dile\u011fim vard\u0131. Dileklerinizi y\u00fcrekten isterseniz ger\u00e7ekle\u015fir. Cem Salonunun en ba\u015f k\u00f6\u015felerinde A\u015f\u0131k Mahzuni \u015eerif&#8217;in, A\u015f\u0131k Veysel&#8217;in, Yunus Emre&#8217;nin, Kaygusuz Abdal&#8217;\u0131n s\u00f6zlerine yer vererek bu mekana farkl\u0131 bir ruh kazand\u0131rd\u0131k.&nbsp;<\/p>\n\n\n\n<p>\u0130nan\u00e7 K\u00fclt\u00fcr\u00fcm\u00fcz\u00fc g\u00f6z\u00fc gibi koruyarak, kendilerinden sonra ku\u015faktan ku\u015fa\u011fa aktararak, y\u00fczy\u0131llar\u0131n karanl\u0131\u011f\u0131ndan \u00e7a\u011f\u0131m\u0131za kadar getiren onlard\u0131r.Mahzuni Bir &nbsp;Alevi Ocakzade neslinden gelen bir ozand\u0131r. Ya\u015fad\u0131\u011f\u0131 b\u00f6lgede Alevi K\u0131z\u0131lba\u015flar \u00fczerinde \u00e7ok ciddi bir asimilasyon olmas\u0131na kar\u015f\u0131 o ecdatlar\u0131n\u0131n ruhunu ya\u015fatt\u0131. Onun ruhunun derinli\u011finde , bin y\u0131llardan kalan halkla birle\u015fme ve b\u00fct\u00fcnle\u015fme sevdas\u0131 yat\u0131yordu. &nbsp;&nbsp;Hangi \u00e7a\u011fda olursa olsun, zalim y\u00f6neticileri deyi\u015f ve \u015fiirlerinde korkusuz ele\u015ftiren , halk\u0131n istemlerini halk\u0131n dili ile s\u00f6yler. Alevi K\u0131z\u0131lba\u015f &nbsp;Halk ozanlar\u0131 halk\u0131n\u0131n elli aya\u011f\u0131 gibidir. Halk\u0131n atan y\u00fcre\u011fidir. Konu\u015fan dilidir. G\u00f6ren g\u00f6z\u00fcd\u00fcr. \u0130yinin, g\u00fczelin ve ger\u00e7e\u011fin \u00f6z\u00fcd\u00fcr. &#8221; diye konu\u015ftu.<\/p>\n\n\n\n<p>K\u0131lavuz,&#8221; Mahzuni \u015eerif&#8217;in halk\u0131n g\u00f6nl\u00fcnde \u00f6nemli bir yeri vard\u0131r. Mahzuni \u015eerif yazm\u0131\u015f oldu\u011fu t\u00fcrk\u00fclerden dolay\u0131 g\u00f6zalt\u0131na al\u0131n\u0131p, i\u015fkence g\u00f6rm\u00fc\u015ft\u00fcr. Eline, beline,diline sad\u0131k ol, Alevili\u011fin temel ilkelerini t\u00fcrk\u00fclerine i\u015flemi\u015ftir. Mahzuni &nbsp;dost canl\u0131s\u0131, vefakar, a\u00e7\u0131k s\u00f6zl\u00fc &nbsp;bir ozan\u0131m\u0131zd\u0131.Ufak tefek c\u00fcsesi ile devlere kar\u015f\u0131 duran bir y\u00fcrek ta\u015f\u0131yordu. Her yerde tarlada,t\u0131rpanda, harmanda, fabrikada, miting alanlar\u0131nda, zindanlarda, bir yudum su gibi deyi\u015fleri kulaktan y\u00fcre\u011fe i\u015fliyordu. Seni unutmad\u0131k, \u00e7\u00fcnk\u00fc sen \u00f6lmezsin! Saz\u0131n perdesindesin, t\u00fcrk\u00fc okumu\u015f gen\u00e7lerin sesindesin, halk\u0131n dilinde&nbsp; her dem s\u00f6yleniyorsun. Cemde d\u00f6n\u00fclen &nbsp;semadas\u0131n, zehmeri k\u0131\u015fta, H\u0131z\u0131r ay\u0131nda yer sofras\u0131nda lokmadas\u0131n. Munzur g\u00f6zelerindeki sudas\u0131n, Ispartada \u00e7ocuklar\u0131n toplad\u0131\u011f\u0131 bir demet k\u0131r \u00e7i\u00e7e\u011findesin. Nurhak yaylalar\u0131nda biten mor s\u00fcmb\u00fcldesin. Gezdi\u011fin yerlere, konaklad\u0131\u011f\u0131n mekanlara, dost diye el uzatt\u0131\u011f\u0131n insanlara, ruhumuzun derinli\u011finde yer eden senin sevginle c\u00fcmlesine a\u015fk\u0131 niyaz ederiz.&#8221;&nbsp;diye konu\u015ftu.&nbsp;<\/p>\n\n\n\n<p>Etkinlikte, Mersin Cemevi Semah ekibinin semah d\u00f6nmesinin ard\u0131ndan,&nbsp;\u015eef Ercem \u015eahan y\u00f6netiminde Mersin Cemevi Saz Kursiyerleri A\u015f\u0131k Mahzuni \u015eerif&#8217;in eserlerini seslendirdiler.&nbsp;<\/p>\n","protected":false},"excerpt":{"rendered":"<p>A\u015f\u0131k Mahzuni \u015eerif&#8217;in Hakka y\u00fcr\u00fcy\u00fc\u015f\u00fcn\u00fcn 23. y\u0131l\u0131nda Mersin Cemevi anma program\u0131 d\u00fczenledi. Anma program\u0131 Mersin Cemevi \u0130nan\u00e7 Kurulu Ba\u015fkan\u0131 Erdo\u011fan Sevin Dede&#8217;nin okudu\u011fu gulbang ile ba\u015flad\u0131. Mersin Cemevi Ba\u015fkan\u0131 Pir Hasan K\u0131lavuz,&nbsp;&#8220;Anma program\u0131nda eme\u011fi ge\u00e7en ve katk\u0131s\u0131 olan t\u00fcm canlar\u0131m\u0131za te\u015fekk\u00fcr ederim.10 y\u0131l \u00f6nce etkinliklerimizi ve k\u00fclt\u00fcrel gecelerimizi ger\u00e7ekle\u015ftirebilece\u011fimiz Cem salonunu yapma dile\u011fim vard\u0131. Dileklerinizi [&hellip;]<\/p>\n","protected":false},"author":2,"featured_media":42705,"comment_status":"closed","ping_status":"closed","sticky":false,"template":"","format":"standard","meta":{"footnotes":""},"categories":[3],"tags":[],"class_list":["post-42704","post","type-post","status-publish","format-standard","has-post-thumbnail","hentry","category-manset"],"views":1,"_links":{"self":[{"href":"https:\/\/mersinkadingazetesi.com\/index.php?rest_route=\/wp\/v2\/posts\/42704"}],"collection":[{"href":"https:\/\/mersinkadingazetesi.com\/index.php?rest_route=\/wp\/v2\/posts"}],"about":[{"href":"https:\/\/mersinkadingazetesi.com\/index.php?rest_route=\/wp\/v2\/types\/post"}],"author":[{"embeddable":true,"href":"https:\/\/mersinkadingazetesi.com\/index.php?rest_route=\/wp\/v2\/users\/2"}],"replies":[{"embeddable":true,"href":"https:\/\/mersinkadingazetesi.com\/index.php?rest_route=%2Fwp%2Fv2%2Fcomments&post=42704"}],"version-history":[{"count":1,"href":"https:\/\/mersinkadingazetesi.com\/index.php?rest_route=\/wp\/v2\/posts\/42704\/revisions"}],"predecessor-version":[{"id":42706,"href":"https:\/\/mersinkadingazetesi.com\/index.php?rest_route=\/wp\/v2\/posts\/42704\/revisions\/42706"}],"wp:featuredmedia":[{"embeddable":true,"href":"https:\/\/mersinkadingazetesi.com\/index.php?rest_route=\/wp\/v2\/media\/42705"}],"wp:attachment":[{"href":"https:\/\/mersinkadingazetesi.com\/index.php?rest_route=%2Fwp%2Fv2%2Fmedia&parent=42704"}],"wp:term":[{"taxonomy":"category","embeddable":true,"href":"https:\/\/mersinkadingazetesi.com\/index.php?rest_route=%2Fwp%2Fv2%2Fcategories&post=42704"},{"taxonomy":"post_tag","embeddable":true,"href":"https:\/\/mersinkadingazetesi.com\/index.php?rest_route=%2Fwp%2Fv2%2Ftags&post=42704"}],"curies":[{"name":"wp","href":"https:\/\/api.w.org\/{rel}","templated":true}]}}