{"id":42707,"date":"2025-05-18T11:53:17","date_gmt":"2025-05-18T08:53:17","guid":{"rendered":"https:\/\/mersinkadingazetesi.com\/?p=42707"},"modified":"2025-05-18T11:53:17","modified_gmt":"2025-05-18T08:53:17","slug":"baskan-secerden-19-mayis-ataturku-anma-genclik-ve-spor-bayrami-mesaji-2","status":"publish","type":"post","link":"https:\/\/mersinkadingazetesi.com\/?p=42707","title":{"rendered":"BA\u015eKAN SE\u00c7ER&#8217;DEN &#8217;19 MAYIS ATAT\u00dcRK&#8217;\u00dc ANMA, GEN\u00c7L\u0130K VE SPOR BAYRAMI&#8217; MESAJI"},"content":{"rendered":"\n<p>Mersin B\u00fcy\u00fck\u015fehir Belediye Ba\u015fkan\u0131 Vahap Se\u00e7er, &#8217;19 May\u0131s Atat\u00fcrk&#8217;\u00fc Anma, Gen\u00e7lik ve Spor Bayram\u0131&#8217; dolay\u0131s\u0131yla bir kutlama mesaj\u0131 yay\u0131mlad\u0131. Ba\u015fkan Se\u00e7er mesaj\u0131nda \u015fu ifadelere yer verdi:<\/p>\n\n\n\n<p><strong>&#8220;19 May\u0131s 1919, bir milletin kaderini de\u011fi\u015ftiren, umutlar\u0131 yeniden ye\u015ferten bir d\u00f6n\u00fcm noktas\u0131d\u0131r. Ulu \u00d6nder Mustafa Kemal Atat\u00fcrk&#8217;\u00fcn Samsun&#8217;a \u00e7\u0131karak ba\u015flatt\u0131\u011f\u0131 ba\u011f\u0131ms\u0131zl\u0131k y\u00fcr\u00fcy\u00fc\u015f\u00fc; azmin, kararl\u0131l\u0131\u011f\u0131n ve ulusal birli\u011fin sembol\u00fcd\u00fcr.<\/strong><\/p>\n\n\n\n<p><strong>O g\u00fcn yak\u0131lan me\u015fale; yaln\u0131zca bir kurtulu\u015fun de\u011fil, ayn\u0131 zamanda bir kurulu\u015fun, bir \u00e7a\u011fda\u015fla\u015fma idealinin ba\u015flang\u0131c\u0131d\u0131r. 19 May\u0131s&#8217;\u0131n gen\u00e7li\u011fe arma\u011fan edilmi\u015f olmas\u0131, bu ideali gelece\u011fe ta\u015f\u0131yacak olanlar\u0131n gen\u00e7ler oldu\u011funu a\u00e7\u0131k\u00e7a g\u00f6stermektedir.<\/strong><\/p>\n\n\n\n<p><strong>Biz de Mersin B\u00fcy\u00fck\u015fehir Belediyesi olarak bu bilin\u00e7le \u00e7al\u0131\u015f\u0131yor, Atat\u00fcrk&#8217;\u00fcn gen\u00e7li\u011fe emanet etti\u011fi Cumhuriyet&#8217;i ya\u015fatmak ve y\u00fcceltmek i\u00e7in gayret ediyoruz. 2019&#8217;dan bu yana gen\u00e7lerin e\u011fitimden spora, k\u00fclt\u00fcrden sanata her alanda desteklenmesini \u00f6ncelikli g\u00f6rev kabul ettik. Yurtlar\u0131m\u0131zla, \u00f6\u011frenim yard\u0131mlar\u0131m\u0131zla, kurs merkezlerimizle, at\u00f6lyelerimizle ve k\u00fclt\u00fcr-sanat etkinliklerimizle Mersin&#8217;de gen\u00e7lerin yan\u0131nda olduk, olmaya da devam edece\u011fiz.<\/strong><\/p>\n\n\n\n<p><strong>Gen\u00e7lerin fikirlerini \u00f6zg\u00fcrce ifade edebildi\u011fi, bilimle, sanatla, sporla g\u00fc\u00e7lendi\u011fi bir \u015fehir in\u015fa ediyoruz. \u00c7\u00fcnk\u00fc biliyoruz ki bu \u00fclkenin gelece\u011fi, \u00f6zg\u00fcveni y\u00fcksek, donan\u0131ml\u0131 ve \u00f6zg\u00fcr gen\u00e7lerin ellerinde y\u00fckselecek.<\/strong><\/p>\n\n\n\n<p><strong>Bu duygularla, ba\u015fta Gazi Mustafa Kemal Atat\u00fcrk olmak \u00fczere, kurtulu\u015f m\u00fccadelemizin t\u00fcm kahramanlar\u0131n\u0131 sayg\u0131 ve minnetle an\u0131yor; gen\u00e7lerimizin ve t\u00fcm milletimizin 19 May\u0131s Atat\u00fcrk&#8217;\u00fc Anma, Gen\u00e7lik ve Spor Bayram\u0131&#8217;n\u0131 y\u00fcrekten kutluyorum.&#8221;<\/strong><strong><\/strong><br><\/p>\n","protected":false},"excerpt":{"rendered":"<p>Mersin B\u00fcy\u00fck\u015fehir Belediye Ba\u015fkan\u0131 Vahap Se\u00e7er, &#8217;19 May\u0131s Atat\u00fcrk&#8217;\u00fc Anma, Gen\u00e7lik ve Spor Bayram\u0131&#8217; dolay\u0131s\u0131yla bir kutlama mesaj\u0131 yay\u0131mlad\u0131. Ba\u015fkan Se\u00e7er mesaj\u0131nda \u015fu ifadelere yer verdi: &#8220;19 May\u0131s 1919, bir milletin kaderini de\u011fi\u015ftiren, umutlar\u0131 yeniden ye\u015ferten bir d\u00f6n\u00fcm noktas\u0131d\u0131r. Ulu \u00d6nder Mustafa Kemal Atat\u00fcrk&#8217;\u00fcn Samsun&#8217;a \u00e7\u0131karak ba\u015flatt\u0131\u011f\u0131 ba\u011f\u0131ms\u0131zl\u0131k y\u00fcr\u00fcy\u00fc\u015f\u00fc; azmin, kararl\u0131l\u0131\u011f\u0131n ve ulusal birli\u011fin sembol\u00fcd\u00fcr. [&hellip;]<\/p>\n","protected":false},"author":2,"featured_media":42708,"comment_status":"closed","ping_status":"closed","sticky":false,"template":"","format":"standard","meta":{"footnotes":""},"categories":[3],"tags":[],"class_list":["post-42707","post","type-post","status-publish","format-standard","has-post-thumbnail","hentry","category-manset"],"views":1,"_links":{"self":[{"href":"https:\/\/mersinkadingazetesi.com\/index.php?rest_route=\/wp\/v2\/posts\/42707"}],"collection":[{"href":"https:\/\/mersinkadingazetesi.com\/index.php?rest_route=\/wp\/v2\/posts"}],"about":[{"href":"https:\/\/mersinkadingazetesi.com\/index.php?rest_route=\/wp\/v2\/types\/post"}],"author":[{"embeddable":true,"href":"https:\/\/mersinkadingazetesi.com\/index.php?rest_route=\/wp\/v2\/users\/2"}],"replies":[{"embeddable":true,"href":"https:\/\/mersinkadingazetesi.com\/index.php?rest_route=%2Fwp%2Fv2%2Fcomments&post=42707"}],"version-history":[{"count":1,"href":"https:\/\/mersinkadingazetesi.com\/index.php?rest_route=\/wp\/v2\/posts\/42707\/revisions"}],"predecessor-version":[{"id":42709,"href":"https:\/\/mersinkadingazetesi.com\/index.php?rest_route=\/wp\/v2\/posts\/42707\/revisions\/42709"}],"wp:featuredmedia":[{"embeddable":true,"href":"https:\/\/mersinkadingazetesi.com\/index.php?rest_route=\/wp\/v2\/media\/42708"}],"wp:attachment":[{"href":"https:\/\/mersinkadingazetesi.com\/index.php?rest_route=%2Fwp%2Fv2%2Fmedia&parent=42707"}],"wp:term":[{"taxonomy":"category","embeddable":true,"href":"https:\/\/mersinkadingazetesi.com\/index.php?rest_route=%2Fwp%2Fv2%2Fcategories&post=42707"},{"taxonomy":"post_tag","embeddable":true,"href":"https:\/\/mersinkadingazetesi.com\/index.php?rest_route=%2Fwp%2Fv2%2Ftags&post=42707"}],"curies":[{"name":"wp","href":"https:\/\/api.w.org\/{rel}","templated":true}]}}