{"id":42710,"date":"2025-05-18T14:36:41","date_gmt":"2025-05-18T11:36:41","guid":{"rendered":"https:\/\/mersinkadingazetesi.com\/?p=42710"},"modified":"2025-05-18T14:36:41","modified_gmt":"2025-05-18T11:36:41","slug":"ultra-maraton-ile-doganin-icinde-tarihe-kosuldu","status":"publish","type":"post","link":"https:\/\/mersinkadingazetesi.com\/?p=42710","title":{"rendered":"ULTRA MARATON \u0130LE &#8216;DO\u011eANIN \u0130\u00c7\u0130NDE TAR\u0130HE KO\u015eULDU!&#8217;"},"content":{"rendered":"\n<p>Mersin B\u00fcy\u00fck\u015fehir Belediyesi taraf\u0131ndan,&nbsp;<strong>&#8216;Do\u011fan\u0131n \u0130\u00e7inde Tarihe Ko\u015f&#8217;<\/strong>&nbsp;slogan\u0131yla bu y\u0131l 4.&#8217;s\u00fc d\u00fczenlenen&nbsp;<strong>&#8216;Uluslararas\u0131 Kilikya Ultra Maratonu&#8217;<\/strong>&nbsp;start ald\u0131. Mersin B\u00fcy\u00fck\u015fehir Belediye Ba\u015fkan\u0131 Vahap Se\u00e7er de, 10K K\u0131zkalesi Parkuru&#8217;nun start\u0131n\u0131 verirken, sporculara ba\u015far\u0131 dileklerinde bulundu.&nbsp; Sporcular, Mersin&#8217;in tarihi ve do\u011fal g\u00fczellikleri aras\u0131nda ko\u015fma imkan\u0131 bulurken; sporun birle\u015ftirici g\u00fcc\u00fc, Mersin B\u00fcy\u00fck\u015fehir&#8217;in bir sportif faaliyeti ile daha g\u00f6zler \u00f6n\u00fcne serildi. Maratona kat\u0131lan y\u00fczlerce sporcu; Mersin tarihi ve e\u015fsiz Akdeniz manzaras\u0131nda bulu\u015ftu.<\/p>\n\n\n\n<p>Start verilirken Ba\u015fkan Se\u00e7er&#8217;e, Ayd\u0131nc\u0131k Belediye Ba\u015fkan\u0131 \u00d6zkan K\u0131l\u0131\u00e7arpa, Cumhuriyet Halk Partisi (CHP) Erdemli \u0130l\u00e7e Ba\u015fkan\u0131 Ahmet Dursen \u015eahin, Meclis \u00fcyeleri, muhtarlar ve Mersin B\u00fcy\u00fck\u015fehir Belediyesi ile MESK\u0130 b\u00fcrokratlar\u0131 e\u015flik etti. Geri say\u0131m\u0131n ard\u0131ndan Se\u00e7er, K\u0131zkalesi M\u00fcze Beach&#8217;te start\u0131 verdi ve yar\u0131\u015f ba\u015flad\u0131. Se\u00e7er, 4. Uluslararas\u0131 Kilikya Ultra Maratonu start\u0131n\u0131 vermeye \u00fczerinde MSK ti\u015f\u00f6rt\u00fc ile kat\u0131ld\u0131.<\/p>\n\n\n\n<p><strong>Maraton toplam 3 kategoriden olu\u015ftu<\/strong><\/p>\n\n\n\n<p>Mersin B\u00fcy\u00fck\u015fehir Belediyesi&#8217;nin T\u00fcrkiye Atletizm Federasyonu ile i\u015f birli\u011fi i\u00e7erisinde d\u00fczenledi\u011fi maratonda sporcular ve izleyiciler, Mersin tarihinin kal\u0131nt\u0131lar\u0131 ve e\u015fsiz Akdeniz manzaras\u0131nda bulu\u015ftu. 4. Uluslararas\u0131 Kilikya Ultra Maratonu&#8217;nda 28&#8217;i yabanc\u0131 sporcu olmak \u00fczere toplam 658 sporcu yar\u0131\u015ft\u0131. Maraton; 10K K\u0131zkalesi Parkuru, 33K Lamos Parkuru ve 53K Kilikya Ultra Maratonu olmak \u00fczere 3 kategoride ko\u015fuldu. 10K K\u0131zkalesi Parkuru K\u0131zkalesi\/M\u00fcze Beach&#8217;ten start al\u0131rken, yine ayn\u0131 noktada finish yapt\u0131. 33K Lamos Parkuru ile 53K Kilikya Ultra Maratonu da Lamos Kanyonu&#8217;ndan start al\u0131rken,&nbsp; K\u0131zkalesi M\u00fcze Beach&#8217;te finish yapt\u0131.<\/p>\n\n\n\n<p><strong>8 farkl\u0131 \u00fclkeden y\u00fczlerce sporcu, maraton heyecan\u0131na ortak oldu<\/strong><\/p>\n\n\n\n<p>Mersin B\u00fcy\u00fck\u015fehir Belediyesi Gen\u00e7lik ve Spor Hizmetleri Dairesi Ba\u015fkanl\u0131\u011f\u0131 taraf\u0131ndan d\u00fczenlenen 4. Kilikya Ultra Maratonu&#8217;na; T\u00fcrkiye, ABD, Singapur, Letonya, Rusya, Ukrayna, Hollanda ve Tacikistan olmak \u00fczere 8 farkl\u0131 \u00fclkeden sporcu kat\u0131ld\u0131. T\u00fcrkiye&#8217;nin toplam 21 \u015fehrinden de maratona kat\u0131l\u0131m sa\u011fland\u0131. Yerli ve yabanc\u0131 y\u00fczlerce sporcu, Mersin&#8217;in e\u015fsiz do\u011fal ve tarihi g\u00fczellikleri i\u00e7erisinde ko\u015fma f\u0131rsat\u0131 buldu. Maratona kat\u0131lan sporcular Mersin&#8217;in k\u00fclt\u00fcrel miras\u0131 ve e\u015fsiz do\u011fas\u0131n\u0131 spor arac\u0131l\u0131\u011f\u0131yla tan\u0131ma imkan\u0131na eri\u015fti. Limon ve portakal a\u011fa\u00e7lar\u0131 aras\u0131nda spor yapman\u0131n keyfine varan sporcular, sakl\u0131 kalan tarihte k\u00fclt\u00fcr, do\u011fa ve spor turizminin birlikteli\u011fini ya\u015fayabildi. Parkurlar boyunca sporcular; Cennet-Cehennem Obruklar\u0131, Kanl\u0131 Divane \u00d6ren Yeri, Elaiussa Sebaste Antik Kenti, Korykos Antik Kenti gibi tarihi \u00f6ren yerlerinin ve antik kiliselerin i\u00e7erisinden de ge\u00e7ti.<\/p>\n\n\n\n<p><strong>Ba\u015fkan Se\u00e7er: &#8220;Amac\u0131m\u0131z; binlerce y\u0131l\u0131n birikimini T\u00fcrkiye&#8217;ye ve d\u00fcnyaya tan\u0131tmak&#8221;<\/strong><\/p>\n\n\n\n<p>Start sonras\u0131 de\u011ferlendirmelerde bulunan Ba\u015fkan Se\u00e7er, 3 ayr\u0131 parkurda 658 sporcunun yar\u0131\u015ft\u0131\u011f\u0131n\u0131n bilgisini vererek,&nbsp;<strong>&#8220;\u00dclkemizden 21 ayr\u0131 \u015fehirden, \u00fclkemizle beraber 8 ayr\u0131 \u00fclkeden burada sporcular\u0131m\u0131z ter d\u00f6kt\u00fc. Temel ama\u00e7 yar\u0131\u015fma de\u011fil, bu tarihi yerde binlerce y\u0131l\u0131n birikimini T\u00fcrkiye&#8217;ye ve d\u00fcnyaya tan\u0131tmak. Burada ko\u015fan sporcular mutlaka yar\u0131\u015fmalarda ba\u015far\u0131l\u0131 olmak isteyeceklerdir ama asl\u0131nda bu parkurlarda o tarihin kokusu, o farkl\u0131 k\u00fclt\u00fcrlerin, o do\u011fa harikas\u0131 b\u00f6lgenin \u00f6zelli\u011fini ve g\u00fczelli\u011fini de tan\u0131ma ve hissetme imkan\u0131 bulacaklar&#8221;&nbsp;<\/strong>dedi. Ba\u015fkan Se\u00e7er, yar\u0131\u015fmaya kat\u0131l\u0131m\u0131n ve ilginin her ge\u00e7en y\u0131l artt\u0131\u011f\u0131n\u0131 belirterek, &#8220;<strong>Umut ediyoruz gelecek y\u0131llar \u00e7ok daha iyi olur. Amac\u0131m\u0131z bu tip organizasyonlarla b\u00f6lgeyi tan\u0131tmak. Hep;&nbsp;<em>&#8216;marka kent olmal\u0131y\u0131z, Mersin&#8217;in tan\u0131nmas\u0131 gerekir&#8217;<\/em>&nbsp;diyorum. Bunun i\u00e7in bu tip etkinlikler son derece \u00f6nemli&#8221;&nbsp;<\/strong>dedi.<\/p>\n\n\n\n<p><strong>&#8220;Bu tip organizasyonlar d\u00fcnya bar\u0131\u015f\u0131na da katk\u0131 sa\u011fl\u0131yor&#8221;<\/strong><\/p>\n\n\n\n<p>D\u00fcn lansman\u0131n\u0131 yapt\u0131klar\u0131 Tarihi Kilikya Yolu&#8217;ndan da bahseden Ba\u015fkan Se\u00e7er, bu organizasyonlar i\u00e7in Mersin&#8217;e gelen turistlerin tarih ve k\u00fclt\u00fcr aktar\u0131m\u0131 ve b\u00f6lgenin kalk\u0131nmas\u0131na katk\u0131 sundu\u011funu ifade etti. Se\u00e7er,&nbsp;<strong>&#8220;Bu tip organizasyonlar d\u00fcnya bar\u0131\u015f\u0131na da katk\u0131 sa\u011fl\u0131yor. \u00c7ok y\u00f6nl\u00fc d\u00fc\u015f\u00fcnmek, olay\u0131 \u00e7ok daha b\u00fcy\u00fck boyutlu g\u00f6rmek laz\u0131m. Resme makro anlamda bakmak laz\u0131m. Bunlar \u00e7ok \u00f6nemli ve de\u011ferli \u00e7al\u0131\u015fmalar. Yapt\u0131\u011f\u0131m\u0131z organizasyonlar\u0131 \u015fekil \u015fart\u0131n\u0131 yerine getirmek i\u00e7in yapm\u0131yoruz, i\u00e7inin de dolu dolu ve zengin olmas\u0131na \u00f6zen g\u00f6steriyoruz. Halk\u0131 da buna katmak laz\u0131m. Mersin, bu konuda her ge\u00e7en g\u00fcn daha iyi noktalara gidiyor. Vatanda\u015flar\u0131m\u0131z\u0131n da bu konuda fark\u0131ndal\u0131\u011f\u0131 art\u0131yor&#8221;<\/strong>&nbsp;diye belirtti.<\/p>\n\n\n\n<p><strong>&#8220;Organizasyonlarda temel mesele \u015fehrin kat\u0131l\u0131m sunmas\u0131&#8221;<\/strong><\/p>\n\n\n\n<p>Mersin&#8217;in co\u011frafyas\u0131, do\u011fal g\u00fczellikleri, ekolojisi, tar\u0131m\u0131 ve ticareti ile olduk\u00e7a y\u00fcksek potansiyele sahip bir kent oldu\u011funa vurgu yapan Ba\u015fkan Se\u00e7er, t\u00fcm bunlar\u0131 daha iyi bir noktaya getirmek i\u00e7in \u00e7al\u0131\u015ft\u0131klar\u0131n\u0131 s\u00f6zlerine ekledi. Baz\u0131 organizasyonlar\u0131n her ne kadar Mersin B\u00fcy\u00fck\u015fehir Belediyesi \u00f6nc\u00fcl\u00fc\u011f\u00fcnde yap\u0131lsa da bir\u00e7ok kamu kurum ve kurulu\u015flar\u0131 ile sivil toplum kurulu\u015flar\u0131n\u0131n deste\u011finin oldu\u011funun alt\u0131n\u0131 \u00e7izen Ba\u015fkan Se\u00e7er,&nbsp;<strong>&#8220;Buradaki temel mesele \u015fehrin kat\u0131l\u0131m sunmas\u0131 ve bunu birlikte yapmak. Biz sivil toplumuyla, kamu kurum ve kurulu\u015flar\u0131yla herkes bu \u00e7al\u0131\u015fmalar\u0131n i\u00e7erisinde olsun istiyoruz&#8221;<\/strong>&nbsp;ifadelerine yer verdi.<\/p>\n\n\n\n<p><strong>&#8220;Mersin&#8217;de hem k\u00fclt\u00fcrel hem sportif hem de sanatsal anlamda zenginle\u015fen bir s\u00fcre\u00e7 ba\u015flad\u0131&#8221;<\/strong><\/p>\n\n\n\n<p>Tour Of Mersin,&nbsp;&nbsp;Tarsus Yar\u0131 Maratonu, Uluslararas\u0131 Mersin Maratonu, Kilikya Ultra Maratonu, Tarsus Festivali, Edebiyat Festivali, Gen\u00e7lik Festivali gibi bir\u00e7ok b\u00fcy\u00fck organizasyon d\u00fczenlediklerini s\u00f6zlerine ekleyen Ba\u015fkan Se\u00e7er,&nbsp;<strong>&#8220;B\u00fct\u00fcn bunlar\u0131 bir araya getirdi\u011finiz zaman Mersin&#8217;de hem k\u00fclt\u00fcrel hem sportif hem de sanatsal anlamda zenginle\u015fen bir s\u00fcre\u00e7 ba\u015flam\u0131\u015f g\u00f6r\u00fcl\u00fcyor&#8221;&nbsp;<\/strong>diye belirtti.<\/p>\n\n\n\n<p><strong>&#8220;Tamamen&nbsp;<em>&#8216;halk\u00e7\u0131 belediyecilik&#8217;<\/em>&nbsp;anlay\u0131\u015f\u0131m\u0131z var&#8221;<\/strong><\/p>\n\n\n\n<p>Ba\u015fkan Se\u00e7er, Mersin&#8217;de \u00f6zellikle gen\u00e7leri \u00f6nemsediklerini ve bunu da hizmetleriyle g\u00f6sterdiklerini ifade etti. Gen\u00e7lerin; hayal ettikleri liselere ve \u00fcniversitelere gidebilmesi i\u00e7in E\u011fitim ve \u00d6\u011fretimi Destekleme Kurs Merkezleri&#8217;ni kurduklar\u0131n\u0131 ve 9 bin \u00f6\u011frenciye e\u011fitim verdiklerini kaydeden Se\u00e7er,&nbsp;<strong>&#8220;Mersin&#8217;in; bir gen\u00e7 kenti, bir \u00fcniversite kenti ve bir \u00f6\u011frenci kenti olmas\u0131 i\u00e7in \u00e7ok \u00e7abal\u0131yoruz&#8221;&nbsp;<\/strong>dedi. Ba\u015fkan Se\u00e7er, hayata ge\u00e7irdikleri yeni nesil k\u00fct\u00fcphaneler ile de e\u011fitim s\u00fcrecini desteklediklerini ifade etti. Vizyonlar\u0131n\u0131n tamamen&nbsp;<strong><em>&#8216;halk\u00e7\u0131 belediyecilik&#8217;&nbsp;<\/em><\/strong>oldu\u011funa vurgu yapan Ba\u015fkan Se\u00e7er,<strong>&#8220;Bizim belediyecilik anlay\u0131\u015f\u0131m\u0131z tamamen halka y\u00f6nelik, halk\u00e7\u0131 belediyecilik. Biz belediyecili\u011fi sosyal belediyecilik bak\u0131\u015f a\u00e7\u0131s\u0131yla yap\u0131yoruz. Mutlaka yat\u0131r\u0131mc\u0131 vizyonel bir belediyecilik anlay\u0131\u015f\u0131m\u0131z da var.&nbsp;&nbsp;Sosyal belediyecilikle s\u0131n\u0131rl\u0131 kalm\u0131yoruz. Mersin \u00e7ok geli\u015fen ve kalk\u0131nan bir kent. Mersin&#8217;in \u015fekillenmesinde, altyap\u0131s\u0131ndan ula\u015f\u0131m\u0131na ve ye\u015fil alanlar\u0131na kadar daha d\u00fczenli bir \u015fehir olmas\u0131 noktas\u0131nda vizyon ortaya koyan bir belediyecilik anlay\u0131\u015f\u0131m\u0131z var&#8221;<\/strong>&nbsp;dedi.<\/p>\n\n\n\n<p><strong>Se\u00e7er&#8217;den&nbsp;<em>&#8216;marka kent&#8217;<\/em>&nbsp;vurgusu<\/strong><\/p>\n\n\n\n<p>\u015eehrin spor kul\u00fcplerinin b\u00fcy\u00fcmesi, kalk\u0131nmas\u0131, ba\u015far\u0131l\u0131 sonu\u00e7lar almas\u0131 ve sa\u011flam temellere oturmas\u0131 i\u00e7in de B\u00fcy\u00fck\u015fehir Belediyesi olarak katk\u0131lar sunduklar\u0131ndan s\u00f6z eden Se\u00e7er, MSK Erkek Basketbol Tak\u0131m\u0131&#8217;na da ili\u015fkin;&nbsp;<strong>&#8220;MSK S\u00fcper Lig&#8217;de Mersin&#8217;in erkek basketbol tak\u0131m\u0131 ve \u00e7ok da ba\u015far\u0131l\u0131 bir tak\u0131m. Bug\u00fcn MSK ti\u015f\u00f6rt\u00fcn\u00fc giyerek buraya geldim. Biraz da buradan MSK&#8217;n\u0131n tan\u0131t\u0131m\u0131n\u0131 yapm\u0131\u015f olay\u0131m&#8221;&nbsp;<\/strong>dedi. Tak\u0131m\u0131n, son ma\u00e7\u0131 olan Dar\u00fc\u015f\u015fafaka Basketbol ile kar\u015f\u0131la\u015fmas\u0131n\u0131n \u00f6nemine dikkat \u00e7eken Se\u00e7er,<strong>&nbsp;&#8220;Bu son ma\u00e7\u0131 ald\u0131\u011f\u0131 takdirde, Basketbol S\u00fcper Ligi&#8217;nde erkeklerde direkt play-off&#8217;ta Mersin&#8217;i temsil edecek ve basketbolcular\u0131m\u0131z \u00f6n\u00fcm\u00fczdeki y\u0131l da Avrupa&#8217;da ter d\u00f6kecek. \u0130\u015fte marka kent b\u00f6yle oluyor. Yani; g\u00fczel, d\u00fczenli, tertipli, e\u011fitimli, \u00fcreten ve bereketli bir kent yarat\u0131yorsunuz; sanat\u00e7\u0131s\u0131n\u0131n, sporcusunun, ba\u015far\u0131l\u0131 tak\u0131mlar\u0131n\u0131n, \u015fairlerinin, yazarlar\u0131n\u0131n ve ba\u015far\u0131l\u0131 siyaset\u00e7ilerinin oldu\u011fu bir kent yaratarak marka kent oluyorsunuz&#8221;&nbsp;<\/strong>diye belirtti.<\/p>\n\n\n\n<p>Yeni Mersin \u0130dman Yurdu&#8217;na ili\u015fkin de konu\u015fan Se\u00e7er, \u015fehrin tak\u0131ma sahip \u00e7\u0131kmas\u0131n\u0131n \u00f6nemine vurgu yapt\u0131. Sadece spor alan\u0131ndaki de\u011fil, \u015fehri ilgilendiren di\u011fer t\u00fcm konularda da kentin de\u011ferlerine \u015fehir taraf\u0131ndan sahip \u00e7\u0131k\u0131lmas\u0131 gerekti\u011finden s\u00f6z eden Se\u00e7er, bu konulardaki i\u015f birliklerinin de \u00f6nemine dikkat \u00e7ekti.<\/p>\n\n\n\n<p>&#8220;<strong>Mersinimize sahip \u00e7\u0131kal\u0131m, b\u00fcy\u00fctelim ve geli\u015ftirelim&#8221;<\/strong><\/p>\n\n\n\n<p>Sahillerde ve yaylal\u0131k b\u00f6lgelerdeki yaz sezonu haz\u0131rl\u0131\u011f\u0131na da de\u011finen Se\u00e7er, \u00f6n\u00fcm\u00fczdeki g\u00fcnlerde kentteki n\u00fcfusun artaca\u011f\u0131n\u0131 kaydetti. Se\u00e7er,<strong>&nbsp;&#8220;Bu y\u0131l da k\u0131\u015f mevsiminde ya\u015fad\u0131\u011f\u0131m\u0131z kurakl\u0131k umut ediyorum bize \u00e7ok b\u00fcy\u00fck bir olumsuzluk yaratmaz. \u015eehir merkezlerinde su konusunda bir sorun ya\u015fanaca\u011f\u0131n\u0131 tahmin etmiyorum ama yaylal\u0131k b\u00f6lgelerde, \u00f6zellikle yaz\u0131n n\u00fcfusun yo\u011fun oldu\u011fu sahil b\u00f6lgelerde daha dikkatli olmak gerekiyor&#8221;&nbsp;<\/strong>dedi ve vatanda\u015flar\u0131n da bu konuda daha dikkatli olmalar\u0131 gerekti\u011fini ifade ederek, B\u00fcy\u00fck\u015fehir&#8217;e yard\u0131mc\u0131 olmalar\u0131n\u0131 s\u00f6yledi. Se\u00e7er,<strong>&nbsp;&#8220;\u0130nsan\u0131m\u0131zda \u015f\u00f6yle bir kanaat var; T\u00fcrkiye sanki su y\u00f6n\u00fcnden \u00e7ok zengin bir \u00fclke ve suyu da istedi\u011fimiz gibi kullanabiliriz. B\u00f6yle bir do\u011fru yok. Su \u00e7ok de\u011ferli&#8221;&nbsp;<\/strong>ifadelerine yer verdi.<\/p>\n\n\n\n<p>Kurban Bayram\u0131 dolay\u0131s\u0131yla da \u015fehrin n\u00fcfusunun art\u0131\u015f g\u00f6sterece\u011fini kaydeden Se\u00e7er,&nbsp;<strong>&#8220;Biz B\u00fcy\u00fck\u015fehir Belediyesi olarak bunlara haz\u0131r\u0131z ama vatanda\u015flar\u0131m\u0131z\u0131n da \u00f6zellikle sorun alanlar\u0131na hassasiyet g\u00f6stermeleri, bize yard\u0131mc\u0131 olmalar\u0131 ve \u015fehrimizi temiz tutmalar\u0131 her \u015feyden \u00f6nemli.&nbsp;&nbsp;Mersin temiz olursa, Mersin ve Mersinliler hakk\u0131nda t\u00fcm T\u00fcrkiye&#8217;de ve hatta d\u00fcnyada kanaatimiz iyi ve pozitif y\u00f6nde olur&#8221;&nbsp;<\/strong>dedi ve vatanda\u015flar\u0131n da Mersin ile ilgili konularda daha hassas olmalar\u0131 gerekti\u011fini dile getirdi. Se\u00e7er, &#8220;<strong>Mersinimize sahip \u00e7\u0131kal\u0131m, Mersinimizi b\u00fcy\u00fctelim ve geli\u015ftirelim. Hepimiz mutlu ya\u015fayal\u0131m. T\u00fcm arzumuz o&#8221;&nbsp;<\/strong>dedi.<\/p>\n\n\n\n<p><strong>&#8220;Bayramlar\u0131 doya doya ya\u015fayal\u0131m&#8221;<\/strong><\/p>\n\n\n\n<p>19 May\u0131s Atat\u00fcrk&#8217;\u00fc Anma, Gen\u00e7lik ve Spor Bayram\u0131&#8217;na ili\u015fkin de konu\u015fan Se\u00e7er, B\u00fcy\u00fck\u015fehir taraf\u0131ndan 18 May\u0131s ak\u015fam\u0131 \u00d6zgecan Aslan Bar\u0131\u015f Meydan\u0131&#8217;nda saat 21.00&#8217;da ger\u00e7ekle\u015ftirilecek Simge konserine t\u00fcm Mersinlileri davet etti. Se\u00e7er,&nbsp;<strong>&#8220;Bug\u00fcn futbol ma\u00e7lar\u0131ndan \u00e7\u0131kacak sonu\u00e7 da T\u00fcrkiye S\u00fcper Ligi&#8217;nde \u015fampiyonu belirleyecek ve a\u015fa\u011f\u0131-yukar\u0131 o saatlere denk gelecek. Bug\u00fcn Mersin bir hayli hareketli olacak. Biz de tabi ki Mersin B\u00fcy\u00fck\u015fehir Belediyesi olarak ekiplerimizle birlikte her zaman oldu\u011fu gibi bu tip yo\u011fun g\u00fcnlere bug\u00fcn de haz\u0131r\u0131z&#8221;&nbsp;<\/strong>dedi. 19 May\u0131s dolay\u0131s\u0131yla d\u00fczenlenecek olan resmi t\u00f6renlere kat\u0131laca\u011f\u0131n\u0131 da kaydeden Se\u00e7er,&nbsp;<strong>&#8220;Ben de halk\u0131m\u0131z da orada olaca\u011f\u0131z. Bayramlar\u0131 doya doya ya\u015fayal\u0131m&#8221;&nbsp;<\/strong>diye konu\u015ftu. Se\u00e7er ayr\u0131ca, yakla\u015fan Kurban Bayram\u0131 i\u00e7in de B\u00fcy\u00fck\u015fehir birimlerinin haz\u0131rl\u0131klar\u0131n\u0131 yapt\u0131klar\u0131ndan s\u00f6z ederek, huzurlu bir bayram dilekleri ile s\u00f6zlerini sonland\u0131rd\u0131.<\/p>\n","protected":false},"excerpt":{"rendered":"<p>Mersin B\u00fcy\u00fck\u015fehir Belediyesi taraf\u0131ndan,&nbsp;&#8216;Do\u011fan\u0131n \u0130\u00e7inde Tarihe Ko\u015f&#8217;&nbsp;slogan\u0131yla bu y\u0131l 4.&#8217;s\u00fc d\u00fczenlenen&nbsp;&#8216;Uluslararas\u0131 Kilikya Ultra Maratonu&#8217;&nbsp;start ald\u0131. Mersin B\u00fcy\u00fck\u015fehir Belediye Ba\u015fkan\u0131 Vahap Se\u00e7er de, 10K K\u0131zkalesi Parkuru&#8217;nun start\u0131n\u0131 verirken, sporculara ba\u015far\u0131 dileklerinde bulundu.&nbsp; Sporcular, Mersin&#8217;in tarihi ve do\u011fal g\u00fczellikleri aras\u0131nda ko\u015fma imkan\u0131 bulurken; sporun birle\u015ftirici g\u00fcc\u00fc, Mersin B\u00fcy\u00fck\u015fehir&#8217;in bir sportif faaliyeti ile daha g\u00f6zler \u00f6n\u00fcne serildi. Maratona [&hellip;]<\/p>\n","protected":false},"author":2,"featured_media":42711,"comment_status":"closed","ping_status":"closed","sticky":false,"template":"","format":"standard","meta":{"footnotes":""},"categories":[7,3,10],"tags":[],"class_list":["post-42710","post","type-post","status-publish","format-standard","has-post-thumbnail","hentry","category-dunya","category-manset","category-spor"],"views":1,"_links":{"self":[{"href":"https:\/\/mersinkadingazetesi.com\/index.php?rest_route=\/wp\/v2\/posts\/42710"}],"collection":[{"href":"https:\/\/mersinkadingazetesi.com\/index.php?rest_route=\/wp\/v2\/posts"}],"about":[{"href":"https:\/\/mersinkadingazetesi.com\/index.php?rest_route=\/wp\/v2\/types\/post"}],"author":[{"embeddable":true,"href":"https:\/\/mersinkadingazetesi.com\/index.php?rest_route=\/wp\/v2\/users\/2"}],"replies":[{"embeddable":true,"href":"https:\/\/mersinkadingazetesi.com\/index.php?rest_route=%2Fwp%2Fv2%2Fcomments&post=42710"}],"version-history":[{"count":1,"href":"https:\/\/mersinkadingazetesi.com\/index.php?rest_route=\/wp\/v2\/posts\/42710\/revisions"}],"predecessor-version":[{"id":42712,"href":"https:\/\/mersinkadingazetesi.com\/index.php?rest_route=\/wp\/v2\/posts\/42710\/revisions\/42712"}],"wp:featuredmedia":[{"embeddable":true,"href":"https:\/\/mersinkadingazetesi.com\/index.php?rest_route=\/wp\/v2\/media\/42711"}],"wp:attachment":[{"href":"https:\/\/mersinkadingazetesi.com\/index.php?rest_route=%2Fwp%2Fv2%2Fmedia&parent=42710"}],"wp:term":[{"taxonomy":"category","embeddable":true,"href":"https:\/\/mersinkadingazetesi.com\/index.php?rest_route=%2Fwp%2Fv2%2Fcategories&post=42710"},{"taxonomy":"post_tag","embeddable":true,"href":"https:\/\/mersinkadingazetesi.com\/index.php?rest_route=%2Fwp%2Fv2%2Ftags&post=42710"}],"curies":[{"name":"wp","href":"https:\/\/api.w.org\/{rel}","templated":true}]}}